{"id":458,"count":1,"description":"","link":"https:\/\/www.lesjardinsdelaroussiere.fr\/?tag=ete-covid-ag-assemblee-generale","name":"\u00e9t\u00e9; covid; AG; assembl\u00e9e g\u00e9n\u00e9rale","slug":"ete-covid-ag-assemblee-generale","taxonomy":"post_tag","meta":[],"_links":{"self":[{"href":"https:\/\/www.lesjardinsdelaroussiere.fr\/index.php?rest_route=\/wp\/v2\/tags\/458"}],"collection":[{"href":"https:\/\/www.lesjardinsdelaroussiere.fr\/index.php?rest_route=\/wp\/v2\/tags"}],"about":[{"href":"https:\/\/www.lesjardinsdelaroussiere.fr\/index.php?rest_route=\/wp\/v2\/taxonomies\/post_tag"}],"wp:post_type":[{"href":"https:\/\/www.lesjardinsdelaroussiere.fr\/index.php?rest_route=%2Fwp%2Fv2%2Fposts&tags=458"}],"curies":[{"name":"wp","href":"https:\/\/api.w.org\/{rel}","templated":true}]}}