{"id":99,"date":"2011-01-10T11:29:40","date_gmt":"2011-01-10T09:29:40","guid":{"rendered":"http:\/\/localhost\/wordpress\/?p=99"},"modified":"2011-11-05T09:31:54","modified_gmt":"2011-11-05T08:31:54","slug":"asemblee-generale-du-19-janvier","status":"publish","type":"post","link":"https:\/\/www.lesjardinsdelaroussiere.fr\/?p=99","title":{"rendered":"Assembl\u00e9e G\u00e9n\u00e9rale du 19 Janvier"},"content":{"rendered":"<p>L&rsquo;assemble g\u00e9n\u00e9rale de l&rsquo;A.M.A.P <strong>les Jardins de la Roussi\u00e8re<\/strong> est pr\u00e9vue<br \/>\nle <strong>19 janvier prochain 20h30 salle de la maison du parc \u00e0 Montreuil-Juign\u00e9<\/strong>.<\/p>\n<p style=\"text-align: center;\">\u00a0<\/p>\n<p style=\"text-align: justify;\"><a href=\"http:\/\/lesjardinsdelaroussiere.fr\/wp-content\/uploads\/2011\/11\/01012011_Assemblee_generale.jpg\"><img decoding=\"async\" loading=\"lazy\" class=\"aligncenter size-medium wp-image-344\" title=\"Assembl\u00e9e G\u00e9n\u00e9rale\" src=\"http:\/\/lesjardinsdelaroussiere.fr\/wp-content\/uploads\/2011\/11\/01012011_Assemblee_generale-300x157.jpg\" alt=\"\" width=\"300\" height=\"157\" srcset=\"http:\/\/lesjardinsdelaroussiere.fr\/wp-content\/uploads\/2011\/11\/01012011_Assemblee_generale-300x157.jpg 300w, http:\/\/lesjardinsdelaroussiere.fr\/wp-content\/uploads\/2011\/11\/01012011_Assemblee_generale.jpg 500w\" sizes=\"(max-width: 300px) 100vw, 300px\" \/><\/a>Ce sera l&rsquo;occasion de faire le bilan de plus de 6 mois de distribution du point de vue des adh\u00e9rents mais aussi des producteurs.<\/p>\n<p>Venez nombreux afin de poser questions et remarques, faire des propositions, et \u00e9changer sur le fonctionement actuel et l&rsquo;\u00e9volution de l&rsquo;A.M.A.P.<\/p>\n","protected":false},"excerpt":{"rendered":"<p>L&rsquo;assemble g\u00e9n\u00e9rale de l&rsquo;A.M.A.P les Jardins de la Roussi\u00e8re est pr\u00e9vue le 19 janvier prochain 20h30 salle de la maison du parc \u00e0 Montreuil-Juign\u00e9. \u00a0 Ce sera l&rsquo;occasion de faire le bilan de plus de 6 mois de distribution du &hellip; <a href=\"https:\/\/www.lesjardinsdelaroussiere.fr\/?p=99\">Continuer la lecture <span class=\"meta-nav\">&rarr;<\/span><\/a><\/p>\n","protected":false},"author":1,"featured_media":0,"comment_status":"open","ping_status":"open","sticky":false,"template":"","format":"standard","meta":[],"categories":[3],"tags":[15],"views":1901,"_links":{"self":[{"href":"https:\/\/www.lesjardinsdelaroussiere.fr\/index.php?rest_route=\/wp\/v2\/posts\/99"}],"collection":[{"href":"https:\/\/www.lesjardinsdelaroussiere.fr\/index.php?rest_route=\/wp\/v2\/posts"}],"about":[{"href":"https:\/\/www.lesjardinsdelaroussiere.fr\/index.php?rest_route=\/wp\/v2\/types\/post"}],"author":[{"embeddable":true,"href":"https:\/\/www.lesjardinsdelaroussiere.fr\/index.php?rest_route=\/wp\/v2\/users\/1"}],"replies":[{"embeddable":true,"href":"https:\/\/www.lesjardinsdelaroussiere.fr\/index.php?rest_route=%2Fwp%2Fv2%2Fcomments&post=99"}],"version-history":[{"count":3,"href":"https:\/\/www.lesjardinsdelaroussiere.fr\/index.php?rest_route=\/wp\/v2\/posts\/99\/revisions"}],"predecessor-version":[{"id":347,"href":"https:\/\/www.lesjardinsdelaroussiere.fr\/index.php?rest_route=\/wp\/v2\/posts\/99\/revisions\/347"}],"wp:attachment":[{"href":"https:\/\/www.lesjardinsdelaroussiere.fr\/index.php?rest_route=%2Fwp%2Fv2%2Fmedia&parent=99"}],"wp:term":[{"taxonomy":"category","embeddable":true,"href":"https:\/\/www.lesjardinsdelaroussiere.fr\/index.php?rest_route=%2Fwp%2Fv2%2Fcategories&post=99"},{"taxonomy":"post_tag","embeddable":true,"href":"https:\/\/www.lesjardinsdelaroussiere.fr\/index.php?rest_route=%2Fwp%2Fv2%2Ftags&post=99"}],"curies":[{"name":"wp","href":"https:\/\/api.w.org\/{rel}","templated":true}]}}