{"id":988,"date":"2013-01-07T15:53:19","date_gmt":"2013-01-07T14:53:19","guid":{"rendered":"http:\/\/www.lesjardinsdelaroussiere.fr\/?p=988"},"modified":"2013-01-20T16:02:16","modified_gmt":"2013-01-20T15:02:16","slug":"assemblee-generale-de-lamap-22-janvier-2013","status":"publish","type":"post","link":"https:\/\/www.lesjardinsdelaroussiere.fr\/?p=988","title":{"rendered":"Assembl\u00e9e G\u00e9n\u00e9rale de l&rsquo;AMAP: 22 Janvier 2013"},"content":{"rendered":"<p style=\"text-align: justify;\"><span style=\"color: #000000;\">Le <span style=\"background-color: #ffff00;\">mardi 22 janvier a 20h30<\/span>, salle de la maison du parc \u00e0 Montreuil-Juign\u00e9, l&rsquo;AMAP organise son <strong>A<\/strong>ssembl\u00e9e <strong>G<\/strong>\u00e9n\u00e9rale annuelle.<\/span><\/p>\n<p style=\"text-align: justify;\"><span style=\"color: #000000;\">Un bilan de l&rsquo;ann\u00e9e 2012, les perspectives 2013 et l&rsquo;\u00e9lection du bureau seront les \u00e9l\u00e9ments incontournables et statutaires de cette r\u00e9union. <br \/>Il s&rsquo;en suivra un d\u00e9bat qui sera anim\u00e9 par l&rsquo;association \u201c<strong><a href=\"http:\/\/virageenergieclimatpdl.org\/\" target=\"_blank\">Virage-Energie-Climat<\/a><\/strong>\u201d des Pays de la Loire.<\/span><\/p>\n<p style=\"text-align: justify;\"><span style=\"color: #000000;\">Cette association, n\u00e9e de plusieurs structures associatives r\u00e9gionales, regroupe des experts en \u00e9nergie, agriculture, et des citoyens pr\u00e9occup\u00e9s par l&rsquo;avenir climatique de notre r\u00e9gion. <br \/>Son projet est d&rsquo;\u00e9tablir un sc\u00e9nario et de le\u00a0diffuser aux citoyens et collectivit\u00e9s. <br \/>Ses travaux s&rsquo;appuient sur des recherches d&rsquo;\u00e9conomies d&rsquo;\u00e9nergies, des \u00e9tudes sur le potentiel d&rsquo;\u00e9nergies renouvelables de la r\u00e9gion &#8230;<\/span><\/p>\n<p><span style=\"color: #000000;\">De toute \u00e9vidence, un sujet d&rsquo;actualit\u00e9 sur lequel nous avons tous encore \u00e0 apprendre. <\/span><\/p>\n<p><span style=\"color: #000000;\">Alors, <strong>n&rsquo;h\u00e9sitez pas \u00e0 y inviter amis et voisins qui ne seraient pas adh\u00e9rents de l&rsquo;AMAP.<\/strong><\/span><\/p>\n<p>\u00a0\u00a0\u00a0\u00a0\u00a0\u00a0\u00a0\u00a0\u00a0\u00a0\u00a0\u00a0\u00a0\u00a0\u00a0\u00a0\u00a0\u00a0\u00a0\u00a0\u00a0\u00a0\u00a0\u00a0\u00a0\u00a0\u00a0\u00a0\u00a0\u00a0\u00a0\u00a0\u00a0\u00a0\u00a0\u00a0\u00a0\u00a0\u00a0\u00a0\u00a0\u00a0\u00a0\u00a0\u00a0\u00a0\u00a0\u00a0\u00a0\u00a0\u00a0\u00a0\u00a0\u00a0\u00a0 <img decoding=\"async\" alt=\"Accueil\" src=\"http:\/\/www.virageenergieclimatpdl.org\/sites\/default\/files\/LogoVECsmall.jpg\" \/><\/p>\n","protected":false},"excerpt":{"rendered":"<p>Le mardi 22 janvier a 20h30, salle de la maison du parc \u00e0 Montreuil-Juign\u00e9, l&rsquo;AMAP organise son Assembl\u00e9e G\u00e9n\u00e9rale annuelle. Un bilan de l&rsquo;ann\u00e9e 2012, les perspectives 2013 et l&rsquo;\u00e9lection du bureau seront les \u00e9l\u00e9ments incontournables et statutaires de cette &hellip; <a href=\"https:\/\/www.lesjardinsdelaroussiere.fr\/?p=988\">Continuer la lecture <span class=\"meta-nav\">&rarr;<\/span><\/a><\/p>\n","protected":false},"author":3,"featured_media":0,"comment_status":"closed","ping_status":"open","sticky":false,"template":"","format":"standard","meta":[],"categories":[3],"tags":[159,160,165,164,167,163,166,161,162],"views":1955,"_links":{"self":[{"href":"https:\/\/www.lesjardinsdelaroussiere.fr\/index.php?rest_route=\/wp\/v2\/posts\/988"}],"collection":[{"href":"https:\/\/www.lesjardinsdelaroussiere.fr\/index.php?rest_route=\/wp\/v2\/posts"}],"about":[{"href":"https:\/\/www.lesjardinsdelaroussiere.fr\/index.php?rest_route=\/wp\/v2\/types\/post"}],"author":[{"embeddable":true,"href":"https:\/\/www.lesjardinsdelaroussiere.fr\/index.php?rest_route=\/wp\/v2\/users\/3"}],"replies":[{"embeddable":true,"href":"https:\/\/www.lesjardinsdelaroussiere.fr\/index.php?rest_route=%2Fwp%2Fv2%2Fcomments&post=988"}],"version-history":[{"count":20,"href":"https:\/\/www.lesjardinsdelaroussiere.fr\/index.php?rest_route=\/wp\/v2\/posts\/988\/revisions"}],"predecessor-version":[{"id":1112,"href":"https:\/\/www.lesjardinsdelaroussiere.fr\/index.php?rest_route=\/wp\/v2\/posts\/988\/revisions\/1112"}],"wp:attachment":[{"href":"https:\/\/www.lesjardinsdelaroussiere.fr\/index.php?rest_route=%2Fwp%2Fv2%2Fmedia&parent=988"}],"wp:term":[{"taxonomy":"category","embeddable":true,"href":"https:\/\/www.lesjardinsdelaroussiere.fr\/index.php?rest_route=%2Fwp%2Fv2%2Fcategories&post=988"},{"taxonomy":"post_tag","embeddable":true,"href":"https:\/\/www.lesjardinsdelaroussiere.fr\/index.php?rest_route=%2Fwp%2Fv2%2Ftags&post=988"}],"curies":[{"name":"wp","href":"https:\/\/api.w.org\/{rel}","templated":true}]}}