{"id":9451,"date":"2025-08-31T19:02:39","date_gmt":"2025-08-31T17:02:39","guid":{"rendered":"https:\/\/www.lesjardinsdelaroussiere.fr\/?p=9451"},"modified":"2026-01-18T10:58:21","modified_gmt":"2026-01-18T09:58:21","slug":"lamap-fete-ses-15-ans-venez-nombreux-ouvert-a-tous","status":"publish","type":"post","link":"https:\/\/www.lesjardinsdelaroussiere.fr\/?p=9451","title":{"rendered":"L&rsquo;amap f\u00eate ses 15 ans Venez nombreux -Ouvert \u00e0 Tous"},"content":{"rendered":"<p><a href=\"http:\/\/lesjardinsdelaroussiere.fr\/wp-content\/uploads\/2025\/08\/fete-amap-montreuil-juigne-20-septembre-2025-3-scaled.jpg\"><img decoding=\"async\" loading=\"lazy\" class=\"aligncenter size-thumbnail wp-image-9452\" src=\"http:\/\/lesjardinsdelaroussiere.fr\/wp-content\/uploads\/2025\/08\/fete-amap-montreuil-juigne-20-septembre-2025-3-150x150.jpg\" alt=\"\" width=\"150\" height=\"150\" \/>15 ans d\u00e9j\u00e0 que l&rsquo;amap travaille semaine apr\u00e8s semaine \u00e0 rapprocher producteurs locaux et consommateurs pour promouvoir l&rsquo;agriculture paysage locale et la consommation durable <\/a><\/p>\n<p>Nous avons d\u00e9cid\u00e9 d&rsquo;organiser une grande f\u00eate pour c\u00e9l\u00e9brer cette belle aventure humaine en toute convivialit\u00e9<\/p>\n<p><strong>A programme :<\/strong><\/p>\n<p>A partir de 18 h<\/p>\n<ul>\n<li>Stands associatifs : Happy Transition et LPO\u00a0 et atelier enfants sur la transition \u00e9cologique anim\u00e9 par la FATA (Fabrique \u00e0 Transition Avrill\u00e9)<\/li>\n<li>Un stand de la librairie Les mots de la faim qui pr\u00e9sentera un s\u00e9lection de livres<\/li>\n<\/ul>\n<p>Restauration paysanne bio et locale \u00e0 partir des produits de l&rsquo;amap, sous forme de planches ap\u00e9ros \u00e0 composer<\/p>\n<p>Bar avec une proposition de produits locaux et bios : Bi\u00e8re de la Belle de Maine, vin du Domaine de Rochambeau, Jus de pomme des vergers de la Courti\u00e8re,&#8230;.<\/p>\n<p>A partir de 19h<\/p>\n<p>D\u00e9bat et prises de parole entre amapiens et les producteurs : Produire en bio et en amap change les pratiques, c&rsquo;est le moment d&rsquo;en \u00e9changer.<\/p>\n<p>A partir de 20h30<\/p>\n<p>Concert\/bal avec Ogourki Orchestra musique festive des Balkans<\/p>\n<p>C&rsquo;est ouvert \u00e0 tous et l&rsquo;entr\u00e9e est gratuite<\/p>\n<p>Venez nombreux<\/p>\n","protected":false},"excerpt":{"rendered":"<p>15 ans d\u00e9j\u00e0 que l&rsquo;amap travaille semaine apr\u00e8s semaine \u00e0 rapprocher producteurs locaux et consommateurs pour promouvoir l&rsquo;agriculture paysage locale et la consommation durable Nous avons d\u00e9cid\u00e9 d&rsquo;organiser une grande f\u00eate pour c\u00e9l\u00e9brer cette belle aventure humaine en toute convivialit\u00e9 &hellip; <a href=\"https:\/\/www.lesjardinsdelaroussiere.fr\/?p=9451\">Continuer la lecture <span class=\"meta-nav\">&rarr;<\/span><\/a><\/p>\n","protected":false},"author":3,"featured_media":0,"comment_status":"closed","ping_status":"closed","sticky":false,"template":"","format":"standard","meta":[],"categories":[4,5],"tags":[],"views":4273,"_links":{"self":[{"href":"https:\/\/www.lesjardinsdelaroussiere.fr\/index.php?rest_route=\/wp\/v2\/posts\/9451"}],"collection":[{"href":"https:\/\/www.lesjardinsdelaroussiere.fr\/index.php?rest_route=\/wp\/v2\/posts"}],"about":[{"href":"https:\/\/www.lesjardinsdelaroussiere.fr\/index.php?rest_route=\/wp\/v2\/types\/post"}],"author":[{"embeddable":true,"href":"https:\/\/www.lesjardinsdelaroussiere.fr\/index.php?rest_route=\/wp\/v2\/users\/3"}],"replies":[{"embeddable":true,"href":"https:\/\/www.lesjardinsdelaroussiere.fr\/index.php?rest_route=%2Fwp%2Fv2%2Fcomments&post=9451"}],"version-history":[{"count":3,"href":"https:\/\/www.lesjardinsdelaroussiere.fr\/index.php?rest_route=\/wp\/v2\/posts\/9451\/revisions"}],"predecessor-version":[{"id":9457,"href":"https:\/\/www.lesjardinsdelaroussiere.fr\/index.php?rest_route=\/wp\/v2\/posts\/9451\/revisions\/9457"}],"wp:attachment":[{"href":"https:\/\/www.lesjardinsdelaroussiere.fr\/index.php?rest_route=%2Fwp%2Fv2%2Fmedia&parent=9451"}],"wp:term":[{"taxonomy":"category","embeddable":true,"href":"https:\/\/www.lesjardinsdelaroussiere.fr\/index.php?rest_route=%2Fwp%2Fv2%2Fcategories&post=9451"},{"taxonomy":"post_tag","embeddable":true,"href":"https:\/\/www.lesjardinsdelaroussiere.fr\/index.php?rest_route=%2Fwp%2Fv2%2Ftags&post=9451"}],"curies":[{"name":"wp","href":"https:\/\/api.w.org\/{rel}","templated":true}]}}