{"id":943,"date":"2012-11-18T18:41:55","date_gmt":"2012-11-18T17:41:55","guid":{"rendered":"http:\/\/www.lesjardinsdelaroussiere.fr\/?p=943"},"modified":"2013-01-19T11:36:59","modified_gmt":"2013-01-19T10:36:59","slug":"notre-dame-des-landes","status":"publish","type":"post","link":"https:\/\/www.lesjardinsdelaroussiere.fr\/?p=943","title":{"rendered":"Notre Dame des Landes"},"content":{"rendered":"<p><a href=\"http:\/\/lesjardinsdelaroussiere.fr\/wp-content\/uploads\/2012\/11\/NDDL-011-bis.jpg\"><img decoding=\"async\" loading=\"lazy\" class=\"aligncenter\" alt=\"\" src=\"http:\/\/lesjardinsdelaroussiere.fr\/wp-content\/uploads\/2012\/11\/NDDL-011-bis-150x150.jpg\" width=\"112\" height=\"108\" \/><\/a><\/p>\n<p style=\"text-align: justify;\">Le bureau de l&rsquo;AMAP\u00a0a d\u00e9cid\u00e9 de participer au comit\u00e9 de soutien cr\u00e9\u00e9 pour s&rsquo;opposer au projet d&rsquo;a\u00e9roport de Notre Dame des Landes (pr\u00e8s de Nantes).<\/p>\n<p><strong><span style=\"text-decoration: underline;\">Pourquoi ???<\/span>\u00a0\u00a0<\/strong><\/p>\n<p>Parce que :<strong>\u00a0 <\/strong><\/p>\n<ul>\n<li style=\"text-align: justify;\">c&rsquo;est un <strong><span style=\"color: #ff0000; text-decoration: underline;\">projet d\u00e9structurant <\/span><\/strong>pour l&rsquo;environnement. <br \/>Pr\u00e8s de 2000 hectares de terrains b\u00e9tonn\u00e9s ou goudronn\u00e9s, des centaines d&#8217;emplois agricoles d\u00e9truits, or, justement, nous agissons pour la <strong>M<\/strong>aintien d&rsquo;une <strong>A<\/strong>griculture <strong>P<\/strong>aysanne.<\/li>\n<li>un projet <strong><span style=\"text-decoration: underline;\"><span style=\"color: #ff0000; text-decoration: underline;\">tr\u00e8s co\u00fbteux<\/span><\/span><\/strong>: plus de 550 millions d&rsquo;euros !!! (annonc\u00e9 &#8230;)<\/li>\n<li>\n<div style=\"text-align: justify;\">un projet <span style=\"color: #ff0000; text-decoration: underline;\"><strong>d&rsquo;une autre \u00e9poque<\/strong> <\/span>qui aurait des retomb\u00e9es n\u00e9fastes sur les petits a\u00e9roports de la r\u00e9gion, dont Angers-Marc\u00e9.<\/div>\n<\/li>\n<li>\n<div style=\"text-align: justify;\"><span style=\"color: #ff0000; text-decoration: underline;\"><strong>un projet alternatif<\/strong> <\/span>permettant un r\u00e9am\u00e9nagement de l&rsquo;actuel a\u00e9roport existe et est soutenu par des professionnels de l&rsquo;a\u00e9ronautique.<\/div>\n<\/li>\n<\/ul>\n<p style=\"text-align: justify;\"><strong><span style=\"text-decoration: underline;\">Samedi 17 Novembre<\/span><\/strong>: nous \u00e9tions 5 membres du bureau de l&rsquo;AMAP \u00e0 se rendre \u00e0 Notre Dame des Landes et \u00e0 participer \u00e0 la manifestation de r\u00e9occupation de l&rsquo;espace.\u00a0<\/p>\n<p><a href=\"http:\/\/lesjardinsdelaroussiere.fr\/wp-content\/uploads\/2012\/11\/NDDL-043.jpg\"><img decoding=\"async\" loading=\"lazy\" class=\"alignnone  wp-image-946\" alt=\"\" src=\"http:\/\/lesjardinsdelaroussiere.fr\/wp-content\/uploads\/2012\/11\/NDDL-043-150x150.jpg\" width=\"140\" height=\"139\" \/>\u00a0\u00a0\u00a0<\/a><a href=\"http:\/\/lesjardinsdelaroussiere.fr\/wp-content\/uploads\/2012\/11\/NDDL-046.jpg\"><img decoding=\"async\" loading=\"lazy\" alt=\"\" src=\"http:\/\/lesjardinsdelaroussiere.fr\/wp-content\/uploads\/2012\/11\/NDDL-046-150x150.jpg\" width=\"157\" height=\"168\" \/><\/a>\u00a0 <a href=\"http:\/\/lesjardinsdelaroussiere.fr\/wp-content\/uploads\/2012\/11\/NDDL-0071.jpg\"><img decoding=\"async\" loading=\"lazy\" class=\"alignnone size-thumbnail wp-image-955\" alt=\"\" src=\"http:\/\/lesjardinsdelaroussiere.fr\/wp-content\/uploads\/2012\/11\/NDDL-0071-150x150.jpg\" width=\"150\" height=\"150\" \/><\/a><\/p>\n<p>\u00a0<a href=\"http:\/\/lesjardinsdelaroussiere.fr\/wp-content\/uploads\/2012\/11\/NDDL-026.jpg\"><img decoding=\"async\" loading=\"lazy\" class=\"alignnone size-thumbnail wp-image-947\" alt=\"\" src=\"http:\/\/lesjardinsdelaroussiere.fr\/wp-content\/uploads\/2012\/11\/NDDL-026-150x150.jpg\" width=\"150\" height=\"150\" \/><\/a>\u00a0\u00a0 \u00a0 <a href=\"http:\/\/lesjardinsdelaroussiere.fr\/wp-content\/uploads\/2012\/11\/NDDL-032.jpg\"><img decoding=\"async\" loading=\"lazy\" class=\"alignnone size-thumbnail wp-image-949\" alt=\"\" src=\"http:\/\/lesjardinsdelaroussiere.fr\/wp-content\/uploads\/2012\/11\/NDDL-032-150x150.jpg\" width=\"150\" height=\"150\" \/><\/a>\u00a0 <img decoding=\"async\" loading=\"lazy\" alt=\"\" src=\"http:\/\/lesjardinsdelaroussiere.fr\/wp-content\/uploads\/2012\/11\/NDDL-018-150x150.jpg\" width=\"156\" height=\"155\" \/><\/p>\n<p style=\"text-align: justify;\"><span style=\"text-decoration: underline;\"><em>Construction de maisons en bois, sanitaires pour soutenir les occupants du site et en r\u00e9action aux maisons d\u00e9truites par les CRS !!!<\/em><\/span><\/p>\n<p><a href=\"http:\/\/lesjardinsdelaroussiere.fr\/wp-content\/uploads\/2012\/11\/NDDL-036.jpg\"><img decoding=\"async\" loading=\"lazy\" class=\"alignnone size-thumbnail wp-image-950\" alt=\"\" src=\"http:\/\/lesjardinsdelaroussiere.fr\/wp-content\/uploads\/2012\/11\/NDDL-036-150x150.jpg\" width=\"150\" height=\"150\" \/><\/a>\u00a0 <a href=\"http:\/\/lesjardinsdelaroussiere.fr\/wp-content\/uploads\/2012\/11\/NDDL-035.jpg\"><img decoding=\"async\" loading=\"lazy\" class=\"alignnone size-thumbnail wp-image-951\" alt=\"\" src=\"http:\/\/lesjardinsdelaroussiere.fr\/wp-content\/uploads\/2012\/11\/NDDL-035-150x150.jpg\" width=\"150\" height=\"150\" \/><\/a>\u00a0 <a href=\"http:\/\/lesjardinsdelaroussiere.fr\/wp-content\/uploads\/2012\/11\/NDDL-042.jpg\"><img decoding=\"async\" loading=\"lazy\" class=\"alignnone size-thumbnail wp-image-952\" alt=\"\" src=\"http:\/\/lesjardinsdelaroussiere.fr\/wp-content\/uploads\/2012\/11\/NDDL-042-150x150.jpg\" width=\"150\" height=\"150\" \/><\/a><\/p>\n<p>Une manifestation tr\u00e8s r\u00e9ussie (pr\u00e8s de 40 000 personnes) qui en appellera certainement d&rsquo;autres ainsi que d&rsquo;autres initiatives &#8230;<\/p>\n<p>&nbsp;<\/p>\n","protected":false},"excerpt":{"rendered":"<p>Le bureau de l&rsquo;AMAP\u00a0a d\u00e9cid\u00e9 de participer au comit\u00e9 de soutien cr\u00e9\u00e9 pour s&rsquo;opposer au projet d&rsquo;a\u00e9roport de Notre Dame des Landes (pr\u00e8s de Nantes). Pourquoi ???\u00a0\u00a0 Parce que :\u00a0 c&rsquo;est un projet d\u00e9structurant pour l&rsquo;environnement. Pr\u00e8s de 2000 hectares &hellip; <a href=\"https:\/\/www.lesjardinsdelaroussiere.fr\/?p=943\">Continuer la lecture <span class=\"meta-nav\">&rarr;<\/span><\/a><\/p>\n","protected":false},"author":3,"featured_media":0,"comment_status":"open","ping_status":"open","sticky":false,"template":"","format":"standard","meta":[],"categories":[6],"tags":[179,178,173,166,174,177,175,172,176],"views":2353,"_links":{"self":[{"href":"https:\/\/www.lesjardinsdelaroussiere.fr\/index.php?rest_route=\/wp\/v2\/posts\/943"}],"collection":[{"href":"https:\/\/www.lesjardinsdelaroussiere.fr\/index.php?rest_route=\/wp\/v2\/posts"}],"about":[{"href":"https:\/\/www.lesjardinsdelaroussiere.fr\/index.php?rest_route=\/wp\/v2\/types\/post"}],"author":[{"embeddable":true,"href":"https:\/\/www.lesjardinsdelaroussiere.fr\/index.php?rest_route=\/wp\/v2\/users\/3"}],"replies":[{"embeddable":true,"href":"https:\/\/www.lesjardinsdelaroussiere.fr\/index.php?rest_route=%2Fwp%2Fv2%2Fcomments&post=943"}],"version-history":[{"count":11,"href":"https:\/\/www.lesjardinsdelaroussiere.fr\/index.php?rest_route=\/wp\/v2\/posts\/943\/revisions"}],"predecessor-version":[{"id":1015,"href":"https:\/\/www.lesjardinsdelaroussiere.fr\/index.php?rest_route=\/wp\/v2\/posts\/943\/revisions\/1015"}],"wp:attachment":[{"href":"https:\/\/www.lesjardinsdelaroussiere.fr\/index.php?rest_route=%2Fwp%2Fv2%2Fmedia&parent=943"}],"wp:term":[{"taxonomy":"category","embeddable":true,"href":"https:\/\/www.lesjardinsdelaroussiere.fr\/index.php?rest_route=%2Fwp%2Fv2%2Fcategories&post=943"},{"taxonomy":"post_tag","embeddable":true,"href":"https:\/\/www.lesjardinsdelaroussiere.fr\/index.php?rest_route=%2Fwp%2Fv2%2Ftags&post=943"}],"curies":[{"name":"wp","href":"https:\/\/api.w.org\/{rel}","templated":true}]}}