{"id":9404,"date":"2025-04-23T20:49:01","date_gmt":"2025-04-23T18:49:01","guid":{"rendered":"https:\/\/www.lesjardinsdelaroussiere.fr\/?p=9404"},"modified":"2025-05-20T17:00:30","modified_gmt":"2025-05-20T15:00:30","slug":"lamap-a-la-fete-de-la-vie-associative-de-montreuil-juigne","status":"publish","type":"post","link":"https:\/\/www.lesjardinsdelaroussiere.fr\/?p=9404","title":{"rendered":"L&rsquo;AMAP \u00e0 la f\u00eate de la vie associative de Montreuil-Juign\u00e9"},"content":{"rendered":"<p><strong>Samedi 24 mai 2025, retrouvez l&rsquo;AMAP de Montreuil-Juign\u00e9 \u00e0 la f\u00eate de la vie associative !\u00a0<\/strong><\/p>\n<p>Nous partagerons notre stand avec l&rsquo;association montreuillaise <strong>Happy Transition<\/strong> en faveur de la transition \u00e9cologique (anciennement d\u00e9nomm\u00e9e \u00ab\u00a0Z\u00e9ro D\u00e9chet\u00a0\u00bb).<\/p>\n<p>C&rsquo;est l&rsquo;occasion d&rsquo;en savoir plus sur l&rsquo;Amap ! On vous attend !<\/p>\n<p><a href=\"http:\/\/lesjardinsdelaroussiere.fr\/wp-content\/uploads\/2025\/04\/fete-vie-associative-montreuil-juigne-png-1.png\"><img decoding=\"async\" loading=\"lazy\" class=\"aligncenter size-medium wp-image-9418\" src=\"http:\/\/lesjardinsdelaroussiere.fr\/wp-content\/uploads\/2025\/04\/fete-vie-associative-montreuil-juigne-png-1-252x300.png\" alt=\"\" width=\"252\" height=\"300\" srcset=\"http:\/\/lesjardinsdelaroussiere.fr\/wp-content\/uploads\/2025\/04\/fete-vie-associative-montreuil-juigne-png-1-252x300.png 252w, http:\/\/lesjardinsdelaroussiere.fr\/wp-content\/uploads\/2025\/04\/fete-vie-associative-montreuil-juigne-png-1.png 447w\" sizes=\"(max-width: 252px) 100vw, 252px\" \/><\/a><\/p>\n<p>&nbsp;<\/p>\n<p>&nbsp;<\/p>\n<p>&nbsp;<\/p>\n<p>&nbsp;<\/p>\n","protected":false},"excerpt":{"rendered":"<p>Samedi 24 mai 2025, retrouvez l&rsquo;AMAP de Montreuil-Juign\u00e9 \u00e0 la f\u00eate de la vie associative !\u00a0 Nous partagerons notre stand avec l&rsquo;association montreuillaise Happy Transition en faveur de la transition \u00e9cologique (anciennement d\u00e9nomm\u00e9e \u00ab\u00a0Z\u00e9ro D\u00e9chet\u00a0\u00bb). C&rsquo;est l&rsquo;occasion d&rsquo;en savoir plus &hellip; <a href=\"https:\/\/www.lesjardinsdelaroussiere.fr\/?p=9404\">Continuer la lecture <span class=\"meta-nav\">&rarr;<\/span><\/a><\/p>\n","protected":false},"author":1,"featured_media":9403,"comment_status":"closed","ping_status":"open","sticky":false,"template":"","format":"standard","meta":[],"categories":[5],"tags":[],"views":703,"_links":{"self":[{"href":"https:\/\/www.lesjardinsdelaroussiere.fr\/index.php?rest_route=\/wp\/v2\/posts\/9404"}],"collection":[{"href":"https:\/\/www.lesjardinsdelaroussiere.fr\/index.php?rest_route=\/wp\/v2\/posts"}],"about":[{"href":"https:\/\/www.lesjardinsdelaroussiere.fr\/index.php?rest_route=\/wp\/v2\/types\/post"}],"author":[{"embeddable":true,"href":"https:\/\/www.lesjardinsdelaroussiere.fr\/index.php?rest_route=\/wp\/v2\/users\/1"}],"replies":[{"embeddable":true,"href":"https:\/\/www.lesjardinsdelaroussiere.fr\/index.php?rest_route=%2Fwp%2Fv2%2Fcomments&post=9404"}],"version-history":[{"count":7,"href":"https:\/\/www.lesjardinsdelaroussiere.fr\/index.php?rest_route=\/wp\/v2\/posts\/9404\/revisions"}],"predecessor-version":[{"id":9428,"href":"https:\/\/www.lesjardinsdelaroussiere.fr\/index.php?rest_route=\/wp\/v2\/posts\/9404\/revisions\/9428"}],"wp:featuredmedia":[{"embeddable":true,"href":"https:\/\/www.lesjardinsdelaroussiere.fr\/index.php?rest_route=\/wp\/v2\/media\/9403"}],"wp:attachment":[{"href":"https:\/\/www.lesjardinsdelaroussiere.fr\/index.php?rest_route=%2Fwp%2Fv2%2Fmedia&parent=9404"}],"wp:term":[{"taxonomy":"category","embeddable":true,"href":"https:\/\/www.lesjardinsdelaroussiere.fr\/index.php?rest_route=%2Fwp%2Fv2%2Fcategories&post=9404"},{"taxonomy":"post_tag","embeddable":true,"href":"https:\/\/www.lesjardinsdelaroussiere.fr\/index.php?rest_route=%2Fwp%2Fv2%2Ftags&post=9404"}],"curies":[{"name":"wp","href":"https:\/\/api.w.org\/{rel}","templated":true}]}}