{"id":9298,"date":"2024-04-26T17:48:48","date_gmt":"2024-04-26T15:48:48","guid":{"rendered":"https:\/\/www.lesjardinsdelaroussiere.fr\/?p=9298"},"modified":"2024-04-26T18:00:44","modified_gmt":"2024-04-26T16:00:44","slug":"cest-le-printemps-rejoignez-lamap","status":"publish","type":"post","link":"https:\/\/www.lesjardinsdelaroussiere.fr\/?p=9298","title":{"rendered":"C&rsquo;est le printemps, rejoignez l&rsquo;AMAP !"},"content":{"rendered":"<p><strong>C&rsquo;est le printemps\u00a0 !<\/strong><\/p>\n<p>C&rsquo;est le moment de rejoindre l&rsquo;Amap de Montreuil-Juign\u00e9 !<\/p>\n<p>Pour :<\/p>\n<ul>\n<li>consommer de bons produits bio, cultiv\u00e9s tout pr\u00e8s de Montreuil-Juign\u00e9 (Grez-Neuville, la Membrolle sur Longuen\u00e9e, Beaucouz\u00e9, &#8230;)<\/li>\n<li>\u00e0 un tarif tr\u00e8s raisonnable car vous achetez directement aux producteurs<\/li>\n<li>soutenir de jeunes agriculteurs en s&rsquo;engageant aupr\u00e8s d&rsquo;eux et ainsi s\u00e9curiser leurs revenus,<\/li>\n<li>avoir un temps de convivialit\u00e9 chaque jeudi, et redonner du sens \u00e0 notre consommation.<\/li>\n<\/ul>\n<p>L\u00e9gumes, pain, oeufs, fromage, viandes, fruits, miel, farine, champignons, &#8230;tous les produits propos\u00e9s \u00e0 l&rsquo;Amap sont <a href=\"https:\/\/www.lesjardinsdelaroussiere.fr\/?page_id=145\" target=\"_blank\" rel=\"noopener\">ici<\/a>.<\/p>\n<p><strong>Pour en savoir plus, venez nous rencontrer chaque jeudi, entre 18h30 et 19h30, sous le pr\u00e9au de l&rsquo;\u00e9cole Henri David \u00e0 Montreuil-Juign\u00e9.<\/strong><\/p>\n<p>Vous pouvez aussi nous contacter par <a href=\"https:\/\/www.lesjardinsdelaroussiere.fr\/?page_id=147\" target=\"_blank\" rel=\"noopener\">mail<\/a>.<\/p>\n<p>En attendant, nous partageons une petite vid\u00e9o de notre mara\u00eecher Thomas Chesneau, qui nous explique le fonctionnement de <a href=\"https:\/\/www.facebook.com\/profile.php?id=100071289751824&amp;sk=about\" target=\"_blank\" rel=\"noopener\">sa ferme La Prairie<\/a> ! C&rsquo;est passionnant\u00a0 ! Bon visionnage\u00a0 !<\/p>\n<p><iframe loading=\"lazy\" title=\"4 objectifs du couvert v\u00e9g\u00e9tal - Thomas Chesneau de La Prairie\" width=\"584\" height=\"329\" src=\"https:\/\/www.youtube.com\/embed\/LzpL5bnLthM?feature=oembed\" frameborder=\"0\" allow=\"accelerometer; autoplay; clipboard-write; encrypted-media; gyroscope; picture-in-picture; web-share\" referrerpolicy=\"strict-origin-when-cross-origin\" allowfullscreen><\/iframe><\/p>\n<p>&nbsp;<\/p>\n<p>&nbsp;<\/p>\n<p>A bient\u00f4t \u00e0 l&rsquo;Amap de Montreuil-Juign\u00e9 !<\/p>\n","protected":false},"excerpt":{"rendered":"<p>C&rsquo;est le printemps\u00a0 ! C&rsquo;est le moment de rejoindre l&rsquo;Amap de Montreuil-Juign\u00e9 ! Pour : consommer de bons produits bio, cultiv\u00e9s tout pr\u00e8s de Montreuil-Juign\u00e9 (Grez-Neuville, la Membrolle sur Longuen\u00e9e, Beaucouz\u00e9, &#8230;) \u00e0 un tarif tr\u00e8s raisonnable car vous achetez &hellip; <a href=\"https:\/\/www.lesjardinsdelaroussiere.fr\/?p=9298\">Continuer la lecture <span class=\"meta-nav\">&rarr;<\/span><\/a><\/p>\n","protected":false},"author":1,"featured_media":0,"comment_status":"open","ping_status":"open","sticky":false,"template":"","format":"standard","meta":[],"categories":[5],"tags":[],"views":32739,"_links":{"self":[{"href":"https:\/\/www.lesjardinsdelaroussiere.fr\/index.php?rest_route=\/wp\/v2\/posts\/9298"}],"collection":[{"href":"https:\/\/www.lesjardinsdelaroussiere.fr\/index.php?rest_route=\/wp\/v2\/posts"}],"about":[{"href":"https:\/\/www.lesjardinsdelaroussiere.fr\/index.php?rest_route=\/wp\/v2\/types\/post"}],"author":[{"embeddable":true,"href":"https:\/\/www.lesjardinsdelaroussiere.fr\/index.php?rest_route=\/wp\/v2\/users\/1"}],"replies":[{"embeddable":true,"href":"https:\/\/www.lesjardinsdelaroussiere.fr\/index.php?rest_route=%2Fwp%2Fv2%2Fcomments&post=9298"}],"version-history":[{"count":6,"href":"https:\/\/www.lesjardinsdelaroussiere.fr\/index.php?rest_route=\/wp\/v2\/posts\/9298\/revisions"}],"predecessor-version":[{"id":9305,"href":"https:\/\/www.lesjardinsdelaroussiere.fr\/index.php?rest_route=\/wp\/v2\/posts\/9298\/revisions\/9305"}],"wp:attachment":[{"href":"https:\/\/www.lesjardinsdelaroussiere.fr\/index.php?rest_route=%2Fwp%2Fv2%2Fmedia&parent=9298"}],"wp:term":[{"taxonomy":"category","embeddable":true,"href":"https:\/\/www.lesjardinsdelaroussiere.fr\/index.php?rest_route=%2Fwp%2Fv2%2Fcategories&post=9298"},{"taxonomy":"post_tag","embeddable":true,"href":"https:\/\/www.lesjardinsdelaroussiere.fr\/index.php?rest_route=%2Fwp%2Fv2%2Ftags&post=9298"}],"curies":[{"name":"wp","href":"https:\/\/api.w.org\/{rel}","templated":true}]}}