{"id":8827,"date":"2022-04-14T21:29:49","date_gmt":"2022-04-14T19:29:49","guid":{"rendered":"http:\/\/www.lesjardinsdelaroussiere.fr\/?p=8827"},"modified":"2022-04-14T21:49:10","modified_gmt":"2022-04-14T19:49:10","slug":"nouveau-contrat-miel","status":"publish","type":"post","link":"https:\/\/www.lesjardinsdelaroussiere.fr\/?p=8827","title":{"rendered":"Nouveau contrat miel"},"content":{"rendered":"<p>L&rsquo;Amap va proposer \u00e0 ses adh\u00e9rents \u00e0 compter du jeudi 21 avril, un nouveau contrat miel<\/p>\n<p>C&rsquo;est Jacky Bounaudet, apiculteur \u00e0 Cantenay Epinard proposera diff\u00e9rentes sortes de miel, produits localement dont du miel des basses vall\u00e9es angevines<a href=\"http:\/\/lesjardinsdelaroussiere.fr\/wp-content\/uploads\/2022\/04\/18-09Gamme-Meli-Mielo500gLeg-360x240-1-e1649964415527.jpg\"><img decoding=\"async\" loading=\"lazy\" class=\"aligncenter size-thumbnail wp-image-8828\" src=\"http:\/\/lesjardinsdelaroussiere.fr\/wp-content\/uploads\/2022\/04\/18-09Gamme-Meli-Mielo500gLeg-360x240-1-150x150.jpg\" alt=\"\" width=\"150\" height=\"150\" \/><\/a> <a href=\"http:\/\/lesjardinsdelaroussiere.fr\/wp-content\/uploads\/2022\/04\/photo-jacky-bounaudet.png\"><img decoding=\"async\" loading=\"lazy\" class=\"aligncenter size-thumbnail wp-image-8832\" src=\"http:\/\/lesjardinsdelaroussiere.fr\/wp-content\/uploads\/2022\/04\/photo-jacky-bounaudet-150x150.png\" alt=\"\" width=\"150\" height=\"150\" \/><\/a><br \/>\nVous pouvez retrouver plus d\u2019informations sur son site internet : <a href=\"http:\/\/www.meli-mielo.fr\/\" target=\"_blank\" rel=\"noopener\">http:\/\/www.meli-mielo.fr\/<\/a>\u200c<\/p>\n<p>Jacky sera pr\u00e9sent tous les 3\u00e8mes jeudis du mois.<br \/>\nLe contrat est disponible. Il est \u00e9galement possible de s&rsquo;inscrire d\u00e8s maintenant sur Amap J.<\/p>\n","protected":false},"excerpt":{"rendered":"<p>L&rsquo;Amap va proposer \u00e0 ses adh\u00e9rents \u00e0 compter du jeudi 21 avril, un nouveau contrat miel C&rsquo;est Jacky Bounaudet, apiculteur \u00e0 Cantenay Epinard proposera diff\u00e9rentes sortes de miel, produits localement dont du miel des basses vall\u00e9es angevines Vous pouvez retrouver &hellip; <a href=\"https:\/\/www.lesjardinsdelaroussiere.fr\/?p=8827\">Continuer la lecture <span class=\"meta-nav\">&rarr;<\/span><\/a><\/p>\n","protected":false},"author":3,"featured_media":0,"comment_status":"open","ping_status":"open","sticky":false,"template":"","format":"standard","meta":[],"categories":[148],"tags":[185,465,171,99],"views":2025,"_links":{"self":[{"href":"https:\/\/www.lesjardinsdelaroussiere.fr\/index.php?rest_route=\/wp\/v2\/posts\/8827"}],"collection":[{"href":"https:\/\/www.lesjardinsdelaroussiere.fr\/index.php?rest_route=\/wp\/v2\/posts"}],"about":[{"href":"https:\/\/www.lesjardinsdelaroussiere.fr\/index.php?rest_route=\/wp\/v2\/types\/post"}],"author":[{"embeddable":true,"href":"https:\/\/www.lesjardinsdelaroussiere.fr\/index.php?rest_route=\/wp\/v2\/users\/3"}],"replies":[{"embeddable":true,"href":"https:\/\/www.lesjardinsdelaroussiere.fr\/index.php?rest_route=%2Fwp%2Fv2%2Fcomments&post=8827"}],"version-history":[{"count":5,"href":"https:\/\/www.lesjardinsdelaroussiere.fr\/index.php?rest_route=\/wp\/v2\/posts\/8827\/revisions"}],"predecessor-version":[{"id":8842,"href":"https:\/\/www.lesjardinsdelaroussiere.fr\/index.php?rest_route=\/wp\/v2\/posts\/8827\/revisions\/8842"}],"wp:attachment":[{"href":"https:\/\/www.lesjardinsdelaroussiere.fr\/index.php?rest_route=%2Fwp%2Fv2%2Fmedia&parent=8827"}],"wp:term":[{"taxonomy":"category","embeddable":true,"href":"https:\/\/www.lesjardinsdelaroussiere.fr\/index.php?rest_route=%2Fwp%2Fv2%2Fcategories&post=8827"},{"taxonomy":"post_tag","embeddable":true,"href":"https:\/\/www.lesjardinsdelaroussiere.fr\/index.php?rest_route=%2Fwp%2Fv2%2Ftags&post=8827"}],"curies":[{"name":"wp","href":"https:\/\/api.w.org\/{rel}","templated":true}]}}