{"id":8818,"date":"2022-03-22T22:26:04","date_gmt":"2022-03-22T21:26:04","guid":{"rendered":"http:\/\/www.lesjardinsdelaroussiere.fr\/?p=8818"},"modified":"2022-04-14T21:34:32","modified_gmt":"2022-04-14T19:34:32","slug":"de-nouveaux-maraichers-a-lamap","status":"publish","type":"post","link":"https:\/\/www.lesjardinsdelaroussiere.fr\/?p=8818","title":{"rendered":"De nouveaux mara\u00eechers \u00e0 l&rsquo;amap"},"content":{"rendered":"<p>Suite au d\u00e9part au d\u00e9part de S\u00e9verine Lavarello, maraich\u00e8re historique de l&rsquo;amap, Virginie et Micka\u00ebl des Jardins de Loire \u00e0 la Bohalle, ont rejoint l&rsquo;amap depuis f\u00e9vrier 2022 et proposent des paniers de l\u00e9gumes, et des bouquets de fleurs \u00e0 ^partir du mois de juin.<\/p>\n<p>A ce sujet, Nous avons m\u00eame eu droit \u00e0 une article dans l&rsquo;\u00e9dition locale de Ouest France<\/p>\n<p><a href=\"https:\/\/www.ouest-france.fr\/pays-de-la-loire\/montreuil-juigne-49460\/de-nouveaux-visages-a-lamap-a923e708-1b84-48e5-8450-0bb5aa749d28\">https:\/\/www.ouest-france.fr\/pays-de-la-loire\/montreuil-juigne-49460\/de-nouveaux-visages-a-lamap-a923e708-1b84-48e5-8450-0bb5aa749d28<\/a><\/p>\n<p>Il est toujours possible de signer un contrat l\u00e9gumes<\/p>\n<p>&nbsp;<\/p>\n","protected":false},"excerpt":{"rendered":"<p>Suite au d\u00e9part au d\u00e9part de S\u00e9verine Lavarello, maraich\u00e8re historique de l&rsquo;amap, Virginie et Micka\u00ebl des Jardins de Loire \u00e0 la Bohalle, ont rejoint l&rsquo;amap depuis f\u00e9vrier 2022 et proposent des paniers de l\u00e9gumes, et des bouquets de fleurs \u00e0 &hellip; <a href=\"https:\/\/www.lesjardinsdelaroussiere.fr\/?p=8818\">Continuer la lecture <span class=\"meta-nav\">&rarr;<\/span><\/a><\/p>\n","protected":false},"author":3,"featured_media":0,"comment_status":"open","ping_status":"open","sticky":false,"template":"","format":"standard","meta":[],"categories":[5],"tags":[],"views":1629,"_links":{"self":[{"href":"https:\/\/www.lesjardinsdelaroussiere.fr\/index.php?rest_route=\/wp\/v2\/posts\/8818"}],"collection":[{"href":"https:\/\/www.lesjardinsdelaroussiere.fr\/index.php?rest_route=\/wp\/v2\/posts"}],"about":[{"href":"https:\/\/www.lesjardinsdelaroussiere.fr\/index.php?rest_route=\/wp\/v2\/types\/post"}],"author":[{"embeddable":true,"href":"https:\/\/www.lesjardinsdelaroussiere.fr\/index.php?rest_route=\/wp\/v2\/users\/3"}],"replies":[{"embeddable":true,"href":"https:\/\/www.lesjardinsdelaroussiere.fr\/index.php?rest_route=%2Fwp%2Fv2%2Fcomments&post=8818"}],"version-history":[{"count":6,"href":"https:\/\/www.lesjardinsdelaroussiere.fr\/index.php?rest_route=\/wp\/v2\/posts\/8818\/revisions"}],"predecessor-version":[{"id":8836,"href":"https:\/\/www.lesjardinsdelaroussiere.fr\/index.php?rest_route=\/wp\/v2\/posts\/8818\/revisions\/8836"}],"wp:attachment":[{"href":"https:\/\/www.lesjardinsdelaroussiere.fr\/index.php?rest_route=%2Fwp%2Fv2%2Fmedia&parent=8818"}],"wp:term":[{"taxonomy":"category","embeddable":true,"href":"https:\/\/www.lesjardinsdelaroussiere.fr\/index.php?rest_route=%2Fwp%2Fv2%2Fcategories&post=8818"},{"taxonomy":"post_tag","embeddable":true,"href":"https:\/\/www.lesjardinsdelaroussiere.fr\/index.php?rest_route=%2Fwp%2Fv2%2Ftags&post=8818"}],"curies":[{"name":"wp","href":"https:\/\/api.w.org\/{rel}","templated":true}]}}