{"id":8782,"date":"2021-10-05T14:31:06","date_gmt":"2021-10-05T12:31:06","guid":{"rendered":"http:\/\/www.lesjardinsdelaroussiere.fr\/?p=8782"},"modified":"2021-10-05T14:32:45","modified_gmt":"2021-10-05T12:32:45","slug":"la-g-2021-et-quelques-nouvelles","status":"publish","type":"post","link":"https:\/\/www.lesjardinsdelaroussiere.fr\/?p=8782","title":{"rendered":"L&rsquo;A.G. 2021 et quelques nouvelles&#8230;"},"content":{"rendered":"<p>Bonjour \u00e0 tourtes et \u00e0 tous,<\/p>\n<p style=\"text-align: justify;\">Apr\u00e8s cette nouvelle rentr\u00e9e, comme promis, l&rsquo;A.G pr\u00e9vue en Septembre a pu se tenir cette ann\u00e9e !<\/p>\n<p style=\"text-align: justify;\">Nous repartons donc sur les bases ant\u00e9-COVID.<\/p>\n<p style=\"text-align: justify;\">Dimanche 19 Septembre,\u00a0nous avons donc tenu notre Assembl\u00e9e g\u00e9n\u00e9rale, toujours sous la forme d&rsquo;un repas convivial chez un producteur, et cette ann\u00e9e c&rsquo;\u00e9tait chez Franck, notre paysan-boulanger, qui nous a bien g\u00e2t\u00e9.<\/p>\n<p><a href=\"http:\/\/www.lesjardinsdelaroussiere.fr\/?attachment_id=8777\" rel=\"attachment wp-att-8777\"><img decoding=\"async\" loading=\"lazy\" class=\"aligncenter size-full wp-image-8777\" src=\"http:\/\/lesjardinsdelaroussiere.fr\/wp-content\/uploads\/2021\/10\/AG_pizza.jpg\" alt=\"\" width=\"640\" height=\"602\" srcset=\"http:\/\/lesjardinsdelaroussiere.fr\/wp-content\/uploads\/2021\/10\/AG_pizza.jpg 640w, http:\/\/lesjardinsdelaroussiere.fr\/wp-content\/uploads\/2021\/10\/AG_pizza-300x282.jpg 300w, http:\/\/lesjardinsdelaroussiere.fr\/wp-content\/uploads\/2021\/10\/AG_pizza-319x300.jpg 319w\" sizes=\"(max-width: 640px) 100vw, 640px\" \/><\/a><!--more--><\/p>\n<p style=\"text-align: justify;\">Apr\u00e8s avoir retrac\u00e9 notre fonctionnement pendant les deux derni\u00e8res ann\u00e9es qui ont \u00e9t\u00e9 quelque peu boulevers\u00e9es avec la situation sanitaire, les producteurs pr\u00e9sents ont pu nous faire part de leurs activit\u00e9s et projets.<\/p>\n<p style=\"text-align: justify;\">A ce jour, l&rsquo;Amap compte 81 adh\u00e9rents, 9 producteurs\/\u00e9leveurs avec une quinzaine de contrats diff\u00e9rents.<\/p>\n<p style=\"text-align: justify;\">L&rsquo;Assembl\u00e9e g\u00e9n\u00e9rale est aussi l&rsquo;occasion de renouveler le Conseil d&rsquo;Administration en \u00e9lisant des amapiens, qui sont aussi les r\u00e9f\u00e9rents de nos producteurs.<\/p>\n<p>Ainsi, sont \u00e9lus:<\/p>\n<ul>\n<li>Alice Evain<\/li>\n<li>C\u00e9cile Landreau<\/li>\n<li>Delphine Leleux<\/li>\n<li>Nathalie Martin<\/li>\n<li>Evelyne Lambert<\/li>\n<li>Elisabeth Weeger<\/li>\n<li>Delphine Guilbaut<\/li>\n<li>Michel Lebreton<\/li>\n<li>Alain Pain<\/li>\n<li>Philippe Dubois<\/li>\n<li>Luc Martin<\/li>\n<li>Dominique Baudoin<\/li>\n<li>R\u00e9mi Guisnel<\/li>\n<li>Daniel Caharel<\/li>\n<li>Dominique Rez\u00e9.<\/li>\n<\/ul>\n<p style=\"text-align: justify;\">Comme je l&rsquo;avais d\u00e9j\u00e0 annonc\u00e9 lors de la derni\u00e8re AG, je ne souhaitais pas poursuivre cette belle aventure qu&rsquo;est l&rsquo;Amap comme pr\u00e9sident.<\/p>\n<p style=\"text-align: justify;\">Et oui, 11 ans \u00e7a suffit, il faut savoir passer la main et ainsi permettre d&rsquo;\u00e9ventuelles nouvelles pratiques, actions etc&#8230;<\/p>\n<p>R\u00e9uni r\u00e9cemment, le CA a\u00a0 \u00e9lu :<\/p>\n<ul>\n<li>comme pr\u00e9sidente Alice EVAIN,<\/li>\n<li>comme tr\u00e9sorier Michel LEBRETON,<\/li>\n<li>comme secr\u00e9taire &#8230; moi m\u00eame (ceci permettant \u00e0 Alice une prise en charge progressive).<\/li>\n<\/ul>\n<p>Vous trouverez plus bas quelques photos prises lors de cette journ\u00e9e festive.<\/p>\n<p>Dominique,<br \/>\n<em>Secr\u00e9taire de l&rsquo;Amap<\/em><\/p>\n<p><a href=\"http:\/\/www.lesjardinsdelaroussiere.fr\/?attachment_id=8773\" rel=\"attachment wp-att-8773\"><img decoding=\"async\" loading=\"lazy\" class=\"aligncenter size-full wp-image-8773\" src=\"http:\/\/lesjardinsdelaroussiere.fr\/wp-content\/uploads\/2021\/10\/AG_apero_02.jpg\" alt=\"\" width=\"450\" height=\"600\" srcset=\"http:\/\/lesjardinsdelaroussiere.fr\/wp-content\/uploads\/2021\/10\/AG_apero_02.jpg 450w, http:\/\/lesjardinsdelaroussiere.fr\/wp-content\/uploads\/2021\/10\/AG_apero_02-225x300.jpg 225w\" sizes=\"(max-width: 450px) 100vw, 450px\" \/><\/a><\/p>\n<p><a href=\"http:\/\/www.lesjardinsdelaroussiere.fr\/?attachment_id=8772\" rel=\"attachment wp-att-8772\"><img decoding=\"async\" loading=\"lazy\" class=\"aligncenter size-full wp-image-8772\" src=\"http:\/\/lesjardinsdelaroussiere.fr\/wp-content\/uploads\/2021\/10\/AG_apero.jpg\" alt=\"\" width=\"480\" height=\"640\" srcset=\"http:\/\/lesjardinsdelaroussiere.fr\/wp-content\/uploads\/2021\/10\/AG_apero.jpg 480w, http:\/\/lesjardinsdelaroussiere.fr\/wp-content\/uploads\/2021\/10\/AG_apero-225x300.jpg 225w\" sizes=\"(max-width: 480px) 100vw, 480px\" \/><\/a><a href=\"http:\/\/www.lesjardinsdelaroussiere.fr\/?attachment_id=8771\" rel=\"attachment wp-att-8771\"><img decoding=\"async\" loading=\"lazy\" class=\"aligncenter size-full wp-image-8771\" src=\"http:\/\/lesjardinsdelaroussiere.fr\/wp-content\/uploads\/2021\/10\/AG_adherents_echanges.jpg\" alt=\"\" width=\"640\" height=\"502\" srcset=\"http:\/\/lesjardinsdelaroussiere.fr\/wp-content\/uploads\/2021\/10\/AG_adherents_echanges.jpg 640w, http:\/\/lesjardinsdelaroussiere.fr\/wp-content\/uploads\/2021\/10\/AG_adherents_echanges-300x235.jpg 300w, http:\/\/lesjardinsdelaroussiere.fr\/wp-content\/uploads\/2021\/10\/AG_adherents_echanges-382x300.jpg 382w\" sizes=\"(max-width: 640px) 100vw, 640px\" \/><\/a><a href=\"http:\/\/www.lesjardinsdelaroussiere.fr\/?attachment_id=8776\" rel=\"attachment wp-att-8776\"><img decoding=\"async\" loading=\"lazy\" class=\"aligncenter size-full wp-image-8776\" src=\"http:\/\/lesjardinsdelaroussiere.fr\/wp-content\/uploads\/2021\/10\/AG_degustation_vin.jpg\" alt=\"\" width=\"480\" height=\"640\" srcset=\"http:\/\/lesjardinsdelaroussiere.fr\/wp-content\/uploads\/2021\/10\/AG_degustation_vin.jpg 480w, http:\/\/lesjardinsdelaroussiere.fr\/wp-content\/uploads\/2021\/10\/AG_degustation_vin-225x300.jpg 225w\" sizes=\"(max-width: 480px) 100vw, 480px\" \/><\/a><a href=\"http:\/\/www.lesjardinsdelaroussiere.fr\/?attachment_id=8778\" rel=\"attachment wp-att-8778\"><img decoding=\"async\" loading=\"lazy\" class=\"aligncenter size-full wp-image-8778\" src=\"http:\/\/lesjardinsdelaroussiere.fr\/wp-content\/uploads\/2021\/10\/AG_preparation_pizza.jpg\" alt=\"\" width=\"480\" height=\"640\" srcset=\"http:\/\/lesjardinsdelaroussiere.fr\/wp-content\/uploads\/2021\/10\/AG_preparation_pizza.jpg 480w, http:\/\/lesjardinsdelaroussiere.fr\/wp-content\/uploads\/2021\/10\/AG_preparation_pizza-225x300.jpg 225w\" sizes=\"(max-width: 480px) 100vw, 480px\" \/><\/a><a href=\"http:\/\/www.lesjardinsdelaroussiere.fr\/?attachment_id=8781\" rel=\"attachment wp-att-8781\"><img decoding=\"async\" loading=\"lazy\" class=\"aligncenter size-full wp-image-8781\" src=\"http:\/\/lesjardinsdelaroussiere.fr\/wp-content\/uploads\/2021\/10\/Four_a_pain.jpg\" alt=\"\" width=\"1512\" height=\"2016\" srcset=\"http:\/\/lesjardinsdelaroussiere.fr\/wp-content\/uploads\/2021\/10\/Four_a_pain.jpg 1512w, http:\/\/lesjardinsdelaroussiere.fr\/wp-content\/uploads\/2021\/10\/Four_a_pain-225x300.jpg 225w, http:\/\/lesjardinsdelaroussiere.fr\/wp-content\/uploads\/2021\/10\/Four_a_pain-768x1024.jpg 768w, http:\/\/lesjardinsdelaroussiere.fr\/wp-content\/uploads\/2021\/10\/Four_a_pain-1152x1536.jpg 1152w\" sizes=\"(max-width: 1512px) 100vw, 1512px\" \/><\/a><a href=\"http:\/\/www.lesjardinsdelaroussiere.fr\/?attachment_id=8775\" rel=\"attachment wp-att-8775\"><img decoding=\"async\" loading=\"lazy\" class=\"aligncenter size-full wp-image-8775\" src=\"http:\/\/lesjardinsdelaroussiere.fr\/wp-content\/uploads\/2021\/10\/AG_degustation.jpg\" alt=\"\" width=\"480\" height=\"640\" srcset=\"http:\/\/lesjardinsdelaroussiere.fr\/wp-content\/uploads\/2021\/10\/AG_degustation.jpg 480w, http:\/\/lesjardinsdelaroussiere.fr\/wp-content\/uploads\/2021\/10\/AG_degustation-225x300.jpg 225w\" sizes=\"(max-width: 480px) 100vw, 480px\" \/><\/a><a href=\"http:\/\/www.lesjardinsdelaroussiere.fr\/?attachment_id=8780\" rel=\"attachment wp-att-8780\"><img decoding=\"async\" loading=\"lazy\" class=\"aligncenter size-full wp-image-8780\" src=\"http:\/\/lesjardinsdelaroussiere.fr\/wp-content\/uploads\/2021\/10\/AG_repas_adherents.jpg\" alt=\"\" width=\"640\" height=\"439\" srcset=\"http:\/\/lesjardinsdelaroussiere.fr\/wp-content\/uploads\/2021\/10\/AG_repas_adherents.jpg 640w, http:\/\/lesjardinsdelaroussiere.fr\/wp-content\/uploads\/2021\/10\/AG_repas_adherents-300x206.jpg 300w, http:\/\/lesjardinsdelaroussiere.fr\/wp-content\/uploads\/2021\/10\/AG_repas_adherents-437x300.jpg 437w\" sizes=\"(max-width: 640px) 100vw, 640px\" \/><\/a><a href=\"http:\/\/www.lesjardinsdelaroussiere.fr\/?attachment_id=8779\" rel=\"attachment wp-att-8779\"><img decoding=\"async\" loading=\"lazy\" class=\"aligncenter size-full wp-image-8779\" src=\"http:\/\/lesjardinsdelaroussiere.fr\/wp-content\/uploads\/2021\/10\/AG_president_et_adherents.jpg\" alt=\"\" width=\"640\" height=\"480\" srcset=\"http:\/\/lesjardinsdelaroussiere.fr\/wp-content\/uploads\/2021\/10\/AG_president_et_adherents.jpg 640w, http:\/\/lesjardinsdelaroussiere.fr\/wp-content\/uploads\/2021\/10\/AG_president_et_adherents-300x225.jpg 300w, http:\/\/lesjardinsdelaroussiere.fr\/wp-content\/uploads\/2021\/10\/AG_president_et_adherents-400x300.jpg 400w\" sizes=\"(max-width: 640px) 100vw, 640px\" \/><\/a><\/p>\n<p>&nbsp;<\/p>\n<p>&nbsp;<\/p>\n","protected":false},"excerpt":{"rendered":"<p>Bonjour \u00e0 tourtes et \u00e0 tous, Apr\u00e8s cette nouvelle rentr\u00e9e, comme promis, l&rsquo;A.G pr\u00e9vue en Septembre a pu se tenir cette ann\u00e9e ! Nous repartons donc sur les bases ant\u00e9-COVID. Dimanche 19 Septembre,\u00a0nous avons donc tenu notre Assembl\u00e9e g\u00e9n\u00e9rale, toujours &hellip; <a href=\"https:\/\/www.lesjardinsdelaroussiere.fr\/?p=8782\">Continuer la lecture <span class=\"meta-nav\">&rarr;<\/span><\/a><\/p>\n","protected":false},"author":3,"featured_media":0,"comment_status":"open","ping_status":"open","sticky":false,"template":"","format":"standard","meta":[],"categories":[3],"tags":[159,460,417,461],"views":2851,"_links":{"self":[{"href":"https:\/\/www.lesjardinsdelaroussiere.fr\/index.php?rest_route=\/wp\/v2\/posts\/8782"}],"collection":[{"href":"https:\/\/www.lesjardinsdelaroussiere.fr\/index.php?rest_route=\/wp\/v2\/posts"}],"about":[{"href":"https:\/\/www.lesjardinsdelaroussiere.fr\/index.php?rest_route=\/wp\/v2\/types\/post"}],"author":[{"embeddable":true,"href":"https:\/\/www.lesjardinsdelaroussiere.fr\/index.php?rest_route=\/wp\/v2\/users\/3"}],"replies":[{"embeddable":true,"href":"https:\/\/www.lesjardinsdelaroussiere.fr\/index.php?rest_route=%2Fwp%2Fv2%2Fcomments&post=8782"}],"version-history":[{"count":2,"href":"https:\/\/www.lesjardinsdelaroussiere.fr\/index.php?rest_route=\/wp\/v2\/posts\/8782\/revisions"}],"predecessor-version":[{"id":8784,"href":"https:\/\/www.lesjardinsdelaroussiere.fr\/index.php?rest_route=\/wp\/v2\/posts\/8782\/revisions\/8784"}],"wp:attachment":[{"href":"https:\/\/www.lesjardinsdelaroussiere.fr\/index.php?rest_route=%2Fwp%2Fv2%2Fmedia&parent=8782"}],"wp:term":[{"taxonomy":"category","embeddable":true,"href":"https:\/\/www.lesjardinsdelaroussiere.fr\/index.php?rest_route=%2Fwp%2Fv2%2Fcategories&post=8782"},{"taxonomy":"post_tag","embeddable":true,"href":"https:\/\/www.lesjardinsdelaroussiere.fr\/index.php?rest_route=%2Fwp%2Fv2%2Ftags&post=8782"}],"curies":[{"name":"wp","href":"https:\/\/api.w.org\/{rel}","templated":true}]}}