{"id":8754,"date":"2021-07-03T10:54:51","date_gmt":"2021-07-03T08:54:51","guid":{"rendered":"http:\/\/www.lesjardinsdelaroussiere.fr\/?p=8754"},"modified":"2021-07-03T11:02:16","modified_gmt":"2021-07-03T09:02:16","slug":"lete-enfin-et-la-g-en-septembre","status":"publish","type":"post","link":"https:\/\/www.lesjardinsdelaroussiere.fr\/?p=8754","title":{"rendered":"L&rsquo;\u00e9t\u00e9 enfin, et l&rsquo;A.G en Septembre !"},"content":{"rendered":"<p>Bonjour \u00e0 toutes et \u00e0 tous,<\/p>\n<p style=\"text-align: justify;\">Comme une belle \u00e9claircie apr\u00e8s un interminable hiver, l&rsquo;\u00e9t\u00e9 est l\u00e0, et les mesures anticovid sont arriv\u00e9es \u00e0 leur terme.<\/p>\n<p style=\"text-align: justify;\">Alors certes, tout n&rsquo;est pas rose, les variants prennent un malin plaisir \u00e0 rendre fou les plus optimistes, le taux de vaccination qui avait enfin d\u00e9coll\u00e9 semble vouloir stagner apr\u00e8s avoir convaincu les plus favorables \u00e0 la mesure&#8230;<\/p>\n<p style=\"text-align: justify;\">Nous nous heurtons aujourd&rsquo;hui au noyau dur des ind\u00e9cis et des r\u00e9fractaires, et toute la strat\u00e9gie vaccinale d\u00e9pendra de ceux-ci, et incidemment, la 4\u00e8me vague qui se profile et nous est brandie comme une \u00e9p\u00e9e de Damocl\u00e8s pour la rentr\u00e9e&#8230;<\/p>\n<p><a href=\"http:\/\/www.lesjardinsdelaroussiere.fr\/?attachment_id=8756\" rel=\"attachment wp-att-8756\"><img decoding=\"async\" loading=\"lazy\" class=\"aligncenter size-full wp-image-8756\" src=\"http:\/\/lesjardinsdelaroussiere.fr\/wp-content\/uploads\/2021\/07\/Ete_2021.jpg\" alt=\"\" width=\"600\" height=\"338\" srcset=\"http:\/\/lesjardinsdelaroussiere.fr\/wp-content\/uploads\/2021\/07\/Ete_2021.jpg 600w, http:\/\/lesjardinsdelaroussiere.fr\/wp-content\/uploads\/2021\/07\/Ete_2021-300x169.jpg 300w, http:\/\/lesjardinsdelaroussiere.fr\/wp-content\/uploads\/2021\/07\/Ete_2021-500x282.jpg 500w\" sizes=\"(max-width: 600px) 100vw, 600px\" \/><\/a><!--more--><\/p>\n<p style=\"text-align: justify;\">Si je vous parle de cela, ce n&rsquo;est pas pour vous rebattre les oreilles concernant ces faits que vous entendez \u00e0 longueur de journ\u00e9e \u00e0 travers les media, mais pour dire que nous allons reprendre une vie \u00e0 peu pr\u00e8s normale, retrouver le plaisir de ne pas porter ce satan\u00e9 masque toute la journ\u00e9e pour les plus malchanceux, certes la distanciation, le masque en int\u00e9rieur dans les \u00e9tablissements recevant du public vont encore persister un certain temps, le PASS sanitaire a fait son apparition pour le plus grand bonheur de certains, mais comme une mesure discriminatoire et attentatoire \u00e0 leurs libert\u00e9s pour d&rsquo;autres, mais quel bonheur de ce dire que globalement nos libert\u00e9s nous sont peu \u00e0 peu restitu\u00e9es !<\/p>\n<p style=\"text-align: justify;\">Ceci reste cependant fragile, mais l&rsquo;\u00e9t\u00e9 est l\u00e0, et m\u00eame si la m\u00e9t\u00e9o trouve finalement que nous n&rsquo;en avons pas assez \u00ab\u00a0bav\u00e9\u00a0\u00bb, elle aussi nous fait subir les foudres de nos n\u00e9gligences et de nos insouciances !<\/p>\n<p style=\"text-align: justify;\">Severine a d\u00fb en cette fin juin affronter la gr\u00eale qui a constell\u00e9 nos l\u00e9gumes d&rsquo;impacts ; ce qui ne nous a pas emp\u00each\u00e9 de les d\u00e9guster soit dit en passant ;\u00a0 mais nous pouvons tout de m\u00eame nous estimer chanceux lorsque l&rsquo;on consid\u00e8re les inondations dor\u00e9navant cycliques dans le sud de la France ou pire, le d\u00f4me de chaleur \u00ab\u00a0dantesque\u00a0\u00bb au Canada ces jours-ci avec un incroyable 49,6\u00b0C au lieu des 25\u00b0C en cette p\u00e9riode !<\/p>\n<p style=\"text-align: justify;\">Quoi que nous disions, quoi que nous fassions, nous subirons de toute mani\u00e8re l&rsquo;\u00e9t\u00e9, alors restons optimistes, profitons de la vie tout simplement !<\/p>\n<p style=\"text-align: justify;\">La vie reprenant peu \u00e0 peu son cours, nous pouvons nous projeter pour la rentr\u00e9e, et cette ann\u00e9e, nous esp\u00e9rons pouvoir organiser notre Assembl\u00e9e G\u00e9n\u00e9rale annuelle &#8230; et avons donc retenu la date du <strong><u>dimanche 19 Septembre.<\/u><\/strong><\/p>\n<p style=\"text-align: justify;\">Je passe la parole \u00e0 Dominique pour la suite .<\/p>\n<p>Quelques pr\u00e9cisions pour les nouveaux adh\u00e9rents de l&rsquo;Amap:<\/p>\n<ul style=\"text-align: justify;\">\n<li>Comme la plupart des associations nous organisons chaque ann\u00e9e une Assembl\u00e9e G\u00e9n\u00e9rale qui a, entre autre, pour principe de faire un bilan de l&rsquo;ann\u00e9e \u00e9coul\u00e9e, permettre un temps d&rsquo;\u00e9change avec nos producteurs et \u00e9lire le bureau de l&rsquo;association.<\/li>\n<li>Depuis plusieurs ann\u00e9es, hormis 2020, nous r\u00e9alisons ce moment statutaire chez un de nos producteurs autour d&rsquo;un d\u00e9jeuner convivial, en famille, avec visite de l&rsquo;exploitation.<\/li>\n<li>Cette ann\u00e9e, c&rsquo;est Franck qui nous accueille dans sa \u00ab\u00a0cabane \u00e0 pain\u00a0\u00bb.<\/li>\n<\/ul>\n<p><a href=\"http:\/\/www.lesjardinsdelaroussiere.fr\/?attachment_id=8474\" rel=\"attachment wp-att-8474\"><img decoding=\"async\" loading=\"lazy\" class=\"aligncenter size-full wp-image-8474\" src=\"http:\/\/lesjardinsdelaroussiere.fr\/wp-content\/uploads\/2019\/05\/05_AG_AMAP_05052019_06.jpg\" alt=\"\" width=\"650\" height=\"488\" srcset=\"http:\/\/lesjardinsdelaroussiere.fr\/wp-content\/uploads\/2019\/05\/05_AG_AMAP_05052019_06.jpg 650w, http:\/\/lesjardinsdelaroussiere.fr\/wp-content\/uploads\/2019\/05\/05_AG_AMAP_05052019_06-300x225.jpg 300w, http:\/\/lesjardinsdelaroussiere.fr\/wp-content\/uploads\/2019\/05\/05_AG_AMAP_05052019_06-400x300.jpg 400w\" sizes=\"(max-width: 650px) 100vw, 650px\" \/><\/a><\/p>\n<p style=\"text-align: justify;\">Aussi, retenez d\u00e8s aujourd&rsquo;hui la date et je reviendrais vers vous, le moment venu pour convenir des \u00e9l\u00e9ments logistiques, notamment.<\/p>\n<p>A tr\u00e8s bient\u00f4t<br \/>\n<em>Dominique &amp; Le webmaster<\/em>.<\/p>\n","protected":false},"excerpt":{"rendered":"<p>Bonjour \u00e0 toutes et \u00e0 tous, Comme une belle \u00e9claircie apr\u00e8s un interminable hiver, l&rsquo;\u00e9t\u00e9 est l\u00e0, et les mesures anticovid sont arriv\u00e9es \u00e0 leur terme. Alors certes, tout n&rsquo;est pas rose, les variants prennent un malin plaisir \u00e0 rendre &hellip; <a href=\"https:\/\/www.lesjardinsdelaroussiere.fr\/?p=8754\">Continuer la lecture <span class=\"meta-nav\">&rarr;<\/span><\/a><\/p>\n","protected":false},"author":1,"featured_media":0,"comment_status":"open","ping_status":"open","sticky":false,"template":"","format":"standard","meta":[],"categories":[3,6],"tags":[458],"views":1933,"_links":{"self":[{"href":"https:\/\/www.lesjardinsdelaroussiere.fr\/index.php?rest_route=\/wp\/v2\/posts\/8754"}],"collection":[{"href":"https:\/\/www.lesjardinsdelaroussiere.fr\/index.php?rest_route=\/wp\/v2\/posts"}],"about":[{"href":"https:\/\/www.lesjardinsdelaroussiere.fr\/index.php?rest_route=\/wp\/v2\/types\/post"}],"author":[{"embeddable":true,"href":"https:\/\/www.lesjardinsdelaroussiere.fr\/index.php?rest_route=\/wp\/v2\/users\/1"}],"replies":[{"embeddable":true,"href":"https:\/\/www.lesjardinsdelaroussiere.fr\/index.php?rest_route=%2Fwp%2Fv2%2Fcomments&post=8754"}],"version-history":[{"count":4,"href":"https:\/\/www.lesjardinsdelaroussiere.fr\/index.php?rest_route=\/wp\/v2\/posts\/8754\/revisions"}],"predecessor-version":[{"id":8759,"href":"https:\/\/www.lesjardinsdelaroussiere.fr\/index.php?rest_route=\/wp\/v2\/posts\/8754\/revisions\/8759"}],"wp:attachment":[{"href":"https:\/\/www.lesjardinsdelaroussiere.fr\/index.php?rest_route=%2Fwp%2Fv2%2Fmedia&parent=8754"}],"wp:term":[{"taxonomy":"category","embeddable":true,"href":"https:\/\/www.lesjardinsdelaroussiere.fr\/index.php?rest_route=%2Fwp%2Fv2%2Fcategories&post=8754"},{"taxonomy":"post_tag","embeddable":true,"href":"https:\/\/www.lesjardinsdelaroussiere.fr\/index.php?rest_route=%2Fwp%2Fv2%2Ftags&post=8754"}],"curies":[{"name":"wp","href":"https:\/\/api.w.org\/{rel}","templated":true}]}}