{"id":8731,"date":"2021-03-21T10:05:50","date_gmt":"2021-03-21T09:05:50","guid":{"rendered":"http:\/\/www.lesjardinsdelaroussiere.fr\/?p=8731"},"modified":"2021-03-21T10:07:27","modified_gmt":"2021-03-21T09:07:27","slug":"distribution-de-panier-retour-au-jour-initial","status":"publish","type":"post","link":"https:\/\/www.lesjardinsdelaroussiere.fr\/?p=8731","title":{"rendered":"Distribution de panier, retour au jour initial&#8230;"},"content":{"rendered":"<p>Bonjour \u00e0 toutes et \u00e0 tous,<\/p>\n<p style=\"text-align: justify;\">D\u00e9cid\u00e9ment, le COVID n&rsquo;en finit pas de nous impacter !<\/p>\n<p style=\"text-align: justify;\"><a href=\"http:\/\/www.lesjardinsdelaroussiere.fr\/?attachment_id=8713\" rel=\"attachment wp-att-8713\"><img decoding=\"async\" loading=\"lazy\" class=\"alignleft wp-image-8713 size-thumbnail\" src=\"http:\/\/lesjardinsdelaroussiere.fr\/wp-content\/uploads\/2021\/01\/Calendrier_panier-150x150.jpg\" alt=\"\" width=\"150\" height=\"150\" srcset=\"http:\/\/lesjardinsdelaroussiere.fr\/wp-content\/uploads\/2021\/01\/Calendrier_panier-150x150.jpg 150w, http:\/\/lesjardinsdelaroussiere.fr\/wp-content\/uploads\/2021\/01\/Calendrier_panier.jpg 300w\" sizes=\"(max-width: 150px) 100vw, 150px\" \/><\/a>Compte tenu de l&rsquo;\u00e9volution de la maladie, mais surtout du fait que le couvre-feu de \u00ab\u00a0printemps\u00a0\u00bb s&rsquo;est d\u00e9cal\u00e9 d&rsquo;une heure,\u00a0il a \u00e9t\u00e9 d\u00e9cid\u00e9 de revenir au jour initial de distribution du panier&#8230;<\/p>\n<p style=\"text-align: justify;\">Mais ce ne sera pas tout \u00e0 fait le m\u00eame horaire&#8230;<\/p>\n<p>&nbsp;<\/p>\n<p style=\"text-align: justify;\">La distribution sera donc \u00e0 partir du jeudi 25 Mars tous les :<\/p>\n<p style=\"text-align: center;\"><strong>jeudi de 17h45 \u00e0 18h45<\/strong><!--more--><\/p>\n<p style=\"text-align: justify;\">Ce principe convient particuli\u00e8rement \u00e0 nos producteurs\/\u00e9leveurs qui ont d\u00fb adapter, toutes ces semaines pass\u00e9es, leur organisation, certains g\u00e9rant de la vente \u00e0 domicile le samedi matin.<\/p>\n<p style=\"text-align: justify;\">Encore merci \u00e0 eux et \u00e0 toutes celles et ceux qui les ont aid\u00e9s pour les livraisons.<\/p>\n<p>Dominique.<\/p>\n","protected":false},"excerpt":{"rendered":"<p>Bonjour \u00e0 toutes et \u00e0 tous, D\u00e9cid\u00e9ment, le COVID n&rsquo;en finit pas de nous impacter ! Compte tenu de l&rsquo;\u00e9volution de la maladie, mais surtout du fait que le couvre-feu de \u00ab\u00a0printemps\u00a0\u00bb s&rsquo;est d\u00e9cal\u00e9 d&rsquo;une heure,\u00a0il a \u00e9t\u00e9 d\u00e9cid\u00e9 de &hellip; <a href=\"https:\/\/www.lesjardinsdelaroussiere.fr\/?p=8731\">Continuer la lecture <span class=\"meta-nav\">&rarr;<\/span><\/a><\/p>\n","protected":false},"author":3,"featured_media":0,"comment_status":"open","ping_status":"open","sticky":false,"template":"","format":"standard","meta":[],"categories":[6],"tags":[455,289,188,86],"views":3070,"_links":{"self":[{"href":"https:\/\/www.lesjardinsdelaroussiere.fr\/index.php?rest_route=\/wp\/v2\/posts\/8731"}],"collection":[{"href":"https:\/\/www.lesjardinsdelaroussiere.fr\/index.php?rest_route=\/wp\/v2\/posts"}],"about":[{"href":"https:\/\/www.lesjardinsdelaroussiere.fr\/index.php?rest_route=\/wp\/v2\/types\/post"}],"author":[{"embeddable":true,"href":"https:\/\/www.lesjardinsdelaroussiere.fr\/index.php?rest_route=\/wp\/v2\/users\/3"}],"replies":[{"embeddable":true,"href":"https:\/\/www.lesjardinsdelaroussiere.fr\/index.php?rest_route=%2Fwp%2Fv2%2Fcomments&post=8731"}],"version-history":[{"count":0,"href":"https:\/\/www.lesjardinsdelaroussiere.fr\/index.php?rest_route=\/wp\/v2\/posts\/8731\/revisions"}],"wp:attachment":[{"href":"https:\/\/www.lesjardinsdelaroussiere.fr\/index.php?rest_route=%2Fwp%2Fv2%2Fmedia&parent=8731"}],"wp:term":[{"taxonomy":"category","embeddable":true,"href":"https:\/\/www.lesjardinsdelaroussiere.fr\/index.php?rest_route=%2Fwp%2Fv2%2Fcategories&post=8731"},{"taxonomy":"post_tag","embeddable":true,"href":"https:\/\/www.lesjardinsdelaroussiere.fr\/index.php?rest_route=%2Fwp%2Fv2%2Ftags&post=8731"}],"curies":[{"name":"wp","href":"https:\/\/api.w.org\/{rel}","templated":true}]}}