{"id":8717,"date":"2021-01-24T08:58:41","date_gmt":"2021-01-24T07:58:41","guid":{"rendered":"http:\/\/www.lesjardinsdelaroussiere.fr\/?p=8717"},"modified":"2021-01-24T09:01:23","modified_gmt":"2021-01-24T08:01:23","slug":"ouest-france-notre-president-parle-de-lamap","status":"publish","type":"post","link":"https:\/\/www.lesjardinsdelaroussiere.fr\/?p=8717","title":{"rendered":"Ouest France, notre pr\u00e9sident parle de l&rsquo;AMAP !"},"content":{"rendered":"<p>Bonjour \u00e0 toutes et \u00e0 tous,<\/p>\n<p style=\"text-align: justify;\">Depuis deux ans, les journaux locaux refusaient, ou du moins manifestaient peu d&rsquo;int\u00e9r\u00eat pour les AMAP et les circuits courts.<\/p>\n<p style=\"text-align: justify;\">Faut il voir la crise du Covid comme un facteur d\u00e9clenchant de cette nouvelle prise de conscience que ce mode de distribution peut apporter bien des r\u00e9ponses aux attentes et aux inqui\u00e9tudes des consommateurs, ou plut\u00f4t des \u00ab\u00a0consomm&rsquo;acteurs\u00a0\u00bb comme les appelle l&rsquo;AMAP des Jardins de la Roussi\u00e8re ?<\/p>\n<p style=\"text-align: justify;\">Quoi qu&rsquo;il en soit, notre pr\u00e9sident, <strong>Dominique REZE,<\/strong> a \u00e9t\u00e9 interview\u00e9 par le quotidien Ouest France dans son num\u00e9ro du Samedi 23 Janvier !<\/p>\n<div id=\"attachment_8720\" style=\"width: 510px\" class=\"wp-caption aligncenter\"><a href=\"http:\/\/www.lesjardinsdelaroussiere.fr\/?attachment_id=8720\" rel=\"attachment wp-att-8720\"><img aria-describedby=\"caption-attachment-8720\" decoding=\"async\" loading=\"lazy\" class=\"wp-image-8720 size-full\" src=\"http:\/\/lesjardinsdelaroussiere.fr\/wp-content\/uploads\/2021\/01\/Dominique_REZE_Ouest_France_23012021.jpg\" alt=\"\" width=\"500\" height=\"351\" srcset=\"http:\/\/lesjardinsdelaroussiere.fr\/wp-content\/uploads\/2021\/01\/Dominique_REZE_Ouest_France_23012021.jpg 500w, http:\/\/lesjardinsdelaroussiere.fr\/wp-content\/uploads\/2021\/01\/Dominique_REZE_Ouest_France_23012021-300x211.jpg 300w, http:\/\/lesjardinsdelaroussiere.fr\/wp-content\/uploads\/2021\/01\/Dominique_REZE_Ouest_France_23012021-427x300.jpg 427w\" sizes=\"(max-width: 500px) 100vw, 500px\" \/><\/a><p id=\"caption-attachment-8720\" class=\"wp-caption-text\">Dominique REZE, photo Ouest France 23 Janvier 2021.<\/p><\/div>\n<p><!--more--><\/p>\n<p style=\"text-align: justify;\">Nous vous laissons d\u00e9couvrir cet article <strong><a href=\"http:\/\/www.lesjardinsdelaroussiere.fr\/?attachment_id=8719\" target=\"_blank\" rel=\"noopener\">ici<\/a><\/strong>.<\/p>\n<p>Dominique y rappelle les fondamentaux d&rsquo;une AMAP et l&rsquo;impact de la crise du Covid.<\/p>\n<p><em>Le webmaster.<\/em><\/p>\n","protected":false},"excerpt":{"rendered":"<p>Bonjour \u00e0 toutes et \u00e0 tous, Depuis deux ans, les journaux locaux refusaient, ou du moins manifestaient peu d&rsquo;int\u00e9r\u00eat pour les AMAP et les circuits courts. Faut il voir la crise du Covid comme un facteur d\u00e9clenchant de cette nouvelle &hellip; <a href=\"https:\/\/www.lesjardinsdelaroussiere.fr\/?p=8717\">Continuer la lecture <span class=\"meta-nav\">&rarr;<\/span><\/a><\/p>\n","protected":false},"author":2,"featured_media":0,"comment_status":"open","ping_status":"open","sticky":false,"template":"","format":"standard","meta":[],"categories":[6],"tags":[314,425,457,448],"views":2408,"_links":{"self":[{"href":"https:\/\/www.lesjardinsdelaroussiere.fr\/index.php?rest_route=\/wp\/v2\/posts\/8717"}],"collection":[{"href":"https:\/\/www.lesjardinsdelaroussiere.fr\/index.php?rest_route=\/wp\/v2\/posts"}],"about":[{"href":"https:\/\/www.lesjardinsdelaroussiere.fr\/index.php?rest_route=\/wp\/v2\/types\/post"}],"author":[{"embeddable":true,"href":"https:\/\/www.lesjardinsdelaroussiere.fr\/index.php?rest_route=\/wp\/v2\/users\/2"}],"replies":[{"embeddable":true,"href":"https:\/\/www.lesjardinsdelaroussiere.fr\/index.php?rest_route=%2Fwp%2Fv2%2Fcomments&post=8717"}],"version-history":[{"count":1,"href":"https:\/\/www.lesjardinsdelaroussiere.fr\/index.php?rest_route=\/wp\/v2\/posts\/8717\/revisions"}],"predecessor-version":[{"id":8722,"href":"https:\/\/www.lesjardinsdelaroussiere.fr\/index.php?rest_route=\/wp\/v2\/posts\/8717\/revisions\/8722"}],"wp:attachment":[{"href":"https:\/\/www.lesjardinsdelaroussiere.fr\/index.php?rest_route=%2Fwp%2Fv2%2Fmedia&parent=8717"}],"wp:term":[{"taxonomy":"category","embeddable":true,"href":"https:\/\/www.lesjardinsdelaroussiere.fr\/index.php?rest_route=%2Fwp%2Fv2%2Fcategories&post=8717"},{"taxonomy":"post_tag","embeddable":true,"href":"https:\/\/www.lesjardinsdelaroussiere.fr\/index.php?rest_route=%2Fwp%2Fv2%2Ftags&post=8717"}],"curies":[{"name":"wp","href":"https:\/\/api.w.org\/{rel}","templated":true}]}}