{"id":8711,"date":"2021-01-18T09:41:20","date_gmt":"2021-01-18T08:41:20","guid":{"rendered":"http:\/\/www.lesjardinsdelaroussiere.fr\/?p=8711"},"modified":"2021-02-08T09:29:52","modified_gmt":"2021-02-08T08:29:52","slug":"covid-couvre-feu-nouveau-jour-de-distribution","status":"publish","type":"post","link":"https:\/\/www.lesjardinsdelaroussiere.fr\/?p=8711","title":{"rendered":"Covid, couvre feu, nouveau jour de distribution&#8230;"},"content":{"rendered":"<p>Bonjour \u00e0 toutes et \u00e0 tous,<\/p>\n<p style=\"text-align: justify;\">Comme vous le savez, un couvre-feu est actuellement en place d\u00e8s 18h00, alors que nos livraisons du jeudi ont lieu de 18h30 \u00e0 19h30 &#8230;<\/p>\n<p style=\"text-align: justify;\"><a href=\"http:\/\/www.lesjardinsdelaroussiere.fr\/?attachment_id=8713\" rel=\"attachment wp-att-8713\"><img decoding=\"async\" loading=\"lazy\" class=\"wp-image-8713 size-thumbnail alignleft\" src=\"http:\/\/lesjardinsdelaroussiere.fr\/wp-content\/uploads\/2021\/01\/Calendrier_panier-150x150.jpg\" alt=\"\" width=\"150\" height=\"150\" srcset=\"http:\/\/lesjardinsdelaroussiere.fr\/wp-content\/uploads\/2021\/01\/Calendrier_panier-150x150.jpg 150w, http:\/\/lesjardinsdelaroussiere.fr\/wp-content\/uploads\/2021\/01\/Calendrier_panier.jpg 300w\" sizes=\"(max-width: 150px) 100vw, 150px\" \/><\/a>Aussi, en l&rsquo;absence d&rsquo;autorisation particuli\u00e8re du pr\u00e9fet, nous sommes dans l&rsquo;obligation de modifier notre fonctionnement\u00a0 pendant cette p\u00e9riode.<\/p>\n<p style=\"text-align: justify;\">La solution que nous avons retenue, parce qu&rsquo;elle devrait convenir \u00e0 un maximum d&rsquo;entre nous, est d&rsquo;organiser la livraison <strong>le samedi de 11h00 \u00e0 12h00<\/strong>.<!--more-->Ce principe ne convient pas forc\u00e9ment \u00e0 tous nos producteurs qui ont d\u00e9j\u00e0 des march\u00e9s ou autres activit\u00e9s, mais des membres du C.A, tuteurs, pallieront \u00e0 ces\u00a0 probl\u00e8mes pour assurer les livraisons.<\/p>\n<p style=\"text-align: justify;\">Si vous rencontrez des soucis pour venir ce samedi, merci d&rsquo;abord de voir avec votre entourage pour vous remplacer et surtout de nous le signaler.<\/p>\n<p style=\"text-align: justify;\">Esp\u00e9rant que ce couvre-feu ne s&rsquo;\u00e9ternisera pas trop, et que cette proposition vous conviendra.<\/p>\n<p style=\"text-align: justify;\">Par ailleurs, je vous invite \u00e0 r\u00e9gler votre adh\u00e9sion 2021 \u00e0 l&rsquo;association.<\/p>\n<p style=\"text-align: justify;\">Dans <strong>AmapJ<\/strong> cliquer sur \u00ab\u00a0<strong>mes adh\u00e9sions<\/strong>\u00a0\u00bb et cocher \u00ab\u00a0<strong>j&rsquo;adh\u00e8re<\/strong>\u00ab\u00a0. il ne vous reste plus qu&rsquo;\u00e0 nous remettre le ch\u00e8que de 7\u20ac \u00e0 l&rsquo;ordre de Amap les jardins de la roussi\u00e8re.<\/p>\n<p style=\"text-align: justify;\">\u00a0\u00a0\u00a0\u00a0\u00a0\u00a0\u00a0\u00a0\u00a0\u00a0\u00a0\u00a0\u00a0\u00a0\u00a0\u00a0\u00a0\u00a0 &#8211; <a href=\"https:\/\/contrats2.amapj.fr\/p\/la-roussiere#!\/parametres\" target=\"_blank\" rel=\"noopener\"><strong>https:\/\/contrats2.amapj.fr\/p\/la-roussiere#!\/parametres<\/strong> <\/a><\/p>\n<p style=\"text-align: justify;\">Sinon, imprimer le bulletin t\u00e9l\u00e9chargeable ci-dessus.<\/p>\n<p>Dominique.<\/p>\n","protected":false},"excerpt":{"rendered":"<p>Bonjour \u00e0 toutes et \u00e0 tous, Comme vous le savez, un couvre-feu est actuellement en place d\u00e8s 18h00, alors que nos livraisons du jeudi ont lieu de 18h30 \u00e0 19h30 &#8230; Aussi, en l&rsquo;absence d&rsquo;autorisation particuli\u00e8re du pr\u00e9fet, nous sommes &hellip; <a href=\"https:\/\/www.lesjardinsdelaroussiere.fr\/?p=8711\">Continuer la lecture <span class=\"meta-nav\">&rarr;<\/span><\/a><\/p>\n","protected":false},"author":3,"featured_media":0,"comment_status":"open","ping_status":"open","sticky":false,"template":"","format":"standard","meta":[],"categories":[6],"tags":[455,425,289,456],"views":1374,"_links":{"self":[{"href":"https:\/\/www.lesjardinsdelaroussiere.fr\/index.php?rest_route=\/wp\/v2\/posts\/8711"}],"collection":[{"href":"https:\/\/www.lesjardinsdelaroussiere.fr\/index.php?rest_route=\/wp\/v2\/posts"}],"about":[{"href":"https:\/\/www.lesjardinsdelaroussiere.fr\/index.php?rest_route=\/wp\/v2\/types\/post"}],"author":[{"embeddable":true,"href":"https:\/\/www.lesjardinsdelaroussiere.fr\/index.php?rest_route=\/wp\/v2\/users\/3"}],"replies":[{"embeddable":true,"href":"https:\/\/www.lesjardinsdelaroussiere.fr\/index.php?rest_route=%2Fwp%2Fv2%2Fcomments&post=8711"}],"version-history":[{"count":5,"href":"https:\/\/www.lesjardinsdelaroussiere.fr\/index.php?rest_route=\/wp\/v2\/posts\/8711\/revisions"}],"predecessor-version":[{"id":8729,"href":"https:\/\/www.lesjardinsdelaroussiere.fr\/index.php?rest_route=\/wp\/v2\/posts\/8711\/revisions\/8729"}],"wp:attachment":[{"href":"https:\/\/www.lesjardinsdelaroussiere.fr\/index.php?rest_route=%2Fwp%2Fv2%2Fmedia&parent=8711"}],"wp:term":[{"taxonomy":"category","embeddable":true,"href":"https:\/\/www.lesjardinsdelaroussiere.fr\/index.php?rest_route=%2Fwp%2Fv2%2Fcategories&post=8711"},{"taxonomy":"post_tag","embeddable":true,"href":"https:\/\/www.lesjardinsdelaroussiere.fr\/index.php?rest_route=%2Fwp%2Fv2%2Ftags&post=8711"}],"curies":[{"name":"wp","href":"https:\/\/api.w.org\/{rel}","templated":true}]}}