{"id":8676,"date":"2020-12-24T15:39:48","date_gmt":"2020-12-24T14:39:48","guid":{"rendered":"http:\/\/www.lesjardinsdelaroussiere.fr\/?p=8676"},"modified":"2021-01-03T09:43:57","modified_gmt":"2021-01-03T08:43:57","slug":"2020-annus-horribilis-vivement-2021","status":"publish","type":"post","link":"https:\/\/www.lesjardinsdelaroussiere.fr\/?p=8676","title":{"rendered":"2020, Annus horribilis, vivement 2021 !"},"content":{"rendered":"<p>Bonjour \u00e0 toutes et \u00e0 tous,<\/p>\n<p style=\"text-align: justify;\">Non, d\u00e9cid\u00e9ment, dans les derni\u00e8res semaines de l&rsquo;ann\u00e9e 2019, rien ne laissait pr\u00e9sager que cette ann\u00e9e 2020 serait aussi \u00e9prouvante !<\/p>\n<p style=\"text-align: justify;\">\u00a0Alors si, pour les plus perspicaces, pour ceux qui sont \u00e0 l\u2019aff\u00fbt de la moindre nouvelle insolite, des signes pr\u00e9curseurs laissaient d\u00e9j\u00e0 poindre un \u00e9v\u00e9nement \u00e0 bas niveau de bruit dans une des nombreuses provinces de Chine, une infection, comme il y en a d\u00e9j\u00e0 eu quelques unes en Asie, mais on \u00e9tait bien venu \u00e0 bout de la terrible grippe aviaire H1N1 et de tous ses d\u00e9riv\u00e9s !<\/p>\n<p style=\"text-align: justify;\">Bien malin celui qui aurait pu penser que cette \u00e9ni\u00e8me \u00ab\u00a0petite grippe\u00a0\u00bb aurait pris de telles proportions !<\/p>\n<p><a href=\"http:\/\/www.lesjardinsdelaroussiere.fr\/?attachment_id=8678\" rel=\"attachment wp-att-8678\"><img decoding=\"async\" loading=\"lazy\" class=\"aligncenter size-full wp-image-8678\" src=\"http:\/\/lesjardinsdelaroussiere.fr\/wp-content\/uploads\/2020\/12\/Orage_menacant.jpg\" alt=\"\" width=\"600\" height=\"381\" srcset=\"http:\/\/lesjardinsdelaroussiere.fr\/wp-content\/uploads\/2020\/12\/Orage_menacant.jpg 600w, http:\/\/lesjardinsdelaroussiere.fr\/wp-content\/uploads\/2020\/12\/Orage_menacant-300x191.jpg 300w, http:\/\/lesjardinsdelaroussiere.fr\/wp-content\/uploads\/2020\/12\/Orage_menacant-472x300.jpg 472w\" sizes=\"(max-width: 600px) 100vw, 600px\" \/><\/a><!--more--><\/p>\n<p style=\"text-align: justify;\">Bien malin celui qui aurait pu penser que ce virus allait se propager comme une tra\u00een\u00e9e de poudre, bien malin celui qui aurait pu imaginer que cette maladie allait mettre \u00e0 genou les puissances occidentales, une \u00e0 une, y compris l&rsquo;orgueilleuse puissance num\u00e9ro 1 !<\/p>\n<p style=\"text-align: justify;\">Non, d\u00e9cid\u00e9ment, cette pand\u00e9mie \u00e9tait impossible \u00e0 anticiper dans son ampleur et ses ramifications surtout !<\/p>\n<p style=\"text-align: justify;\">La grippe espagnole, les \u00e9pid\u00e9mies de pestes, de chol\u00e9ra, le typhus du Moyen-age, nous les croyions loin derri\u00e8re nous, dans un monde aseptis\u00e9 vivant \u00e0 100 \u00e0 l&rsquo;heure, o\u00f9 les d\u00e9couvertes, les innovations technologiques se succ\u00e8dent \u00e0 un train d&rsquo;enfer, o\u00f9\u00a0les publicistes nous vantent et vendent un monde merveilleux, cela paraissait inconcevable !<\/p>\n<p style=\"text-align: justify;\">Et pourtant !<\/p>\n<p style=\"text-align: justify;\">Nous payons le prix d&rsquo;un monde o\u00f9 certes les fronti\u00e8res ont \u00e9t\u00e9 abolies pour le meilleur et pour le pire, mais en ce faisant nous avons aussi acc\u00e9l\u00e9r\u00e9 la propagation de tout ph\u00e9nom\u00e8ne viral !<\/p>\n<p style=\"text-align: justify;\">Les cons\u00e9quences humaines ont \u00e9t\u00e9 et sont encore effroyables, se chiffrant par des millions de morts, une \u00e9conomie compl\u00e8tement boulevers\u00e9e et un march\u00e9 du travail mis \u00e0 mal au moment o\u00f9 l&rsquo;on commen\u00e7ait \u00e0 entrevoir en France un timide redressement apr\u00e8s des d\u00e9cennies de cures d&rsquo;aust\u00e9rit\u00e9&#8230;<\/p>\n<p style=\"text-align: justify;\">Mais \u00e0 bien y regarder, ce n&rsquo;est pas l&rsquo;apocalypse que tous les ap\u00f4tres de l&rsquo;eschatologie veulent nous vendre !<\/p>\n<p style=\"text-align: justify;\">Le genre humain \u00e0 ceci d\u2019exceptionnel, qu&rsquo;il peut apprendre de ses erreurs et se relever quand il le veut bien !<\/p>\n<p style=\"text-align: justify;\">Face \u00e0 l&rsquo;adversit\u00e9, certains ont su retrousser leurs manches, prendre leur courage \u00e0 deux mains, innover, trouver de nouvelles solutions, tandis que les multinationales continuaient de prosp\u00e9rer dans une totale indiff\u00e9rence&#8230;<\/p>\n<p style=\"text-align: justify;\">Comme une petite lueur vacillante dans une p\u00e9nombre omnipr\u00e9sente et lourde de cris de col\u00e8re, de douleur, l&rsquo;espoir a commenc\u00e9 \u00e0 poindre ici et l\u00e0, par de timides initiatives individuelles, petit \u00e0 petit, des voies se sont \u00e9lev\u00e9es pour dire que non, ce n&rsquo;\u00e9tait pas une fatalit\u00e9 !<\/p>\n<p><a href=\"http:\/\/www.lesjardinsdelaroussiere.fr\/?attachment_id=8679\" rel=\"attachment wp-att-8679\"><img decoding=\"async\" loading=\"lazy\" class=\"aligncenter size-full wp-image-8679\" src=\"http:\/\/lesjardinsdelaroussiere.fr\/wp-content\/uploads\/2020\/12\/Graine_germant.jpg\" alt=\"\" width=\"600\" height=\"360\" srcset=\"http:\/\/lesjardinsdelaroussiere.fr\/wp-content\/uploads\/2020\/12\/Graine_germant.jpg 600w, http:\/\/lesjardinsdelaroussiere.fr\/wp-content\/uploads\/2020\/12\/Graine_germant-300x180.jpg 300w, http:\/\/lesjardinsdelaroussiere.fr\/wp-content\/uploads\/2020\/12\/Graine_germant-500x300.jpg 500w\" sizes=\"(max-width: 600px) 100vw, 600px\" \/><\/a><\/p>\n<p style=\"text-align: justify;\">Dans leur isolement physique mais non virtuel, les gens ont commenc\u00e9 \u00e0 tisser de nouveaux liens, ont trouver de nouvelles fa\u00e7ons de partager, de communiquer, sortant de la torpeur du consum\u00e9risme \u00e0 tout crin et du communautarisme st\u00e9rile.<\/p>\n<p style=\"text-align: justify;\">Les murs invisibles dress\u00e9s par des d\u00e9cennies de repli familial et d&rsquo;\u00e9gocentrisme n&rsquo;ont finalement pas emp\u00each\u00e9 de faire rena\u00eetre une \u00e9tincelle de communication et d&rsquo;humanit\u00e9 entre personnes qui ne se voyaient plus tout en se croisant chaque jour&#8230;<\/p>\n<p style=\"text-align: justify;\">A l&rsquo;heure du tout num\u00e9rique, pour le meilleur et pour le pire, le genre humain a pris conscience de la proximit\u00e9 et de sa richesse !<\/p>\n<p style=\"text-align: justify;\">Alors oui, les vieux r\u00e9flexes acquis depuis une bonne d\u00e9cennie, biberonn\u00e9s aux GAFA avec les commandes et les livraisons quasi instantan\u00e9es ne dispara\u00eetront pas du jour au lendemain, mais on peut raisonnablement penser que les initiatives timides prises dans toute la France feront peut-\u00eatre \u00e9merger de nouveaux mod\u00e8les \u00e9conomiques p\u00e9rennes qui permettront de tisser de nouveaux liens avec une \u00e9conomie non pas mondialis\u00e9e mais de proximit\u00e9 pour une bonne part !<\/p>\n<p style=\"text-align: justify;\">Le bio peut en soit servir de paradigme par son long chemin de Damas pour parvenir \u00e0 ce qu&rsquo;il est devenu aujourd&rsquo;hui !<\/p>\n<p style=\"text-align: justify;\">Mais il faut bien noter que ce mod\u00e8le s&rsquo;est d\u00e9velopp\u00e9 sur un terreau fertile qui a demand\u00e9 de nombreux efforts et sacrifices pour que la graine puisse aboutir \u00e0 ce jeune arbre vigoureux qui ne demande qu&rsquo;\u00e0 se frayer un chemin vers la canop\u00e9e d&rsquo;une for\u00eat remplie d&rsquo;esp\u00e8ces opportunistes et exclusives !<\/p>\n<p style=\"text-align: justify;\">Ce retour \u00e0 une vie saine, comptable de ses ressources, n&rsquo;aurait pas pu voir le jour sans l\u2019\u00e9nergie consid\u00e9rable que les pionniers ont d\u00fb mettre en oeuvre.<\/p>\n<p style=\"text-align: justify;\">Aujourd&rsquo;hui, l&rsquo;espoir na\u00eet plus des initiatives locales que d&rsquo;un \u00e9tat centralis\u00e9 et apparemment omnipotent, mais aux poches vides et aux pieds d&rsquo;argiles&#8230;<\/p>\n<p style=\"text-align: justify;\">Aujourd\u2019hui, l&rsquo;initiative est \u00e0 la port\u00e9e de tous, mais encore faut il qu&rsquo;une communaut\u00e9 naisse pour accompagner et les faire prosp\u00e9rer afin de redynamiser des territoires entiers tomb\u00e9s dans l&rsquo;oubli.<\/p>\n<p style=\"text-align: justify;\">Notre pays dispose de toutes les ressources naturelles n\u00e9cessaires, d&rsquo;une main d&rsquo;\u0153uvre \u00e0 profusion, d&rsquo;un savoir faire s\u00e9culier, d&rsquo;une riche culture et d&rsquo;une connaissance qui ne demande qu&rsquo;\u00e0 s\u2019\u00e9panouir !<\/p>\n<p style=\"text-align: justify;\">Notre jeunesse va devoir affronter un avenir climatique qui est d\u00e9j\u00e0 grav\u00e9 dans le marbre pour les 20 prochaines ann\u00e9es, quoi que nous fassions, aussi toute dynamique positive sera bonne \u00e0 prendre pour en att\u00e9nuer les cons\u00e9quences.<\/p>\n<p style=\"text-align: justify;\">L\u2019inertie des dirigeants et les puissants lobbies seront la \u00ab\u00a0variable d&rsquo;ajustement\u00a0\u00bb dans l&rsquo;ampleur des d\u00e9g\u00e2ts, mais ce n&rsquo;est pas une fatalit\u00e9 !<\/p>\n<p style=\"text-align: justify;\">L&rsquo;ann\u00e9e \u00e0 venir devrait permettre de juger si les vaccins sont \u00e0 la hauteur des esp\u00e9rances, et lorsque cette pand\u00e9mie ne sera plus qu&rsquo;un mauvais souvenir, il faudra en tirer les le\u00e7ons, \u00e0 tous les niveaux.<\/p>\n<p style=\"text-align: justify;\">Ne nous leurrons pas, ce n&rsquo;est ni la premi\u00e8re\u00a0 ni la derni\u00e8re h\u00e9las, mais elle aura permis de mettre en exergue notre extr\u00eame fragilit\u00e9 malgr\u00e9 nos rodomontades dans cet anthropoc\u00e8ne qui m\u00e9rite que nous n&rsquo;y laissions pas le souvenir de dinosaures qui eux, n&rsquo;\u00e9taient pas tout \u00e0 fait maitres de leur destin !<\/p>\n<p style=\"text-align: justify;\">Esp\u00e9rons que les prises de conscience conjugu\u00e9es aux initiatives de d\u00e9veloppement local sauront faire pousser les graines dans ce terreau vigoureux qui a su faire \u00e9merger le bio&#8230;<\/p>\n<p style=\"text-align: justify;\">Sur ce, passez de bonnes vacances de fin d&rsquo;ann\u00e9e, prot\u00e9gez vous, prenez soin de vos proches, et au plaisir de tous se revoir en bonne sant\u00e9 pour les paniers 2021 de l&rsquo;AMAP !<\/p>\n<p><em>Le webmaster.<\/em><\/p>\n<p><a href=\"http:\/\/www.lesjardinsdelaroussiere.fr\/?attachment_id=8680\" rel=\"attachment wp-att-8680\"><img decoding=\"async\" loading=\"lazy\" class=\"aligncenter size-full wp-image-8680\" src=\"http:\/\/lesjardinsdelaroussiere.fr\/wp-content\/uploads\/2020\/12\/Joyeuses_fetes_de_Noel_2020.jpg\" alt=\"\" width=\"600\" height=\"400\" srcset=\"http:\/\/lesjardinsdelaroussiere.fr\/wp-content\/uploads\/2020\/12\/Joyeuses_fetes_de_Noel_2020.jpg 600w, http:\/\/lesjardinsdelaroussiere.fr\/wp-content\/uploads\/2020\/12\/Joyeuses_fetes_de_Noel_2020-300x200.jpg 300w, http:\/\/lesjardinsdelaroussiere.fr\/wp-content\/uploads\/2020\/12\/Joyeuses_fetes_de_Noel_2020-450x300.jpg 450w\" sizes=\"(max-width: 600px) 100vw, 600px\" \/><\/a><\/p>\n","protected":false},"excerpt":{"rendered":"<p>Bonjour \u00e0 toutes et \u00e0 tous, Non, d\u00e9cid\u00e9ment, dans les derni\u00e8res semaines de l&rsquo;ann\u00e9e 2019, rien ne laissait pr\u00e9sager que cette ann\u00e9e 2020 serait aussi \u00e9prouvante ! \u00a0Alors si, pour les plus perspicaces, pour ceux qui sont \u00e0 l\u2019aff\u00fbt de &hellip; <a href=\"https:\/\/www.lesjardinsdelaroussiere.fr\/?p=8676\">Continuer la lecture <span class=\"meta-nav\">&rarr;<\/span><\/a><\/p>\n","protected":false},"author":2,"featured_media":0,"comment_status":"open","ping_status":"open","sticky":false,"template":"","format":"standard","meta":[],"categories":[6],"tags":[425,452,453],"views":1382,"_links":{"self":[{"href":"https:\/\/www.lesjardinsdelaroussiere.fr\/index.php?rest_route=\/wp\/v2\/posts\/8676"}],"collection":[{"href":"https:\/\/www.lesjardinsdelaroussiere.fr\/index.php?rest_route=\/wp\/v2\/posts"}],"about":[{"href":"https:\/\/www.lesjardinsdelaroussiere.fr\/index.php?rest_route=\/wp\/v2\/types\/post"}],"author":[{"embeddable":true,"href":"https:\/\/www.lesjardinsdelaroussiere.fr\/index.php?rest_route=\/wp\/v2\/users\/2"}],"replies":[{"embeddable":true,"href":"https:\/\/www.lesjardinsdelaroussiere.fr\/index.php?rest_route=%2Fwp%2Fv2%2Fcomments&post=8676"}],"version-history":[{"count":9,"href":"https:\/\/www.lesjardinsdelaroussiere.fr\/index.php?rest_route=\/wp\/v2\/posts\/8676\/revisions"}],"predecessor-version":[{"id":8692,"href":"https:\/\/www.lesjardinsdelaroussiere.fr\/index.php?rest_route=\/wp\/v2\/posts\/8676\/revisions\/8692"}],"wp:attachment":[{"href":"https:\/\/www.lesjardinsdelaroussiere.fr\/index.php?rest_route=%2Fwp%2Fv2%2Fmedia&parent=8676"}],"wp:term":[{"taxonomy":"category","embeddable":true,"href":"https:\/\/www.lesjardinsdelaroussiere.fr\/index.php?rest_route=%2Fwp%2Fv2%2Fcategories&post=8676"},{"taxonomy":"post_tag","embeddable":true,"href":"https:\/\/www.lesjardinsdelaroussiere.fr\/index.php?rest_route=%2Fwp%2Fv2%2Ftags&post=8676"}],"curies":[{"name":"wp","href":"https:\/\/api.w.org\/{rel}","templated":true}]}}