{"id":8670,"date":"2020-12-18T16:52:16","date_gmt":"2020-12-18T15:52:16","guid":{"rendered":"http:\/\/www.lesjardinsdelaroussiere.fr\/?p=8670"},"modified":"2020-12-18T16:53:37","modified_gmt":"2020-12-18T15:53:37","slug":"franck-perrault-paysan-boulanger-de-lamap-dans-ouest-france","status":"publish","type":"post","link":"https:\/\/www.lesjardinsdelaroussiere.fr\/?p=8670","title":{"rendered":"Franck PERRAULT, paysan boulanger de l&rsquo;AMAP dans Ouest-France !"},"content":{"rendered":"<p>Bonjour \u00e0 toutes et \u00e0 tous,<\/p>\n<p>Vous le connaissez tous depuis de nombreuses ann\u00e9es, c&rsquo;est lui qui fournit le pain et les p\u00e2tes tous les jeudis.<\/p>\n<p>Pour ceux qui souhaiteraient en savoir plus sur notre boulanger attitr\u00e9, voici un article paru en ligne sur le site de <a href=\"https:\/\/www.ouest-france.fr\/pays-de-la-loire\/saint-aubin-de-luigne-49190\/saint-aubin-de-luigne-un-paysan-boulanger-du-bon-grain-au-bon-pain-7087400\" target=\"_blank\" rel=\"noopener\"><strong>Ouest-France le 15 D\u00e9cembre dernier<\/strong><\/a>&#8230;<\/p>\n<p><strong>Saint-Aubin-de-Luign\u00e9. Un paysan boulanger, du bon grain au bon pain<\/strong><\/p>\n<p><a href=\"http:\/\/www.lesjardinsdelaroussiere.fr\/?attachment_id=8671\" rel=\"attachment wp-att-8671\"><img decoding=\"async\" loading=\"lazy\" class=\"aligncenter size-full wp-image-8671\" src=\"http:\/\/lesjardinsdelaroussiere.fr\/wp-content\/uploads\/2020\/12\/Franck_Perrault_devant_son_four_Ouest_France_Decembre_2020.jpg\" alt=\"\" width=\"500\" height=\"375\" srcset=\"http:\/\/lesjardinsdelaroussiere.fr\/wp-content\/uploads\/2020\/12\/Franck_Perrault_devant_son_four_Ouest_France_Decembre_2020.jpg 500w, http:\/\/lesjardinsdelaroussiere.fr\/wp-content\/uploads\/2020\/12\/Franck_Perrault_devant_son_four_Ouest_France_Decembre_2020-300x225.jpg 300w, http:\/\/lesjardinsdelaroussiere.fr\/wp-content\/uploads\/2020\/12\/Franck_Perrault_devant_son_four_Ouest_France_Decembre_2020-400x300.jpg 400w\" sizes=\"(max-width: 500px) 100vw, 500px\" \/><\/a><\/p>\n<p style=\"text-align: justify;\"><em>Du bl\u00e9 qui pousse dans les champs, aux pains qui sortent du four et vont rejoindre les paniers des clients. Franck Perrault incarne la fili\u00e8re du circuit court pour la boulangerie. Jusqu\u2019\u00e0 en cocher toutes les cases.<\/em><!--more--><\/p>\n<p style=\"text-align: justify;\"><em>Install\u00e9 pr\u00e8s du Layon, \u00e0 Saint-Aubin-de-Luign\u00e9, ce paysan-boulanger cultive ses c\u00e9r\u00e9ales en bio et fait son pain et ses p\u00e2tes qu\u2019il vend dans sa Cabane \u00e0 pains, un b\u00e2timent tout en bois qui va ouvrir le samedi matin de 8 h 30 \u00e0 13 h 30 \u00e0 partir de cette semaine.<\/em><\/p>\n<p style=\"text-align: justify;\"><em>Le lieu se veut convivial avec des tables et des chaises pour go\u00fbter, boire un caf\u00e9, \u00e9changer avec les producteurs locaux (de miel, de bi\u00e8res, de confitures\u2026) qui exposent dans les lieux. Ou avec les mara\u00eechers des environs qui livrent leurs l\u00e9gumes sur place. \u00ab <strong>Comme les autres paysans boulangers, je travaille avec tout un r\u00e9seau<\/strong> \u00bb, insiste-t-il.<\/em><\/p>\n<p style=\"text-align: justify;\"><em>\u00ab <strong>S\u2019il y avait un boulanger par village ce serait beau, commente Franck Perrault. Je souhaite construire un projet qui reste dans le temps<\/strong>. \u00bb Jusque-l\u00e0, il alimentait des magasins de producteurs, des r\u00e9seaux de consommateurs et des clients sur commande.<\/em><\/p>\n<p style=\"text-align: justify;\"><a href=\"http:\/\/www.lesjardinsdelaroussiere.fr\/?attachment_id=8672\" rel=\"attachment wp-att-8672\"><img decoding=\"async\" loading=\"lazy\" class=\"aligncenter size-full wp-image-8672\" src=\"http:\/\/lesjardinsdelaroussiere.fr\/wp-content\/uploads\/2020\/12\/Franck_Perrault_devant_sa_cabane_a_pain_Ouest_France_Decembre_2020.jpg\" alt=\"\" width=\"500\" height=\"375\" srcset=\"http:\/\/lesjardinsdelaroussiere.fr\/wp-content\/uploads\/2020\/12\/Franck_Perrault_devant_sa_cabane_a_pain_Ouest_France_Decembre_2020.jpg 500w, http:\/\/lesjardinsdelaroussiere.fr\/wp-content\/uploads\/2020\/12\/Franck_Perrault_devant_sa_cabane_a_pain_Ouest_France_Decembre_2020-300x225.jpg 300w, http:\/\/lesjardinsdelaroussiere.fr\/wp-content\/uploads\/2020\/12\/Franck_Perrault_devant_sa_cabane_a_pain_Ouest_France_Decembre_2020-400x300.jpg 400w\" sizes=\"(max-width: 500px) 100vw, 500px\" \/><\/a><br \/>\n<em>Franck Perrault est n\u00e9 \u00e0 la boulangerie sur le tard. Originaire de Montjean-sur-Loire, historien de formation, il a un temps s\u00e9journ\u00e9 au Qu\u00e9bec, o\u00f9 il a bifurqu\u00e9 vers l\u2019agriculture biologique.<\/em><\/p>\n<p style=\"text-align: justify;\"><em>\u00ab <strong>Maintenant, je sais ce que je veux<\/strong>. \u00bb Il est agriculteur-boulanger depuis une dizaine d\u2019ann\u00e9es. Sur des terres de Chalonnes-sur-Loire, il fait pousser plusieurs vari\u00e9t\u00e9s de bl\u00e9s (bl\u00e9 tendre pour le pain, bl\u00e9 dur pour les p\u00e2tes, bl\u00e9s anciens, seigle et sarrazin, petit et grand \u00e9peautre).<\/em><\/p>\n<p style=\"text-align: justify;\"><em>\u00ab <strong>Le seigle fait un pain plus fonc\u00e9, plus dense et tr\u00e8s aromatique<\/strong>. \u00bb Il travaille \u00e0 partir d\u2019anciennes vari\u00e9t\u00e9s de bl\u00e9s, comme le Timilia, qui vient de Sicile. \u00ab <strong>Des vari\u00e9t\u00e9s qui sont arriv\u00e9es de paysans en paysans sans jamais \u00eatre modifi\u00e9es<\/strong>. \u00bb<\/em><\/p>\n<p style=\"text-align: justify;\"><em>Ses vari\u00e9t\u00e9s, il les cultive sur place dans une logique de \u00ab <strong>relocalisation<\/strong> \u00bb qu\u2019il pousse jusqu\u2019au bout. Ainsi, il utilise du seigle de pluvigner dont la paille sert \u00e0 faire les toits de chaume. \u00ab <strong>C\u2019est un excellent isolant. Quand je changerai ma toiture, j\u2019utiliserais la chaume plut\u00f4t que de faire venir de l\u2019ardoise d\u2019Espagne. Ce n\u2019est pas revenir en arri\u00e8re. C\u2019est \u00eatre coh\u00e9rent<\/strong>. \u00bb<\/em><\/p>\n<p style=\"text-align: justify;\"><em>\u00catre coh\u00e9rent c\u2019est aussi faire sa farine. \u00c0 partir de l\u2019an prochain, il va installer un moulin avec une meule de pierre. \u00ab <strong>Beaucoup de boulangers, malheureusement, ne savent pas ce que leur farine contient. Moi, je sais comment mon bl\u00e9 a pouss\u00e9 et d\u2019o\u00f9 vient ma farine<\/strong> \u00bb, dit-il humblement en se d\u00e9fendant d\u2019\u00eatre donneur de le\u00e7on.<\/em><\/p>\n<p style=\"text-align: justify;\"><em>Une farine qui fait des pains aussi riches en saveurs qu\u2019en senteurs. Des pains aux graines, aux fruits, au chocolat, des brioches tress\u00e9es, des petits biscuits, du pain sans gluten, du 100 % sarrasin. Mais aussi des spaghettis, des tagliatelles, des lasagnes\u2026<\/em><\/p>\n<p style=\"text-align: justify;\"><em>Et plus tard, des tartes aux fruits de saison. \u00ab <strong>On aimerait replanter des fruitiers pour \u00eatre plus autonomes. Relocaliser c\u2019est se r\u00e9approprier le territoire<\/strong>. \u00bb<\/em><\/p>\n<p><strong>Jean-Fran\u00e7ois VALLEE (Ouest France)<\/strong><\/p>\n<p>Source : <a href=\"https:\/\/www.ouest-france.fr\/pays-de-la-loire\/saint-aubin-de-luigne-49190\/saint-aubin-de-luigne-un-paysan-boulanger-du-bon-grain-au-bon-pain-7087400\" target=\"_blank\" rel=\"noopener\"><em><strong>Ouest France 15 D\u00e9cembre 2020<\/strong><\/em><\/a><\/p>\n","protected":false},"excerpt":{"rendered":"<p>Bonjour \u00e0 toutes et \u00e0 tous, Vous le connaissez tous depuis de nombreuses ann\u00e9es, c&rsquo;est lui qui fournit le pain et les p\u00e2tes tous les jeudis. Pour ceux qui souhaiteraient en savoir plus sur notre boulanger attitr\u00e9, voici un article &hellip; <a href=\"https:\/\/www.lesjardinsdelaroussiere.fr\/?p=8670\">Continuer la lecture <span class=\"meta-nav\">&rarr;<\/span><\/a><\/p>\n","protected":false},"author":2,"featured_media":0,"comment_status":"open","ping_status":"open","sticky":false,"template":"","format":"standard","meta":[],"categories":[6],"tags":[58,449,448,85,450,451],"views":1922,"_links":{"self":[{"href":"https:\/\/www.lesjardinsdelaroussiere.fr\/index.php?rest_route=\/wp\/v2\/posts\/8670"}],"collection":[{"href":"https:\/\/www.lesjardinsdelaroussiere.fr\/index.php?rest_route=\/wp\/v2\/posts"}],"about":[{"href":"https:\/\/www.lesjardinsdelaroussiere.fr\/index.php?rest_route=\/wp\/v2\/types\/post"}],"author":[{"embeddable":true,"href":"https:\/\/www.lesjardinsdelaroussiere.fr\/index.php?rest_route=\/wp\/v2\/users\/2"}],"replies":[{"embeddable":true,"href":"https:\/\/www.lesjardinsdelaroussiere.fr\/index.php?rest_route=%2Fwp%2Fv2%2Fcomments&post=8670"}],"version-history":[{"count":0,"href":"https:\/\/www.lesjardinsdelaroussiere.fr\/index.php?rest_route=\/wp\/v2\/posts\/8670\/revisions"}],"wp:attachment":[{"href":"https:\/\/www.lesjardinsdelaroussiere.fr\/index.php?rest_route=%2Fwp%2Fv2%2Fmedia&parent=8670"}],"wp:term":[{"taxonomy":"category","embeddable":true,"href":"https:\/\/www.lesjardinsdelaroussiere.fr\/index.php?rest_route=%2Fwp%2Fv2%2Fcategories&post=8670"},{"taxonomy":"post_tag","embeddable":true,"href":"https:\/\/www.lesjardinsdelaroussiere.fr\/index.php?rest_route=%2Fwp%2Fv2%2Ftags&post=8670"}],"curies":[{"name":"wp","href":"https:\/\/api.w.org\/{rel}","templated":true}]}}