{"id":8627,"date":"2020-09-19T15:40:35","date_gmt":"2020-09-19T13:40:35","guid":{"rendered":"http:\/\/www.lesjardinsdelaroussiere.fr\/?p=8627"},"modified":"2020-09-20T09:38:12","modified_gmt":"2020-09-20T07:38:12","slug":"la-rentree","status":"publish","type":"post","link":"https:\/\/www.lesjardinsdelaroussiere.fr\/?p=8627","title":{"rendered":"La rentr\u00e9e !"},"content":{"rendered":"<p>Bonjour \u00e0 toutes et \u00e0 tous,<\/p>\n<p>La vacances, pour beaucoup atypiques, sont d\u00e9j\u00e0 derri\u00e8re nous depuis quelques semaines pour la plupart.<\/p>\n<p><a href=\"http:\/\/www.lesjardinsdelaroussiere.fr\/?attachment_id=8628\" rel=\"attachment wp-att-8628\"><img decoding=\"async\" loading=\"lazy\" class=\"aligncenter size-full wp-image-8628\" src=\"http:\/\/lesjardinsdelaroussiere.fr\/wp-content\/uploads\/2020\/09\/Vacances_covid_2020.jpg\" alt=\"\" width=\"480\" height=\"270\" srcset=\"http:\/\/lesjardinsdelaroussiere.fr\/wp-content\/uploads\/2020\/09\/Vacances_covid_2020.jpg 480w, http:\/\/lesjardinsdelaroussiere.fr\/wp-content\/uploads\/2020\/09\/Vacances_covid_2020-300x169.jpg 300w\" sizes=\"(max-width: 480px) 100vw, 480px\" \/><\/a><\/p>\n<p style=\"text-align: justify;\">Cette rentr\u00e9e garde encore un go\u00fbt amer de Covid, puisque les chiffres semblent indiquer que nous sommes repartis dans une p\u00e9riode de vigilance et de mesures qui vont aller crescendo en parall\u00e8le avec le laxisme de certains, les ados, pour la plupart.<!--more--><\/p>\n<p style=\"text-align: justify;\">Le reconfinement semble peu probable tant le co\u00fbt \u00e9conomique et social surtout, a \u00e9t\u00e9 lourd.<\/p>\n<p style=\"text-align: justify;\">Effet\u00a0 de bord concret pour l&rsquo;AMAP (hormis le changement du lieu de distribution en fin de Covid, d\u00e9but de d\u00e9confinement), l&rsquo;Assembl\u00e9e G\u00e9n\u00e9rale (A.G.) pr\u00e9vue initialement le 26 Avril, puis report\u00e9e \u00e0 fin septembre, n&rsquo;aura finalement pas lieu cette ann\u00e9e !<\/p>\n<p style=\"text-align: justify;\">Et oui, le C.A a consid\u00e9r\u00e9 que la situation sanitaire actuelle ne permettait pas de r\u00e9unir un grand nombre d&rsquo;adh\u00e9rents et leurs familles lors d&rsquo;une journ\u00e9e qui d&rsquo;habitude se veut aussi conviviale.<\/p>\n<p style=\"text-align: justify;\">Certes cela d\u00e9roge aux statuts, mais la loi pr\u00e9vaut&#8230;<\/p>\n<p style=\"text-align: justify;\">Esp\u00e9rons que cette mesure exceptionnelle afin de pr\u00e9server la sant\u00e9 de tous le restera&#8230;<\/p>\n<p style=\"text-align: justify;\">C&rsquo;est une transition toute trouv\u00e9e pour les produits bio et frais de nos producteurs dont les contrats ont pour la plupart \u00e9t\u00e9 renouvel\u00e9s sur AMAPJ et continuent d&rsquo;\u00eatre disponibles sur le site dans la section \u00e9ponyme.<\/p>\n<p style=\"text-align: justify;\">Les derni\u00e8res mises \u00e0 jour concernent les contrats tisanes de No\u00eblle avec ses tisanes m\u00e9lang\u00e9es, ses aromates, ses cosm\u00e9tiques \u00e0 base de plantes ainsi que ses colis aromates et gourmands !<\/p>\n<p><a href=\"http:\/\/www.lesjardinsdelaroussiere.fr\/?attachment_id=8630\" rel=\"attachment wp-att-8630\"><img decoding=\"async\" loading=\"lazy\" class=\"aligncenter size-full wp-image-8630\" src=\"http:\/\/lesjardinsdelaroussiere.fr\/wp-content\/uploads\/2020\/09\/Tisanes.jpg\" alt=\"\" width=\"600\" height=\"254\" srcset=\"http:\/\/lesjardinsdelaroussiere.fr\/wp-content\/uploads\/2020\/09\/Tisanes.jpg 600w, http:\/\/lesjardinsdelaroussiere.fr\/wp-content\/uploads\/2020\/09\/Tisanes-300x127.jpg 300w, http:\/\/lesjardinsdelaroussiere.fr\/wp-content\/uploads\/2020\/09\/Tisanes-500x212.jpg 500w\" sizes=\"(max-width: 600px) 100vw, 600px\" \/><\/a><\/p>\n<p style=\"text-align: justify;\">Du c\u00f4t\u00e9 de la Ronde des fruits se sont les fruits transform\u00e9s qui vont succ\u00e9der aux fruits complets nous ayant accompagn\u00e9 pendant tout l&rsquo;\u00e9t\u00e9.<\/p>\n<p style=\"text-align: justify;\"><a href=\"http:\/\/www.lesjardinsdelaroussiere.fr\/?attachment_id=8592\" rel=\"attachment wp-att-8592\"><img decoding=\"async\" loading=\"lazy\" class=\"aligncenter size-full wp-image-8592\" src=\"http:\/\/lesjardinsdelaroussiere.fr\/wp-content\/uploads\/2020\/05\/Fruits_rouges.jpg\" alt=\"\" width=\"600\" height=\"337\" srcset=\"http:\/\/lesjardinsdelaroussiere.fr\/wp-content\/uploads\/2020\/05\/Fruits_rouges.jpg 600w, http:\/\/lesjardinsdelaroussiere.fr\/wp-content\/uploads\/2020\/05\/Fruits_rouges-300x169.jpg 300w, http:\/\/lesjardinsdelaroussiere.fr\/wp-content\/uploads\/2020\/05\/Fruits_rouges-500x281.jpg 500w\" sizes=\"(max-width: 600px) 100vw, 600px\" \/><\/a>Au programme vous aurez des confitures, gel\u00e9es, sirops, vinaigres etc. qui vous attendent !<\/p>\n<p style=\"text-align: justify;\">Enfin l&rsquo;\u00e9v\u00e8nement de cette rentr\u00e9e, c&rsquo;est le <strong>week-end portes ouvertes les 03 et 04 Octobre prochains<\/strong>, afin de d\u00e9couvrir les activit\u00e9s dont<strong><a href=\"https:\/\/www.mieletloire.fr\/index.php\" target=\"_blank\" rel=\"noopener noreferrer\"> la miellerie<\/a><\/strong> et l&rsquo;\u00e9levage des reines !<\/p>\n<p style=\"text-align: justify;\"><a href=\"http:\/\/www.lesjardinsdelaroussiere.fr\/?attachment_id=8631\" rel=\"attachment wp-att-8631\"><img decoding=\"async\" loading=\"lazy\" class=\"aligncenter size-full wp-image-8631\" src=\"http:\/\/lesjardinsdelaroussiere.fr\/wp-content\/uploads\/2020\/09\/Max_et_Lyli.jpg\" alt=\"\" width=\"600\" height=\"394\" srcset=\"http:\/\/lesjardinsdelaroussiere.fr\/wp-content\/uploads\/2020\/09\/Max_et_Lyli.jpg 600w, http:\/\/lesjardinsdelaroussiere.fr\/wp-content\/uploads\/2020\/09\/Max_et_Lyli-300x197.jpg 300w, http:\/\/lesjardinsdelaroussiere.fr\/wp-content\/uploads\/2020\/09\/Max_et_Lyli-457x300.jpg 457w\" sizes=\"(max-width: 600px) 100vw, 600px\" \/><\/a><a href=\"http:\/\/www.lesjardinsdelaroussiere.fr\/?attachment_id=8632\" rel=\"attachment wp-att-8632\"><img decoding=\"async\" loading=\"lazy\" class=\"aligncenter size-full wp-image-8632\" src=\"http:\/\/lesjardinsdelaroussiere.fr\/wp-content\/uploads\/2020\/09\/Reine_fecondee_Max_et_Lyli.jpg\" alt=\"\" width=\"600\" height=\"391\" srcset=\"http:\/\/lesjardinsdelaroussiere.fr\/wp-content\/uploads\/2020\/09\/Reine_fecondee_Max_et_Lyli.jpg 600w, http:\/\/lesjardinsdelaroussiere.fr\/wp-content\/uploads\/2020\/09\/Reine_fecondee_Max_et_Lyli-300x196.jpg 300w, http:\/\/lesjardinsdelaroussiere.fr\/wp-content\/uploads\/2020\/09\/Reine_fecondee_Max_et_Lyli-460x300.jpg 460w\" sizes=\"(max-width: 600px) 100vw, 600px\" \/><\/a>Des visites guid\u00e9es, des stands pour enfants et un snack\/buvette seront au programme, le tout sous la houlette de Max et Lysiane, install\u00e9s \u00e0 <strong><a href=\"https:\/\/www.mieletloire.fr\/index.php\/contact\" target=\"_blank\" rel=\"noopener noreferrer\">la Lysandraie<\/a><\/strong> (Bouchemaine).<\/p>\n<p>N&rsquo;h\u00e9sitez pas \u00e0 visiter <strong><a href=\"https:\/\/www.mieletloire.fr\/index.php\" target=\"_blank\" rel=\"noopener noreferrer\">leur site Web<\/a><\/strong> et <strong><a href=\"https:\/\/www.facebook.com\/lymax.api\/\" target=\"_blank\" rel=\"noopener noreferrer\">Facebook<\/a><\/strong> pour de plus amples d\u00e9tails !<\/p>\n<p style=\"text-align: justify;\">N&rsquo;oublions pas nos piliers que sont S\u00e9verine avec ses paniers de l\u00e9gumes qui ont \u00ab\u00a0affol\u00e9 l&rsquo;aiguille des balances\u00a0\u00bb cette ann\u00e9e, je me souviens de certains tellement lourds que les deux mains n&rsquo;\u00e9taient pas de trop pour les porter !<\/p>\n<p style=\"text-align: justify;\">On a bien fris\u00e9 les 10 kg par moment !<\/p>\n<p style=\"text-align: justify;\"><a href=\"http:\/\/www.lesjardinsdelaroussiere.fr\/?attachment_id=8633\" rel=\"attachment wp-att-8633\"><img decoding=\"async\" loading=\"lazy\" class=\"aligncenter size-full wp-image-8633\" src=\"http:\/\/lesjardinsdelaroussiere.fr\/wp-content\/uploads\/2020\/09\/Panier_lourd.jpg\" alt=\"\" width=\"261\" height=\"300\" \/><\/a>Il faut dire que le soleil a \u00e9t\u00e9 bien pr\u00e9sent, l&rsquo;eau un peu moins, mais le r\u00e9sultat \u00e9tait l\u00e0 !<\/p>\n<p style=\"text-align: justify;\">N&rsquo;oublions pas non plus <strong>Christine GAUDIN<\/strong> avec ses volailles, ovins et lapins ainsi <strong>qu&rsquo;Isabelle et Philippe BRISSET<\/strong> pour le b\u0153uf et le veau, <strong>Franck<\/strong> avec son pain et ses pates qui accompagnent \u00e0 ravir les produits laitiers de <strong>J\u00e9r\u00f4me<\/strong> dont le succ\u00e8s semble au rendez-vous \u00e9galement !<\/p>\n<p style=\"text-align: justify;\">Je me souviens de la queue certains jeudis pour r\u00e9cup\u00e9rer fromages et autres produits laitiers !<\/p>\n<p><a href=\"http:\/\/www.lesjardinsdelaroussiere.fr\/?attachment_id=8635\" rel=\"attachment wp-att-8635\"><img decoding=\"async\" loading=\"lazy\" class=\"aligncenter size-full wp-image-8635\" src=\"http:\/\/lesjardinsdelaroussiere.fr\/wp-content\/uploads\/2020\/09\/File_interminable.jpg\" alt=\"\" width=\"600\" height=\"450\" srcset=\"http:\/\/lesjardinsdelaroussiere.fr\/wp-content\/uploads\/2020\/09\/File_interminable.jpg 600w, http:\/\/lesjardinsdelaroussiere.fr\/wp-content\/uploads\/2020\/09\/File_interminable-300x225.jpg 300w, http:\/\/lesjardinsdelaroussiere.fr\/wp-content\/uploads\/2020\/09\/File_interminable-400x300.jpg 400w\" sizes=\"(max-width: 600px) 100vw, 600px\" \/><\/a><a href=\"http:\/\/www.lesjardinsdelaroussiere.fr\/?attachment_id=8634\" rel=\"attachment wp-att-8634\"><img decoding=\"async\" loading=\"lazy\" class=\"aligncenter size-full wp-image-8634\" src=\"http:\/\/lesjardinsdelaroussiere.fr\/wp-content\/uploads\/2020\/09\/Produits_-laitiers.jpg\" alt=\"\" width=\"600\" height=\"368\" srcset=\"http:\/\/lesjardinsdelaroussiere.fr\/wp-content\/uploads\/2020\/09\/Produits_-laitiers.jpg 600w, http:\/\/lesjardinsdelaroussiere.fr\/wp-content\/uploads\/2020\/09\/Produits_-laitiers-300x184.jpg 300w, http:\/\/lesjardinsdelaroussiere.fr\/wp-content\/uploads\/2020\/09\/Produits_-laitiers-489x300.jpg 489w\" sizes=\"(max-width: 600px) 100vw, 600px\" \/><\/a><\/p>\n<p style=\"text-align: justify;\">Bravo \u00e0 tous nos producteurs qui malgr\u00e9 les contraintes du Covid, ont su garder le cap et nous fournir en temps et en heure, chaque jeudi, tous les produits promis par nos contrats !<\/p>\n<p style=\"text-align: justify;\">Voil\u00e0, il me semblait opportun de terminer sur ces bonnes notes malgr\u00e9 tout, puisque comme le disait le regrett\u00e9 Freddy, \u00ab\u00a0the show must gon on\u00a0\u00bb !<\/p>\n<p><em>Le Webmaster<\/em>.<\/p>\n<p>&nbsp;<\/p>\n","protected":false},"excerpt":{"rendered":"<p>Bonjour \u00e0 toutes et \u00e0 tous, La vacances, pour beaucoup atypiques, sont d\u00e9j\u00e0 derri\u00e8re nous depuis quelques semaines pour la plupart. Cette rentr\u00e9e garde encore un go\u00fbt amer de Covid, puisque les chiffres semblent indiquer que nous sommes repartis dans &hellip; <a href=\"https:\/\/www.lesjardinsdelaroussiere.fr\/?p=8627\">Continuer la lecture <span class=\"meta-nav\">&rarr;<\/span><\/a><\/p>\n","protected":false},"author":1,"featured_media":0,"comment_status":"open","ping_status":"open","sticky":false,"template":"","format":"standard","meta":[],"categories":[3,154,6],"tags":[],"views":1740,"_links":{"self":[{"href":"https:\/\/www.lesjardinsdelaroussiere.fr\/index.php?rest_route=\/wp\/v2\/posts\/8627"}],"collection":[{"href":"https:\/\/www.lesjardinsdelaroussiere.fr\/index.php?rest_route=\/wp\/v2\/posts"}],"about":[{"href":"https:\/\/www.lesjardinsdelaroussiere.fr\/index.php?rest_route=\/wp\/v2\/types\/post"}],"author":[{"embeddable":true,"href":"https:\/\/www.lesjardinsdelaroussiere.fr\/index.php?rest_route=\/wp\/v2\/users\/1"}],"replies":[{"embeddable":true,"href":"https:\/\/www.lesjardinsdelaroussiere.fr\/index.php?rest_route=%2Fwp%2Fv2%2Fcomments&post=8627"}],"version-history":[{"count":8,"href":"https:\/\/www.lesjardinsdelaroussiere.fr\/index.php?rest_route=\/wp\/v2\/posts\/8627\/revisions"}],"predecessor-version":[{"id":8643,"href":"https:\/\/www.lesjardinsdelaroussiere.fr\/index.php?rest_route=\/wp\/v2\/posts\/8627\/revisions\/8643"}],"wp:attachment":[{"href":"https:\/\/www.lesjardinsdelaroussiere.fr\/index.php?rest_route=%2Fwp%2Fv2%2Fmedia&parent=8627"}],"wp:term":[{"taxonomy":"category","embeddable":true,"href":"https:\/\/www.lesjardinsdelaroussiere.fr\/index.php?rest_route=%2Fwp%2Fv2%2Fcategories&post=8627"},{"taxonomy":"post_tag","embeddable":true,"href":"https:\/\/www.lesjardinsdelaroussiere.fr\/index.php?rest_route=%2Fwp%2Fv2%2Ftags&post=8627"}],"curies":[{"name":"wp","href":"https:\/\/api.w.org\/{rel}","templated":true}]}}