{"id":8590,"date":"2020-05-10T17:02:41","date_gmt":"2020-05-10T15:02:41","guid":{"rendered":"http:\/\/www.lesjardinsdelaroussiere.fr\/?p=8590"},"modified":"2020-05-10T17:06:00","modified_gmt":"2020-05-10T15:06:00","slug":"nouveau-lieu-de-distribution-des-le-14-mai-jusquen-juillet","status":"publish","type":"post","link":"https:\/\/www.lesjardinsdelaroussiere.fr\/?p=8590","title":{"rendered":"Nouveau lieu de distribution d\u00e8s le 14 Mai jusqu&rsquo;en Juillet !"},"content":{"rendered":"<p>Bonjour \u00e0 toutes et \u00e0 tous,<\/p>\n<p style=\"text-align: justify;\">La fin du confinement indique aussi la reprise de l&rsquo;\u00e9cole et \u00e0 ce stade, la municipalit\u00e9 ne souhaite pas que nous organisions notre livraison hebdomadaire sous le pr\u00e9au de l&rsquo;\u00e9cole au moins jusqu&rsquo;au d\u00e9but des vacances scolaires.<\/p>\n<p style=\"text-align: justify;\">Nous sommes convenus de nous installer sous <strong>le pr\u00e9au du camping municipal<\/strong> et d&rsquo;y respecter, ce que nous faisons au mieux depuis deux mois, les gestes \u00ab\u00a0barri\u00e8res\u00a0\u00bb, de limiter les \u00e9changes et moments conviviaux, etc.<\/p>\n<p><a href=\"http:\/\/www.lesjardinsdelaroussiere.fr\/?attachment_id=8591\" rel=\"attachment wp-att-8591\"><img decoding=\"async\" loading=\"lazy\" class=\"aligncenter size-full wp-image-8591\" src=\"http:\/\/lesjardinsdelaroussiere.fr\/wp-content\/uploads\/2020\/05\/Preau_camping_MJ_2020.jpg\" alt=\"\" width=\"600\" height=\"450\" srcset=\"http:\/\/lesjardinsdelaroussiere.fr\/wp-content\/uploads\/2020\/05\/Preau_camping_MJ_2020.jpg 600w, http:\/\/lesjardinsdelaroussiere.fr\/wp-content\/uploads\/2020\/05\/Preau_camping_MJ_2020-300x225.jpg 300w, http:\/\/lesjardinsdelaroussiere.fr\/wp-content\/uploads\/2020\/05\/Preau_camping_MJ_2020-400x300.jpg 400w\" sizes=\"(max-width: 600px) 100vw, 600px\" \/><\/a><!--more--><\/p>\n<p style=\"text-align: justify;\">Concr\u00e8tement\u00a0 et \u00e0 partir de jeudi, sur ce site, nous devrons instaurer un sens unique de circulation sous le pr\u00e9au, un parking est \u00e0 disposition juste \u00e0 l&rsquo;entr\u00e9e du camping et il suffira de descendre un petit chemin pour retrouver vos producteurs et paysans pr\u00e9f\u00e9r\u00e9s.<\/p>\n<p>Par ailleurs nous reprenons les <strong>horaires habituels c&rsquo;est \u00e0 dire: 18h30\/19h30<\/strong>.<\/p>\n<p style=\"text-align: justify;\">L&rsquo;\u00e9t\u00e9 approche, c&rsquo;est donc le moment du <strong>contrat \u00ab\u00a0fruits frais\u00a0\u00bb de la Ronde des Fruits.<\/strong><\/p>\n<p><a href=\"http:\/\/www.lesjardinsdelaroussiere.fr\/?attachment_id=8592\" rel=\"attachment wp-att-8592\"><img decoding=\"async\" loading=\"lazy\" class=\"aligncenter size-full wp-image-8592\" src=\"http:\/\/lesjardinsdelaroussiere.fr\/wp-content\/uploads\/2020\/05\/Fruits_rouges.jpg\" alt=\"\" width=\"600\" height=\"337\" srcset=\"http:\/\/lesjardinsdelaroussiere.fr\/wp-content\/uploads\/2020\/05\/Fruits_rouges.jpg 600w, http:\/\/lesjardinsdelaroussiere.fr\/wp-content\/uploads\/2020\/05\/Fruits_rouges-300x169.jpg 300w, http:\/\/lesjardinsdelaroussiere.fr\/wp-content\/uploads\/2020\/05\/Fruits_rouges-500x281.jpg 500w\" sizes=\"(max-width: 600px) 100vw, 600px\" \/><\/a><\/p>\n<p><strong> Celui ci commencera le jeudi 4 Juin pour se terminer le jeudi 17 Septembre.<\/strong><\/p>\n<p style=\"text-align: justify;\">Comme les ann\u00e9es pass\u00e9es, deux types de panier sont propos\u00e9s (10 et 15\u20ac), avec possibilit\u00e9 de supprimer deux dates de livraison sur le contrat, soit 15, 16 ou 17 livraisons.<\/p>\n<p style=\"text-align: justify;\">Exemple du contenu d&rsquo;un panier suivant la saison:<\/p>\n<ul>\n<li><strong>Panier 10 euros:<\/strong>\n<ul>\n<li>250g de fraises<\/li>\n<li>125g de framboises<\/li>\n<li>125g de myrtilles<\/li>\n<li>150g de cerises<br \/>\nou&#8230;<\/li>\n<li>250g de fraises<\/li>\n<li>125g de m\u00fbres<\/li>\n<li>500g de p\u00e8ches<\/li>\n<li>250g de prunes<\/li>\n<\/ul>\n<\/li>\n<li><strong>Panier 15 euros: <\/strong>\n<ul>\n<li>500g de fraises<\/li>\n<li>125g de framboises<\/li>\n<li>125g de myrtilles<\/li>\n<li>125g de groseilles<br \/>\nou<\/li>\n<li>250g fraises<\/li>\n<li>125g de framboises<\/li>\n<li>125g de m\u00fbres<\/li>\n<li>125g de myrtilles<\/li>\n<li>250g de mirabelles<\/li>\n<li>300g de poires<\/li>\n<\/ul>\n<\/li>\n<\/ul>\n<p>Ce contrat est accessible via <a href=\"https:\/\/contrats2.amapj.fr\/p\/la-roussiere#!\/mes_contrats\" target=\"_blank\" rel=\"noopener noreferrer\"><strong>Amap J<\/strong><\/a>, voir \u00e9galement la section \u00ab\u00a0<a href=\"http:\/\/www.lesjardinsdelaroussiere.fr\/?page_id=151\" target=\"_blank\" rel=\"noopener noreferrer\"><strong>Contrats<\/strong><\/a>\u00ab\u00a0.<\/p>\n<p>@ tr\u00e8s bient\u00f4t<\/p>\n<p><em>Dominique<\/em><\/p>\n","protected":false},"excerpt":{"rendered":"<p>Bonjour \u00e0 toutes et \u00e0 tous, La fin du confinement indique aussi la reprise de l&rsquo;\u00e9cole et \u00e0 ce stade, la municipalit\u00e9 ne souhaite pas que nous organisions notre livraison hebdomadaire sous le pr\u00e9au de l&rsquo;\u00e9cole au moins jusqu&rsquo;au d\u00e9but &hellip; <a href=\"https:\/\/www.lesjardinsdelaroussiere.fr\/?p=8590\">Continuer la lecture <span class=\"meta-nav\">&rarr;<\/span><\/a><\/p>\n","protected":false},"author":3,"featured_media":0,"comment_status":"open","ping_status":"open","sticky":false,"template":"","format":"standard","meta":[],"categories":[148,6],"tags":[441,425,289,443,442],"views":3180,"_links":{"self":[{"href":"https:\/\/www.lesjardinsdelaroussiere.fr\/index.php?rest_route=\/wp\/v2\/posts\/8590"}],"collection":[{"href":"https:\/\/www.lesjardinsdelaroussiere.fr\/index.php?rest_route=\/wp\/v2\/posts"}],"about":[{"href":"https:\/\/www.lesjardinsdelaroussiere.fr\/index.php?rest_route=\/wp\/v2\/types\/post"}],"author":[{"embeddable":true,"href":"https:\/\/www.lesjardinsdelaroussiere.fr\/index.php?rest_route=\/wp\/v2\/users\/3"}],"replies":[{"embeddable":true,"href":"https:\/\/www.lesjardinsdelaroussiere.fr\/index.php?rest_route=%2Fwp%2Fv2%2Fcomments&post=8590"}],"version-history":[{"count":3,"href":"https:\/\/www.lesjardinsdelaroussiere.fr\/index.php?rest_route=\/wp\/v2\/posts\/8590\/revisions"}],"predecessor-version":[{"id":8595,"href":"https:\/\/www.lesjardinsdelaroussiere.fr\/index.php?rest_route=\/wp\/v2\/posts\/8590\/revisions\/8595"}],"wp:attachment":[{"href":"https:\/\/www.lesjardinsdelaroussiere.fr\/index.php?rest_route=%2Fwp%2Fv2%2Fmedia&parent=8590"}],"wp:term":[{"taxonomy":"category","embeddable":true,"href":"https:\/\/www.lesjardinsdelaroussiere.fr\/index.php?rest_route=%2Fwp%2Fv2%2Fcategories&post=8590"},{"taxonomy":"post_tag","embeddable":true,"href":"https:\/\/www.lesjardinsdelaroussiere.fr\/index.php?rest_route=%2Fwp%2Fv2%2Ftags&post=8590"}],"curies":[{"name":"wp","href":"https:\/\/api.w.org\/{rel}","templated":true}]}}