{"id":8584,"date":"2020-04-20T20:50:58","date_gmt":"2020-04-20T18:50:58","guid":{"rendered":"http:\/\/www.lesjardinsdelaroussiere.fr\/?p=8584"},"modified":"2020-04-20T20:51:41","modified_gmt":"2020-04-20T18:51:41","slug":"quelques-infos-sur-les-contrats-et-amapj","status":"publish","type":"post","link":"https:\/\/www.lesjardinsdelaroussiere.fr\/?p=8584","title":{"rendered":"Quelques infos sur les contrats et AMAPJ&#8230;"},"content":{"rendered":"<p>Bonjour \u00e0 toutes et \u00e0 tous,<\/p>\n<p>Sur l&rsquo;ensemble des contrats propos\u00e9s par l&rsquo;Amap, trois sont effectivement renouvel\u00e9s \u00e0 la date du 1er Mai: les l\u00e9gumes de S\u00e9verine, le pain\/p\u00e2tes de Franck et les produits laitiers de J\u00e9r\u00f4me.<\/p>\n<p><a href=\"http:\/\/www.lesjardinsdelaroussiere.fr\/?attachment_id=8585\" rel=\"attachment wp-att-8585\"><img decoding=\"async\" loading=\"lazy\" class=\"aligncenter size-full wp-image-8585\" src=\"http:\/\/lesjardinsdelaroussiere.fr\/wp-content\/uploads\/2020\/04\/Legumes-pain-pates-produits-laitiers.jpg\" alt=\"\" width=\"650\" height=\"400\" srcset=\"http:\/\/lesjardinsdelaroussiere.fr\/wp-content\/uploads\/2020\/04\/Legumes-pain-pates-produits-laitiers.jpg 650w, http:\/\/lesjardinsdelaroussiere.fr\/wp-content\/uploads\/2020\/04\/Legumes-pain-pates-produits-laitiers-300x185.jpg 300w, http:\/\/lesjardinsdelaroussiere.fr\/wp-content\/uploads\/2020\/04\/Legumes-pain-pates-produits-laitiers-488x300.jpg 488w\" sizes=\"(max-width: 650px) 100vw, 650px\" \/><\/a><!--more--><\/p>\n<p style=\"text-align: justify;\">Petit rappel, pour valider ces contrats vous devez vous rendre sur Amap J, notre logiciel de suivi :<\/p>\n<p style=\"text-align: center;\">\u00a0\u00a0\u00a0\u00a0<strong><a href=\"https:\/\/contrats2.amapj.fr\/p\/la-roussiere#!\/mes_contrats\" target=\"_blank\" rel=\"noopener noreferrer\">https:\/\/contrats2.amapj.fr\/p\/la-roussiere#!\/mes_contrats<\/a><\/strong><\/p>\n<p>Et si \u00e0 ce propos vous rencontrez un quelconque probl\u00e8me, nous le signaler par retour d&rsquo;e-mail.<\/p>\n<p>Pr\u00e9cisions \u00e0 destination, principalement des nouveaux adh\u00e9rents:<\/p>\n<ul>\n<li style=\"text-align: justify;\">Le contrat \u00ab\u00a0pain\u00a0\u00bb fonctionne avec un tableau indiquant, les types de pain propos\u00e9, les dates de livraison, aussi est-il possible de mixer vos commandes en fonction de vos souhaits.<br \/>\nPour celles et ceux qui l&rsquo;ignoreraient, Franck est un paysan-boulanger, c&rsquo;est \u00e0 dire qu&rsquo;il ne se limite pas \u00e0 cuire son pain dans son beau four \u00e0 bois, mais il plante et moissonne \u00e9galement ses graines et fait sa farine (on n&rsquo;est jamais mieux servi que par soi-m\u00eame).<\/li>\n<li style=\"text-align: justify;\">Pour le contrat \u00ab\u00a0produits laitiers\u00a0\u00bb de J\u00e9r\u00f4me. Le contrat est organis\u00e9 sous forme de \u00ab\u00a0panier\u00a0\u00bb au choix de 5, 7 ou 9\u20ac et la livraison a lieu chaque quinzaine (semaine impaire).<br \/>\nEt c&rsquo;est sur place, en fonction de votre envie, du moment que vous remplissez votre panier avec lait cru, yaourts, fromages frais, tome, faisselle &#8230;<\/li>\n<li style=\"text-align: justify;\">Pour S\u00e9verine, le contrat le plus sollicit\u00e9, une livraison hebdomadaire <strong>sauf la semaine de l&rsquo;Ascension<\/strong>.<br \/>\nComme chaque ann\u00e9e, le d\u00e9but de ce contrat l\u00e9gumes correspond \u00e0 la p\u00e9riode la plus compliqu\u00e9e pour les maraichers, d&rsquo;o\u00f9 le choix de S\u00e9verine d&rsquo;une semaine sans livraison au contrat.<br \/>\nLe mois de Mai est la p\u00e9riode o\u00f9 les l\u00e9gumes d&rsquo;hiver sont tous consomm\u00e9s mais ceux de l&rsquo;\u00e9t\u00e9 pas encore suffisamment pouss\u00e9s, bref il faudra patienter un peu, avant de retrouver nos paniers tellement bien garnis cet \u00e9t\u00e9.<\/li>\n<\/ul>\n<p>Rappel \u00e0 celles et ceux ayant un panier \u00ab\u00a0partag\u00e9\u00a0\u00bb, nous signaler votre choix (semaine paire ou impaire).<\/p>\n<p style=\"text-align: justify;\">Et puis, parce que cette p\u00e9riode de confinement a peut-\u00eatre permis \u00e0 certains de d\u00e9couvrir les autres contrats, notamment les viandes, je vous rappelle que s&rsquo;ils ne sont pas accessibles sur AmapJ parce que d\u00e9j\u00e0 commenc\u00e9 depuis le d\u00e9but de l&rsquo;ann\u00e9e, il faut solliciter le tuteur ou directement via <strong><a href=\"mailto:lesjardinsdelaroussiere@laposte.net\">cette messagerie<\/a><\/strong>.<\/p>\n<p><em>Dominique<\/em>.<\/p>\n","protected":false},"excerpt":{"rendered":"<p>Bonjour \u00e0 toutes et \u00e0 tous, Sur l&rsquo;ensemble des contrats propos\u00e9s par l&rsquo;Amap, trois sont effectivement renouvel\u00e9s \u00e0 la date du 1er Mai: les l\u00e9gumes de S\u00e9verine, le pain\/p\u00e2tes de Franck et les produits laitiers de J\u00e9r\u00f4me.<\/p>\n","protected":false},"author":3,"featured_media":0,"comment_status":"open","ping_status":"open","sticky":false,"template":"","format":"standard","meta":[],"categories":[148,6],"tags":[421,73,85,440,439],"views":2489,"_links":{"self":[{"href":"https:\/\/www.lesjardinsdelaroussiere.fr\/index.php?rest_route=\/wp\/v2\/posts\/8584"}],"collection":[{"href":"https:\/\/www.lesjardinsdelaroussiere.fr\/index.php?rest_route=\/wp\/v2\/posts"}],"about":[{"href":"https:\/\/www.lesjardinsdelaroussiere.fr\/index.php?rest_route=\/wp\/v2\/types\/post"}],"author":[{"embeddable":true,"href":"https:\/\/www.lesjardinsdelaroussiere.fr\/index.php?rest_route=\/wp\/v2\/users\/3"}],"replies":[{"embeddable":true,"href":"https:\/\/www.lesjardinsdelaroussiere.fr\/index.php?rest_route=%2Fwp%2Fv2%2Fcomments&post=8584"}],"version-history":[{"count":0,"href":"https:\/\/www.lesjardinsdelaroussiere.fr\/index.php?rest_route=\/wp\/v2\/posts\/8584\/revisions"}],"wp:attachment":[{"href":"https:\/\/www.lesjardinsdelaroussiere.fr\/index.php?rest_route=%2Fwp%2Fv2%2Fmedia&parent=8584"}],"wp:term":[{"taxonomy":"category","embeddable":true,"href":"https:\/\/www.lesjardinsdelaroussiere.fr\/index.php?rest_route=%2Fwp%2Fv2%2Fcategories&post=8584"},{"taxonomy":"post_tag","embeddable":true,"href":"https:\/\/www.lesjardinsdelaroussiere.fr\/index.php?rest_route=%2Fwp%2Fv2%2Ftags&post=8584"}],"curies":[{"name":"wp","href":"https:\/\/api.w.org\/{rel}","templated":true}]}}