{"id":8579,"date":"2020-04-17T10:37:41","date_gmt":"2020-04-17T08:37:41","guid":{"rendered":"http:\/\/www.lesjardinsdelaroussiere.fr\/?p=8579"},"modified":"2020-04-17T10:42:08","modified_gmt":"2020-04-17T08:42:08","slug":"nouveau-contrat-fruits-corses","status":"publish","type":"post","link":"https:\/\/www.lesjardinsdelaroussiere.fr\/?p=8579","title":{"rendered":"Nouveau contrat fruits corses !"},"content":{"rendered":"<p style=\"text-align: justify;\">Bonjour \u00e0 toutes et \u00e0 tous,<\/p>\n<p style=\"text-align: justify;\">Vous trouverez le nouveau contrat fruits corses dans la section \u00ab\u00a0<strong><a href=\"http:\/\/www.lesjardinsdelaroussiere.fr\/?page_id=151\" target=\"_blank\" rel=\"noopener noreferrer\">Contrats<\/a><\/strong>\u00a0\u00bb du site.<\/p>\n<p style=\"text-align: justify;\">Je vous communique par ailleurs, \u00e0 titre d&rsquo;information, une lettre info d&rsquo;<a href=\"http:\/\/www.alimea.fr\/acceuil.html\" target=\"_blank\" rel=\"noopener noreferrer\"><strong>ALIMEA<\/strong><\/a>, la coop\u00e9rative productrice des fruits corses.<\/p>\n<p style=\"text-align: justify;\"><strong>Ce contrat \u00e9tant particulier, il n&rsquo;est pas saisissable sur Amap J.<\/strong><\/p>\n<p style=\"text-align: justify;\">Comme chaque ann\u00e9e, il s&rsquo;agit d&rsquo;une <strong>livraison mensuelle de Novembre \u00e0 Avril<\/strong> (au total, <strong>5 livraisons<\/strong>).<\/p>\n<p style=\"text-align: justify;\"><a href=\"http:\/\/www.lesjardinsdelaroussiere.fr\/?attachment_id=8580\" rel=\"attachment wp-att-8580\"><img decoding=\"async\" loading=\"lazy\" class=\"aligncenter size-full wp-image-8580\" src=\"http:\/\/lesjardinsdelaroussiere.fr\/wp-content\/uploads\/2020\/04\/Fruits_corses.jpg\" alt=\"\" width=\"650\" height=\"198\" srcset=\"http:\/\/lesjardinsdelaroussiere.fr\/wp-content\/uploads\/2020\/04\/Fruits_corses.jpg 650w, http:\/\/lesjardinsdelaroussiere.fr\/wp-content\/uploads\/2020\/04\/Fruits_corses-300x91.jpg 300w, http:\/\/lesjardinsdelaroussiere.fr\/wp-content\/uploads\/2020\/04\/Fruits_corses-500x152.jpg 500w\" sizes=\"(max-width: 650px) 100vw, 650px\" \/><\/a><strong>Le nombre de contrats \u00e9tant limit\u00e9, une priorit\u00e9 sera donn\u00e9 par ordre d&rsquo;arriv\u00e9e des demandes. <\/strong><!--more--><\/p>\n<p style=\"text-align: justify;\">Merci de me pr\u00e9ciser si vous souhaitez un panier entier ou un demi-panier.<\/p>\n<p style=\"text-align: justify;\">Pour information, il est possible que pour satisfaire un maximum d&rsquo;amapiens, nous proposions automatiquement un demi-panier en fonction du nombre de demandes.<\/p>\n<p>Concernant les contrats et les ch\u00e8ques, je reviendrai vers les personnes int\u00e9ress\u00e9es par le contrat dans un 2d temps.<\/p>\n<p>Je vous esp\u00e8re, vous et vos familles en pleine forme en cette p\u00e9riode de confinement.<\/p>\n<p>N&rsquo;h\u00e9sitez pas \u00e0 m&rsquo;appeler si n\u00e9cessaire,<\/p>\n<p><em>Delphine (06 64 26 57 42)<\/em><\/p>\n<p>La lettre d&rsquo;info :<\/p>\n<p style=\"text-align: justify; padding-left: 40px;\"><em>En ces circonstances assez particuli\u00e8res, nous esp\u00e9rons que tous les amapiens vont bien.<\/em><\/p>\n<p style=\"text-align: justify; padding-left: 40px;\"><em>De notre c\u00f4t\u00e9, nous continuons notre activit\u00e9 en respectant les consignes de s\u00e9curit\u00e9 (port de gants et masque, lavage des mains r\u00e9guli\u00e8rement, distance de s\u00e9curit\u00e9 etc.), les producteurs continuent de ramasser \u00e9galement.<\/em><\/p>\n<p style=\"text-align: justify; padding-left: 40px;\"><em>Nous n\u2019avons pas sp\u00e9cialement de soucis au niveau des transports, ils circulent en Corse et sur le continent, donc nous pouvons assurer vos d\u00e9parts.<\/em><\/p>\n<p style=\"text-align: justify; padding-left: 40px;\"><em>\u00a0Nous sommes en pleine campagne de pomelo. <\/em><\/p>\n<p style=\"text-align: justify; padding-left: 40px;\"><em>Cette ann\u00e9e, les kumquats et les avocats se sont faits discrets.<br \/>\n<\/em><em>Notre producteur de kumquat a eu un probl\u00e8me sur ses arbres en d\u00e9but de r\u00e9colte, ils ont d\u00e9velopp\u00e9 une maladie, le phytophtora.<br \/>\nLes fruits pourrissaient et n\u2019\u00e9taient donc pas ramassables.<\/em><\/p>\n<p style=\"text-align: justify; padding-left: 40px;\"><em>Concernant notre producteur d\u2019avocat,\u00a0\u00a0ce fut une catastrophe.<br \/>\nUne grosse partie de la r\u00e9colte a \u00e9t\u00e9 perdu \u00e0 cause des temp\u00eates et des vents violents.<br \/>\nEt le reste de la r\u00e9colte a \u00e9t\u00e9 vachement ab\u00eem\u00e9 avec les frottements sur les arbres.<br \/>\nCertains ont pourri et d\u2019autres \u00e9taient trop tach\u00e9s\u2026<\/em><\/p>\n<p style=\"text-align: justify; padding-left: 40px;\"><em>Nous avons eu un gros coup de froid en semaine 13 (du 23\/03 au 29\/03), il s\u2019est m\u00eame mis \u00e0 neiger dans certains villages.<br \/>\nEn plaine, nous avons eu de la pluie et un peu de neige fondue.<br \/>\nCe temps \u00e9tait assez inattendu car ce froid nous l\u2019avons de mani\u00e8re g\u00e9n\u00e9rale courant f\u00e9vrier.<br \/>\nCette chute de temp\u00e9rature au printemps peut nuire \u00e0 une r\u00e9colte.<br \/>\nLes cl\u00e9mentines, oranges et autres fruits sont en floraison,\u00a0\u00a0les basses temp\u00e9ratures peuvent faire chuter les fleurs et comme elles deviennent des fruits, la future r\u00e9colte devient moindre.<br \/>\nIl est encore t\u00f4t pour les estimations, mais de notre c\u00f4t\u00e9 les arbres se portent bien\u00a0!<\/em><\/p>\n<p style=\"text-align: justify; padding-left: 40px;\"><em>Pour quelques-uns d\u2019entre vous, les derni\u00e8res palettes sont parties. <\/em><\/p>\n<p style=\"text-align: justify; padding-left: 40px;\"><em>Nous commen\u00e7ons \u00e0 r\u00e9\u00e9diter les nouveaux contrats (2020-2021) car certains r\u00e9f\u00e9rents les demandent d\u00e9j\u00e0.<\/em><\/p>\n<p style=\"text-align: justify; padding-left: 40px;\"><em>Pour la nouvelle saison, le prix du contrat sera amen\u00e9 \u00e0 augmenter. <\/em><\/p>\n<p style=\"text-align: justify; padding-left: 40px;\"><em>Les contrats n\u2019ont pas chang\u00e9 durant un laps de temps assez long et nous sentons la r\u00e9percussion ces derni\u00e8res ann\u00e9es. <\/em><\/p>\n<p style=\"text-align: justify; padding-left: 40px;\"><em>En effet, nous faisons face \u00e0 de nombreuses augmentations comme le prix du transport, le prix de la caisserie etc. <\/em><\/p>\n<p style=\"text-align: justify; padding-left: 40px;\"><em>Bien \u00e9videmment, la hausse du prix du contrat est en ad\u00e9quation avec ces augmentations.<\/em><\/p>\n<p style=\"text-align: justify; padding-left: 40px;\"><em>Nous esp\u00e9rons que vous comprendrez et nous vous remercions pour votre solidarit\u00e9 qui dure depuis quelques ann\u00e9es d\u00e9j\u00e0.<\/em><\/p>\n<p style=\"text-align: justify; padding-left: 40px;\"><em>\u00a0Bonne fin de journ\u00e9e.<\/em><\/p>\n<p style=\"padding-left: 40px;\"><em>Cordialement,<\/em><\/p>\n<p style=\"padding-left: 40px;\"><em><strong>Coop\u00e9rative ALIMEA<\/strong>, Bravone, F-20230 Linguizzettat\u00e9l: + 33 (0)4 95 38 88 74 fax: + 33 (0)4 95 38 88 60N\u00b0 TVA : FR 85 338 714 777<\/em><\/p>\n<p>&nbsp;<\/p>\n","protected":false},"excerpt":{"rendered":"<p>Bonjour \u00e0 toutes et \u00e0 tous, Vous trouverez le nouveau contrat fruits corses dans la section \u00ab\u00a0Contrats\u00a0\u00bb du site. Je vous communique par ailleurs, \u00e0 titre d&rsquo;information, une lettre info d&rsquo;ALIMEA, la coop\u00e9rative productrice des fruits corses. Ce contrat \u00e9tant &hellip; <a href=\"https:\/\/www.lesjardinsdelaroussiere.fr\/?p=8579\">Continuer la lecture <span class=\"meta-nav\">&rarr;<\/span><\/a><\/p>\n","protected":false},"author":3,"featured_media":0,"comment_status":"open","ping_status":"open","sticky":false,"template":"","format":"standard","meta":[],"categories":[148,6],"tags":[434,438,185,433,437,435,436],"views":1849,"_links":{"self":[{"href":"https:\/\/www.lesjardinsdelaroussiere.fr\/index.php?rest_route=\/wp\/v2\/posts\/8579"}],"collection":[{"href":"https:\/\/www.lesjardinsdelaroussiere.fr\/index.php?rest_route=\/wp\/v2\/posts"}],"about":[{"href":"https:\/\/www.lesjardinsdelaroussiere.fr\/index.php?rest_route=\/wp\/v2\/types\/post"}],"author":[{"embeddable":true,"href":"https:\/\/www.lesjardinsdelaroussiere.fr\/index.php?rest_route=\/wp\/v2\/users\/3"}],"replies":[{"embeddable":true,"href":"https:\/\/www.lesjardinsdelaroussiere.fr\/index.php?rest_route=%2Fwp%2Fv2%2Fcomments&post=8579"}],"version-history":[{"count":1,"href":"https:\/\/www.lesjardinsdelaroussiere.fr\/index.php?rest_route=\/wp\/v2\/posts\/8579\/revisions"}],"predecessor-version":[{"id":8583,"href":"https:\/\/www.lesjardinsdelaroussiere.fr\/index.php?rest_route=\/wp\/v2\/posts\/8579\/revisions\/8583"}],"wp:attachment":[{"href":"https:\/\/www.lesjardinsdelaroussiere.fr\/index.php?rest_route=%2Fwp%2Fv2%2Fmedia&parent=8579"}],"wp:term":[{"taxonomy":"category","embeddable":true,"href":"https:\/\/www.lesjardinsdelaroussiere.fr\/index.php?rest_route=%2Fwp%2Fv2%2Fcategories&post=8579"},{"taxonomy":"post_tag","embeddable":true,"href":"https:\/\/www.lesjardinsdelaroussiere.fr\/index.php?rest_route=%2Fwp%2Fv2%2Ftags&post=8579"}],"curies":[{"name":"wp","href":"https:\/\/api.w.org\/{rel}","templated":true}]}}