{"id":8564,"date":"2020-03-25T13:43:34","date_gmt":"2020-03-25T12:43:34","guid":{"rendered":"http:\/\/www.lesjardinsdelaroussiere.fr\/?p=8564"},"modified":"2020-03-25T13:47:21","modified_gmt":"2020-03-25T12:47:21","slug":"consignes-amap-pour-preserver-les-distributions-de-paniers","status":"publish","type":"post","link":"https:\/\/www.lesjardinsdelaroussiere.fr\/?p=8564","title":{"rendered":"Consignes AMAP pour pr\u00e9server les distributions de paniers !"},"content":{"rendered":"<p style=\"text-align: justify;\">Bonjour,<\/p>\n<p style=\"text-align: justify;\">Une nouvelle livraison particuli\u00e8re ce jeudi, et il semble que ce ne devrait pas \u00eatre la derni\u00e8re &#8230;<\/p>\n<p style=\"text-align: justify;\">Les derni\u00e8res mesures gouvernementales interdisant les march\u00e9s ouvert ne concernent pas notre fonctionnement, principe confirm\u00e9 par la pr\u00e9fecture (ouf !!!).<\/p>\n<p style=\"text-align: justify;\">Mais &#8230; s&rsquo;il est observ\u00e9 un quelconque manquement aux consignes les livraisons pourraient \u00eatre supprim\u00e9es.<\/p>\n<p><a href=\"http:\/\/www.lesjardinsdelaroussiere.fr\/?attachment_id=8565\" rel=\"attachment wp-att-8565\"><img decoding=\"async\" loading=\"lazy\" class=\"aligncenter size-full wp-image-8565\" src=\"http:\/\/lesjardinsdelaroussiere.fr\/wp-content\/uploads\/2020\/03\/Approuve-Covid19.jpg\" alt=\"\" width=\"600\" height=\"400\" srcset=\"http:\/\/lesjardinsdelaroussiere.fr\/wp-content\/uploads\/2020\/03\/Approuve-Covid19.jpg 600w, http:\/\/lesjardinsdelaroussiere.fr\/wp-content\/uploads\/2020\/03\/Approuve-Covid19-300x200.jpg 300w, http:\/\/lesjardinsdelaroussiere.fr\/wp-content\/uploads\/2020\/03\/Approuve-Covid19-450x300.jpg 450w\" sizes=\"(max-width: 600px) 100vw, 600px\" \/><\/a><!--more--><\/p>\n<p style=\"text-align: justify;\">Aussi, rappel: livraison <strong>de 18h \u00e0 19h30<\/strong> (donc pas tous \u00e0 18h00 avec ce beau temps et pas en famille), il y en a pour tout le monde (lots ou paniers pr\u00e9par\u00e9s), <strong>respect des distances pr\u00e9conis\u00e9es devant l&rsquo;\u00e9tal<\/strong> <strong>mais aussi \u00e0 l&rsquo;entr\u00e9e de l&rsquo;\u00e9cole et sur le parking et on reporte bavardage et convivialit\u00e9 \u00e0 plus tard<\/strong> &#8230;<\/p>\n<p>Comme jeudi dernier, <strong>pour les l\u00e9gumes nous pr\u00e9parerons vos paniers<\/strong> et vous n&rsquo;aurez qu&rsquo;\u00e0 transvaser le contenu dans votre cabas.<\/p>\n<p style=\"text-align: justify;\">Autres livraisons ce jour:<\/p>\n<ul>\n<li style=\"text-align: justify;\"><strong>Les produits laitiers<\/strong> de J\u00e9r\u00f4me.<br \/>\nPour limiter l&rsquo;attente devant le stand et r\u00e9pondre \u00e0 la demande de la pr\u00e9fecture J\u00e9r\u00f4me pr\u00e9parera pour chacun un panier \u00ab\u00a0type\u00a0\u00bb que nous avons d\u00e9fini en fonction de vos derni\u00e8res commandes.<br \/>\nAinsi, \u00e0 l&rsquo;annonce de votre nom (et sans postillonner), J\u00e9r\u00f4me vous d\u00e9posera sur la table l&rsquo;ensemble de vos produits.<br \/>\nPour la livraison suivante (09\/04), vous pourrez nous solliciter pour modifier le contenu du panier, si besoin.<\/li>\n<li style=\"text-align: justify;\"><strong>Les \u0153ufs :<\/strong> Si le nombre de contenant le permet, Quentin pr\u00e9parera les boites \u00e0 \u0153ufs (6 ou12).<\/li>\n<li style=\"text-align: justify;\"><strong>Les tisanes :<\/strong> No\u00eblle aura rassembl\u00e9 vos diff\u00e9rents produits donc pas de soucis particuliers.<\/li>\n<li style=\"text-align: justify;\"><strong>Le pain :<\/strong> Et oui, Franck est r\u00e9tabli et nous livrera donc son pain.<br \/>\nIdem produits pr\u00e9c\u00e9dents.<\/li>\n<li style=\"text-align: justify;\"><strong>Les fruits corses :<\/strong> les lots seront pr\u00e9par\u00e9s pour chaque amapien.<\/li>\n<\/ul>\n<p style=\"text-align: justify;\"><strong>Rappel avec Amap J vous savez exactement ce que vous avez command\u00e9 !!!<\/strong><\/p>\n<p style=\"text-align: justify;\"><strong>Merci de rapporter vos contenants (boites \u00e0 oeufs, produits laitiers, sacs l\u00e9gumes).<\/strong><\/p>\n<p>Je me permets d&rsquo;insister sur le respect des r\u00e8gles et consignes qui nous permettront de poursuivre nos livraisons et donc \u00e0 nos producteurs de vivre de leur travail.<br \/>\nMerci pour eux.<\/p>\n<p><strong>La police municipale de Montreuil-Juign\u00e9 viendra v\u00e9rifier les conditions de mise en \u0153uvre des r\u00e8gles et consignes pr\u00e9fectorales<\/strong>.<u><br \/>\n<\/u><strong>Vous devez \u00eatre en possession de <a href=\"http:\/\/lesjardinsdelaroussiere.fr\/wp-content\/uploads\/2020\/03\/Attestation-de-deplacement-derogatoire-V2.pdf\">votre attestation<\/a><\/strong><strong>.<\/strong><\/p>\n<p>Pour info, extrait du courrier de la pr\u00e9fecture:<\/p>\n<p style=\"padding-left: 40px;\"><em>2-<\/em><em>\u00a0\u00a0\u00a0\u00a0\u00a0 <\/em><em>Si le lieu de distribution est un espace public, une autorisation doit \u00eatre demand\u00e9e \u00e0 la mairie<\/em><\/p>\n<p style=\"padding-left: 40px;\"><em>3-<\/em><em>\u00a0\u00a0\u00a0\u00a0\u00a0 <\/em><em>Si le lieu de distribution est sur un espace priv\u00e9, elle doit \u00eatre autoris\u00e9e par le propri\u00e9taire du lieu<\/em><\/p>\n<p style=\"padding-left: 40px;\"><em>4-<\/em><em>\u00a0\u00a0\u00a0\u00a0\u00a0 <\/em><em>Dans les deux cas, les gestes barri\u00e8re doivent \u00eatre mis \u0153uvre et une organisation sp\u00e9cifique trouv\u00e9e pour respecter les pr\u00e9cautions de bon sens\u00a0:<\/em><\/p>\n<ol>\n<li style=\"list-style-type: none;\">\n<ol>\n<li><em>Le filtrage des entr\u00e9es assurant <\/em><strong><em>un flux ma\u00eetris\u00e9 des consommateurs dans l\u2019espace de distribution,<\/em><\/strong><\/li>\n<li><em>Une circulation des v\u00e9hicules et des personnes, organis\u00e9e pour \u00e9viter les croisements,<\/em><\/li>\n<li><strong><em>Une distanciation respect\u00e9e entre les personnes,<\/em><\/strong><\/li>\n<li><em>Des \u00e9tals espac\u00e9s,<\/em><\/li>\n<li><strong><em>Un seul client par \u00e9tal \u00e0 la fois,<\/em><\/strong><\/li>\n<li><em>Un panier pr\u00eat d\u00e9pos\u00e9 sur une table par le producteur, r\u00e9cup\u00e9r\u00e9 sur la table par le consommateur,<\/em><\/li>\n<\/ol>\n<\/li>\n<\/ol>\n<p>Alors \u00e0 jeudi, prot\u00e9gez vous et ainsi prot\u00e9geons nous &#8230;<\/p>\n<p><em>Dominique<\/em>.<\/p>\n","protected":false},"excerpt":{"rendered":"<p>Bonjour, Une nouvelle livraison particuli\u00e8re ce jeudi, et il semble que ce ne devrait pas \u00eatre la derni\u00e8re &#8230; Les derni\u00e8res mesures gouvernementales interdisant les march\u00e9s ouvert ne concernent pas notre fonctionnement, principe confirm\u00e9 par la pr\u00e9fecture (ouf !!!). Mais &hellip; <a href=\"https:\/\/www.lesjardinsdelaroussiere.fr\/?p=8564\">Continuer la lecture <span class=\"meta-nav\">&rarr;<\/span><\/a><\/p>\n","protected":false},"author":3,"featured_media":0,"comment_status":"open","ping_status":"open","sticky":false,"template":"","format":"standard","meta":[],"categories":[6],"tags":[432,430,289,429,431],"views":2417,"_links":{"self":[{"href":"https:\/\/www.lesjardinsdelaroussiere.fr\/index.php?rest_route=\/wp\/v2\/posts\/8564"}],"collection":[{"href":"https:\/\/www.lesjardinsdelaroussiere.fr\/index.php?rest_route=\/wp\/v2\/posts"}],"about":[{"href":"https:\/\/www.lesjardinsdelaroussiere.fr\/index.php?rest_route=\/wp\/v2\/types\/post"}],"author":[{"embeddable":true,"href":"https:\/\/www.lesjardinsdelaroussiere.fr\/index.php?rest_route=\/wp\/v2\/users\/3"}],"replies":[{"embeddable":true,"href":"https:\/\/www.lesjardinsdelaroussiere.fr\/index.php?rest_route=%2Fwp%2Fv2%2Fcomments&post=8564"}],"version-history":[{"count":4,"href":"https:\/\/www.lesjardinsdelaroussiere.fr\/index.php?rest_route=\/wp\/v2\/posts\/8564\/revisions"}],"predecessor-version":[{"id":8570,"href":"https:\/\/www.lesjardinsdelaroussiere.fr\/index.php?rest_route=\/wp\/v2\/posts\/8564\/revisions\/8570"}],"wp:attachment":[{"href":"https:\/\/www.lesjardinsdelaroussiere.fr\/index.php?rest_route=%2Fwp%2Fv2%2Fmedia&parent=8564"}],"wp:term":[{"taxonomy":"category","embeddable":true,"href":"https:\/\/www.lesjardinsdelaroussiere.fr\/index.php?rest_route=%2Fwp%2Fv2%2Fcategories&post=8564"},{"taxonomy":"post_tag","embeddable":true,"href":"https:\/\/www.lesjardinsdelaroussiere.fr\/index.php?rest_route=%2Fwp%2Fv2%2Ftags&post=8564"}],"curies":[{"name":"wp","href":"https:\/\/api.w.org\/{rel}","templated":true}]}}