{"id":8560,"date":"2020-03-18T12:07:19","date_gmt":"2020-03-18T11:07:19","guid":{"rendered":"http:\/\/www.lesjardinsdelaroussiere.fr\/?p=8560"},"modified":"2020-03-22T12:11:09","modified_gmt":"2020-03-22T11:11:09","slug":"petits-rappels-pendant-notre-confinement-force","status":"publish","type":"post","link":"https:\/\/www.lesjardinsdelaroussiere.fr\/?p=8560","title":{"rendered":"Petits rappels pendant notre confinement forc\u00e9&#8230;"},"content":{"rendered":"<p style=\"text-align: justify;\">Bonjour,<\/p>\n<p>Et si nous profitions de cette p\u00e9riode compliqu\u00e9e pour faire le point sur quelques principes de notre fonctionnement au sein de l&rsquo;Amap ?<\/p>\n<p>Un rappel pour la plupart d&rsquo;entre vous mais peut-\u00eatre une information pour certains venant d\u2019int\u00e9grer l&rsquo;Amap.<\/p>\n<p><a href=\"http:\/\/www.lesjardinsdelaroussiere.fr\/?attachment_id=8561\" rel=\"attachment wp-att-8561\"><img decoding=\"async\" loading=\"lazy\" class=\"aligncenter size-full wp-image-8561\" src=\"http:\/\/lesjardinsdelaroussiere.fr\/wp-content\/uploads\/2020\/03\/Assemblee_AMAP.jpg\" alt=\"\" width=\"583\" height=\"366\" srcset=\"http:\/\/lesjardinsdelaroussiere.fr\/wp-content\/uploads\/2020\/03\/Assemblee_AMAP.jpg 583w, http:\/\/lesjardinsdelaroussiere.fr\/wp-content\/uploads\/2020\/03\/Assemblee_AMAP-300x188.jpg 300w, http:\/\/lesjardinsdelaroussiere.fr\/wp-content\/uploads\/2020\/03\/Assemblee_AMAP-478x300.jpg 478w\" sizes=\"(max-width: 583px) 100vw, 583px\" \/><\/a><!--more--><\/p>\n<p style=\"text-align: justify;\">Nous sommes une <u>association<\/u> cr\u00e9\u00e9 il y a tr\u00e8s bient\u00f4t 10 ans, sous l&rsquo;impulsion de S\u00e9verine (l\u00e9gumes) et comptons aujourd&rsquo;hui 9 producteurs :<\/p>\n<ul>\n<li><strong>S\u00e9verine<\/strong> (l\u00e9gumes),<\/li>\n<li style=\"text-align: justify;\"><strong>Franck<\/strong> (pain\/p\u00e2tes),<\/li>\n<li style=\"text-align: justify;\"><strong>Jean-Luc<\/strong> (\u0153ufs\/fruits),<\/li>\n<li style=\"text-align: justify;\"><strong>Isabelle<\/strong> (b\u0153uf\/veau),<\/li>\n<li style=\"text-align: justify;\"><strong>Christine<\/strong> (volaille\/huile),<\/li>\n<li style=\"text-align: justify;\"><strong>Aur\u00e9lie<\/strong> (porc\/charcuterie),<\/li>\n<li style=\"text-align: justify;\"><strong>Lysiane<\/strong> (miel\/pain d&rsquo;\u00e9pice),<\/li>\n<li style=\"text-align: justify;\"><strong>No\u00eblle<\/strong> (tisanes\/baumes\/huiles de soin),<\/li>\n<li style=\"text-align: justify;\"><strong>J\u00e9r\u00f4me<\/strong> (produits laitiers)<\/li>\n<\/ul>\n<p style=\"text-align: justify;\">Un Conseil d&rsquo;Administration d&rsquo;amapiens \u00e9lus en A.G. g\u00e8re l&rsquo;association , organise des \u00e9v\u00e8nements, cr\u00e9\u00e9 le lien avec les producteurs chacun d&rsquo;eux ayant un ou deux r\u00e9f\u00e9rent\/tuteur.<br \/>\nQuelques \u00e9l\u00e9ments de fonctionnement sont pr\u00e9cis\u00e9s dans le <strong><a href=\"http:\/\/lesjardinsdelaroussiere.fr\/wp-content\/uploads\/2011\/11\/Reglement_interieur_AMAP_Les_Jardins_de_la_Roussiere.pdf\" target=\"_blank\" rel=\"noopener noreferrer\">r\u00e8glement int\u00e9rieur<\/a><\/strong>.<\/p>\n<p style=\"text-align: justify;\">Depuis septembre 2019, la gestion des contrats s&rsquo;effectue via un logiciel \u00ab\u00a0<a href=\"https:\/\/contrats2.amapj.fr\/p\/la-roussiere#!\/mes_contrats\" target=\"_blank\" rel=\"noopener noreferrer\"><strong>Amap J<\/strong><\/a>\u00ab\u00a0.<\/p>\n<p><a href=\"http:\/\/www.lesjardinsdelaroussiere.fr\/?attachment_id=8514\" rel=\"attachment wp-att-8514\"><img decoding=\"async\" loading=\"lazy\" class=\"aligncenter size-full wp-image-8514\" src=\"http:\/\/lesjardinsdelaroussiere.fr\/wp-content\/uploads\/2019\/10\/Page_AMAP_J.jpg\" alt=\"\" width=\"1277\" height=\"876\" srcset=\"http:\/\/lesjardinsdelaroussiere.fr\/wp-content\/uploads\/2019\/10\/Page_AMAP_J.jpg 1277w, http:\/\/lesjardinsdelaroussiere.fr\/wp-content\/uploads\/2019\/10\/Page_AMAP_J-300x206.jpg 300w, http:\/\/lesjardinsdelaroussiere.fr\/wp-content\/uploads\/2019\/10\/Page_AMAP_J-768x527.jpg 768w, http:\/\/lesjardinsdelaroussiere.fr\/wp-content\/uploads\/2019\/10\/Page_AMAP_J-1024x702.jpg 1024w, http:\/\/lesjardinsdelaroussiere.fr\/wp-content\/uploads\/2019\/10\/Page_AMAP_J-437x300.jpg 437w\" sizes=\"(max-width: 1277px) 100vw, 1277px\" \/><\/a><\/p>\n<p style=\"text-align: justify;\">Chaque amapien y a \u00e9videmment acc\u00e8s ce qui lui permet de r\u00e9diger son contrat dans la p\u00e9riode ou celui ci est \u00ab\u00a0ouvert\u00a0\u00bb c&rsquo;est \u00e0 dire avant la premi\u00e8re livraison.<br \/>\nApr\u00e8s cette date il faut obligatoirement passer par le tuteur ou \u00e0 minima via cette adresse mail.<br \/>\nCe logiciel permet aussi de v\u00e9rifier avant de venir \u00e0 chaque livraison ce que vous avez command\u00e9 et \u00e9vite ainsi le fameux : \u00ab\u00a0ah, j&rsquo;avais command\u00e9 un poulet !!!\u00a0\u00bb.<br \/>\n<strong>Profitez donc de ce moment particulier pour v\u00e9rifier votre acc\u00e8s et contrats<\/strong>, merci.<br \/>\nSi soucis un mail &#8230;<\/p>\n<p style=\"text-align: justify;\">Pour le contrat \u00ab\u00a0l\u00e9gumes\u00a0\u00bb il est demand\u00e9 \u00e0 chacun de s&rsquo;inscrire pour participer au moins une \u00e0 deux fois par an \u00e0 la livraison\/pesage le jeudi.<br \/>\nN&rsquo;oubliez pas d&rsquo;\u00e9marger les listes mises \u00e0 disposition et le signaler \u00e0 vos rempla\u00e7ants lors de vos absences, cela nous facilite les fins de livraison.<\/p>\n<p style=\"text-align: justify;\">Comme vous l&rsquo;avez peut-\u00eatre lu sur le tableau jeudi, <strong>l&rsquo;Assembl\u00e9e G\u00e9n\u00e9rale initialement pr\u00e9vue le 26 Avril est donc report\u00e9e<\/strong> et comme cette ann\u00e9e nous souhaitons organiser un moment convivial <strong>pour f\u00eater les 10 ans de l&rsquo;Amap<\/strong>, nous mixerons les deux \u00e9v\u00e8nements un m\u00eame jour, <strong>le dimanche 27 Septembre<\/strong> (\u00e0 vos agendas).<\/p>\n<p><a href=\"http:\/\/www.lesjardinsdelaroussiere.fr\/?attachment_id=8472\" rel=\"attachment wp-att-8472\"><img decoding=\"async\" loading=\"lazy\" class=\"aligncenter size-full wp-image-8472\" src=\"http:\/\/lesjardinsdelaroussiere.fr\/wp-content\/uploads\/2019\/05\/05_AG_AMAP_05052019_04.jpg\" alt=\"\" width=\"650\" height=\"488\" srcset=\"http:\/\/lesjardinsdelaroussiere.fr\/wp-content\/uploads\/2019\/05\/05_AG_AMAP_05052019_04.jpg 650w, http:\/\/lesjardinsdelaroussiere.fr\/wp-content\/uploads\/2019\/05\/05_AG_AMAP_05052019_04-300x225.jpg 300w, http:\/\/lesjardinsdelaroussiere.fr\/wp-content\/uploads\/2019\/05\/05_AG_AMAP_05052019_04-400x300.jpg 400w\" sizes=\"(max-width: 650px) 100vw, 650px\" \/><\/a><\/p>\n<p>Les liens indispensables \u00e0 rajouter dans vos favoris ou marque-pages :<\/p>\n<ul>\n<li><strong>Le site de l&rsquo;AMAP<\/strong> : <a href=\"http:\/\/www.lesjardinsdelaroussiere.fr\/\"><strong>http:\/\/www.lesjardinsdelaroussiere.fr\/<\/strong><\/a><\/li>\n<li><strong>AMAP J<\/strong> : <a href=\"https:\/\/contrats2.amapj.fr\/p\/la-roussiere#!\/mes_contrats\"><strong>https:\/\/contrats2.amapj.fr\/p\/la-roussiere#!\/mes_contrats<\/strong><\/a><\/li>\n<li><strong>Page Facebook<\/strong> : <a href=\"https:\/\/www.facebook.com\/Les-jardins-de-la-roussi%C3%A8re-116223875220143\/\"><strong>https:\/\/www.facebook.com\/Les-jardins-de-la-roussi%C3%A8re-116223875220143\/\u00a0\u00a0<\/strong><\/a><\/li>\n<\/ul>\n<p style=\"text-align: justify;\">Sauf avis contraire de derni\u00e8re minute, rendez vous jeudi prochain dans des conditions similaires \u00e0 ce jeudi.<br \/>\nOn essaiera de pr\u00e9parer les paniers de l\u00e9gumes.<\/p>\n<p style=\"text-align: justify;\"><strong>Merci de respecter les distances entre chacun d&rsquo;entre nous, ce n&rsquo;est pas la peine de venir en famille (!!!), bref on se prot\u00e8ge mutuellement.<\/strong><\/p>\n<p style=\"text-align: justify;\">La convivialit\u00e9 n&rsquo;en sera que plus vite retrouv\u00e9e si chacun y met du sien.<\/p>\n<p>A bient\u00f4t<\/p>\n<p><em>Dominique<\/em><\/p>\n","protected":false},"excerpt":{"rendered":"<p>Bonjour, Et si nous profitions de cette p\u00e9riode compliqu\u00e9e pour faire le point sur quelques principes de notre fonctionnement au sein de l&rsquo;Amap ? Un rappel pour la plupart d&rsquo;entre vous mais peut-\u00eatre une information pour certains venant d\u2019int\u00e9grer l&rsquo;Amap.<\/p>\n","protected":false},"author":3,"featured_media":0,"comment_status":"open","ping_status":"open","sticky":false,"template":"","format":"standard","meta":[],"categories":[6],"tags":[314,422,428,426,427],"views":1442,"_links":{"self":[{"href":"https:\/\/www.lesjardinsdelaroussiere.fr\/index.php?rest_route=\/wp\/v2\/posts\/8560"}],"collection":[{"href":"https:\/\/www.lesjardinsdelaroussiere.fr\/index.php?rest_route=\/wp\/v2\/posts"}],"about":[{"href":"https:\/\/www.lesjardinsdelaroussiere.fr\/index.php?rest_route=\/wp\/v2\/types\/post"}],"author":[{"embeddable":true,"href":"https:\/\/www.lesjardinsdelaroussiere.fr\/index.php?rest_route=\/wp\/v2\/users\/3"}],"replies":[{"embeddable":true,"href":"https:\/\/www.lesjardinsdelaroussiere.fr\/index.php?rest_route=%2Fwp%2Fv2%2Fcomments&post=8560"}],"version-history":[{"count":0,"href":"https:\/\/www.lesjardinsdelaroussiere.fr\/index.php?rest_route=\/wp\/v2\/posts\/8560\/revisions"}],"wp:attachment":[{"href":"https:\/\/www.lesjardinsdelaroussiere.fr\/index.php?rest_route=%2Fwp%2Fv2%2Fmedia&parent=8560"}],"wp:term":[{"taxonomy":"category","embeddable":true,"href":"https:\/\/www.lesjardinsdelaroussiere.fr\/index.php?rest_route=%2Fwp%2Fv2%2Fcategories&post=8560"},{"taxonomy":"post_tag","embeddable":true,"href":"https:\/\/www.lesjardinsdelaroussiere.fr\/index.php?rest_route=%2Fwp%2Fv2%2Ftags&post=8560"}],"curies":[{"name":"wp","href":"https:\/\/api.w.org\/{rel}","templated":true}]}}