{"id":8539,"date":"2020-03-19T10:51:50","date_gmt":"2020-03-19T09:51:50","guid":{"rendered":"http:\/\/www.lesjardinsdelaroussiere.fr\/?p=8539"},"modified":"2020-03-22T12:10:39","modified_gmt":"2020-03-22T11:10:39","slug":"lamap-a-lheure-du-covid-19","status":"publish","type":"post","link":"https:\/\/www.lesjardinsdelaroussiere.fr\/?p=8539","title":{"rendered":"L&rsquo;AMAP \u00e0 l&rsquo;heure du COVID 19&#8230;"},"content":{"rendered":"<p style=\"text-align: justify;\">Bonjour \u00e0 toutes et \u00e0 tous,<\/p>\n<p style=\"text-align: justify;\">On pensait avoir tout vu, nos ain\u00e9s qui ont connu les restrictions et les dangers de la 2\u00e8me guerre mondiale sont les seuls aujourd&rsquo;hui qui aient pu vivre une exp\u00e9rience plus ou moins similaire, toutes proportions gard\u00e9es, car m\u00eame si notre pr\u00e9sident nous l&rsquo;a \u00e0 maintes reprises r\u00e9p\u00e9t\u00e9 lors de son discours t\u00e9l\u00e9vis\u00e9, nous sommes dans un \u00ab\u00a0\u00e9tat de guerre\u00a0\u00bb un peu particulier.<\/p>\n<p><a href=\"http:\/\/www.lesjardinsdelaroussiere.fr\/?attachment_id=8541\" rel=\"attachment wp-att-8541\"><img decoding=\"async\" loading=\"lazy\" class=\"aligncenter size-full wp-image-8541\" src=\"http:\/\/lesjardinsdelaroussiere.fr\/wp-content\/uploads\/2020\/03\/COVID_19.jpg\" alt=\"\" width=\"480\" height=\"295\" srcset=\"http:\/\/lesjardinsdelaroussiere.fr\/wp-content\/uploads\/2020\/03\/COVID_19.jpg 480w, http:\/\/lesjardinsdelaroussiere.fr\/wp-content\/uploads\/2020\/03\/COVID_19-300x184.jpg 300w\" sizes=\"(max-width: 480px) 100vw, 480px\" \/><\/a><\/p>\n<p style=\"text-align: justify;\">Sanitaire, mais pas de guerre arm\u00e9e.<!--more--><\/p>\n<p style=\"text-align: justify;\">Pendant des d\u00e9cennies, nous, nos enfants, avons v\u00e9cu une \u00e8re de paix, d&rsquo;abondance, d&rsquo;exc\u00e8s m\u00eame, \u00e0 tous les niveaux, et m\u00eame si quelques bulles sp\u00e9culatives ont explos\u00e9 de ci et de l\u00e0, m\u00eame si les bouleversements \u00e9cologiques se multiplient, m\u00eame si la crise des gilets jaunes est venue nous rappeler au niveau national que le bonheur promis par nos brillants \u00e9narques ne concernait que les premiers de cord\u00e9e, il est \u00e9vident que des changements \u00e9taient attendus !<\/p>\n<p><a href=\"http:\/\/www.lesjardinsdelaroussiere.fr\/?attachment_id=8545\" rel=\"attachment wp-att-8545\"><img decoding=\"async\" loading=\"lazy\" class=\"aligncenter size-full wp-image-8545\" src=\"http:\/\/lesjardinsdelaroussiere.fr\/wp-content\/uploads\/2020\/03\/IMG_6324.jpg\" alt=\"\" width=\"480\" height=\"640\" srcset=\"http:\/\/lesjardinsdelaroussiere.fr\/wp-content\/uploads\/2020\/03\/IMG_6324.jpg 480w, http:\/\/lesjardinsdelaroussiere.fr\/wp-content\/uploads\/2020\/03\/IMG_6324-225x300.jpg 225w\" sizes=\"(max-width: 480px) 100vw, 480px\" \/><\/a>Peut-\u00eatre pas sous cette forme, mais ils n&rsquo;en sont que le paradigme, car au fond, toute cette abondance commen\u00e7ait \u00e0 devenir lourde de mauvais pr\u00e9sages.<\/p>\n<p style=\"text-align: justify;\">Notre plan\u00e8te nous signale chaque jour qu&rsquo;elle est arriv\u00e9e \u00e0 ses limites, et c&rsquo;est un v\u00e9ritable miracle qu&rsquo;il n&rsquo;y ait pas plus de catastrophes majeures.<\/p>\n<p style=\"text-align: justify;\">L&rsquo;\u00e8re de la \u00ab\u00a0mondialisation heureuse\u00a0\u00bb a atteint ses limites.<\/p>\n<p><a href=\"http:\/\/www.lesjardinsdelaroussiere.fr\/?attachment_id=8544\" rel=\"attachment wp-att-8544\"><img decoding=\"async\" loading=\"lazy\" class=\"aligncenter size-full wp-image-8544\" src=\"http:\/\/lesjardinsdelaroussiere.fr\/wp-content\/uploads\/2020\/03\/IMG_6323.jpg\" alt=\"\" width=\"640\" height=\"480\" srcset=\"http:\/\/lesjardinsdelaroussiere.fr\/wp-content\/uploads\/2020\/03\/IMG_6323.jpg 640w, http:\/\/lesjardinsdelaroussiere.fr\/wp-content\/uploads\/2020\/03\/IMG_6323-300x225.jpg 300w, http:\/\/lesjardinsdelaroussiere.fr\/wp-content\/uploads\/2020\/03\/IMG_6323-400x300.jpg 400w\" sizes=\"(max-width: 640px) 100vw, 640px\" \/><\/a><\/p>\n<p style=\"text-align: justify;\">Il est regrettable que dans notre civilisation il faille des catastrophes \u00e9conomiques, \u00e9cologiques et aujourd&rsquo;hui sanitaires afin que nos dirigeants prennent enfin des d\u00e9cisions qui auraient d\u00fb l&rsquo;\u00eatre depuis tant de temps&#8230;<\/p>\n<p style=\"text-align: justify;\">Et encore, il est fort \u00e0 parier que m\u00eame apr\u00e8s cette catastrophe sans pr\u00e9c\u00e8dent depuis la fin de la 2eme G.M., certains reviennent \u00e0 leurs bonnes vieilles habitudes et antiennes, car il ne faut pas r\u00eaver, les int\u00e9r\u00eats \u00e9conomiques sont toujours tapis dans l&rsquo;ombre !<\/p>\n<p style=\"text-align: justify;\">Chassez le naturel et il reviendra au galop !<\/p>\n<p><a href=\"http:\/\/www.lesjardinsdelaroussiere.fr\/?attachment_id=8543\" rel=\"attachment wp-att-8543\"><img decoding=\"async\" loading=\"lazy\" class=\"aligncenter size-full wp-image-8543\" src=\"http:\/\/lesjardinsdelaroussiere.fr\/wp-content\/uploads\/2020\/03\/IMG_6319.jpg\" alt=\"\" width=\"484\" height=\"640\" srcset=\"http:\/\/lesjardinsdelaroussiere.fr\/wp-content\/uploads\/2020\/03\/IMG_6319.jpg 484w, http:\/\/lesjardinsdelaroussiere.fr\/wp-content\/uploads\/2020\/03\/IMG_6319-227x300.jpg 227w\" sizes=\"(max-width: 484px) 100vw, 484px\" \/><\/a><\/p>\n<p style=\"text-align: justify;\">N\u00e9anmoins les ruptures de produits vitaux, les masques, les princeps de la pharmacologie, les mati\u00e8res premi\u00e8res, etc. ont permis enfin \u00e0 ces chers dirigeants de constater ce que l&rsquo;\u00e9conomie lib\u00e9rale \u00e9chevel\u00e9e peut engendrer&#8230;<\/p>\n<p style=\"text-align: justify;\">Esp\u00e9rons que nos brillants \u00e9narques et plus globalement la Communaut\u00e9 Europ\u00e9enne dont nous subissons de plus en plus lourdement le mille feuilles administratif, sauront tirer les le\u00e7ons de cette politique de gribouille ainsi que son incidence sur notre population.<\/p>\n<p style=\"text-align: justify;\">Pour l&rsquo;heure, nous sommes, au moment o\u00f9 ces lignes sont r\u00e9dig\u00e9es, en confinement quasi total !<\/p>\n<p style=\"text-align: justify;\">L\u00e0 aussi, nous payons pour les exc\u00e8s de certains qui n&rsquo;ont pas su faire preuve de bon sens et, osons le mot, de civisme.<\/p>\n<p style=\"text-align: justify;\">Il y aura toujours des \u00e9go\u00efstes, des inconscients, jeunes ou moins jeunes, et c&rsquo;est tout \u00e0 fait regrettable d&rsquo;autant plus \u00e0 l&rsquo;heure de l&rsquo;informatique o\u00f9 la connaissance est omnipr\u00e9sente et accessible quasi instantan\u00e9ment, pour qui veut se donner la peine de s&rsquo;informer et ne pas s&rsquo;abreuver passivement et aveugl\u00e9ment aux fontaines des r\u00e9seaux sociaux&#8230;<\/p>\n<p style=\"text-align: justify;\">R\u00e9sultat, 95% de la population paie pour ces 5% qui n&rsquo;en ont cure&#8230;<\/p>\n<p style=\"text-align: justify;\">L&rsquo;AMAP, \u00e0 son niveau macroscopique a donc d\u00fb elle aussi se plier (de bonne gr\u00e2ce) \u00e0 la contrainte, parce qu&rsquo;il en va de la sant\u00e9 de toutes et tous.<\/p>\n<p><a href=\"http:\/\/www.lesjardinsdelaroussiere.fr\/?attachment_id=8542\" rel=\"attachment wp-att-8542\"><img decoding=\"async\" loading=\"lazy\" class=\"aligncenter size-full wp-image-8542\" src=\"http:\/\/lesjardinsdelaroussiere.fr\/wp-content\/uploads\/2020\/03\/IMG_6318.jpg\" alt=\"\" width=\"480\" height=\"640\" srcset=\"http:\/\/lesjardinsdelaroussiere.fr\/wp-content\/uploads\/2020\/03\/IMG_6318.jpg 480w, http:\/\/lesjardinsdelaroussiere.fr\/wp-content\/uploads\/2020\/03\/IMG_6318-225x300.jpg 225w\" sizes=\"(max-width: 480px) 100vw, 480px\" \/><\/a><\/p>\n<p style=\"text-align: justify;\">J&rsquo;ai regrett\u00e9 de ne pas avoir emmen\u00e9 mon appareil photo hier, mais fort heureusement, Dominique a immortalis\u00e9 par quelques images ce moment de convivialit\u00e9 qui s&rsquo;est transform\u00e9 en \u00e9preuve suspicieuse et un peu am\u00e8re certes, m\u00eame si tout les amapiens sont conscients que ce n&rsquo;est qu&rsquo;un mauvais moment \u00e0 passer.<\/p>\n<p style=\"text-align: justify;\">Les amapiens ont fait preuve de civisme et d&rsquo;intelligence, la preuve que l&rsquo;on peut vivre sous la contrainte sans passer son temps \u00e0 resquiller ou ne penser qu&rsquo;\u00e0 sa petite personne !<\/p>\n<p style=\"text-align: justify;\">Les distances de s\u00e9curit\u00e9 \u00e9taient bien respect\u00e9es, n\u00e9anmoins, comme le soulignait Dominique, tout ceci est assujetti \u00e0 l&rsquo;autorisation pr\u00e9fectorale.<\/p>\n<p style=\"text-align: justify;\">Si les incivilit\u00e9s persistent, le risque st grand que des interdictions tombent&#8230;<br \/>\nEsp\u00e9rons que nous n&rsquo;en arriverons pas l\u00e0 !<\/p>\n<p style=\"text-align: justify;\">Nous regarderons probablement ces images et ces commentaires comme un moment hors norme dans quelques semaines, esp\u00e9rons que des le\u00e7ons p\u00e9rennes en seront tir\u00e9es&#8230;<\/p>\n<p style=\"text-align: justify;\">Bien amicalement<\/p>\n<p><em>Le webmaster<\/em>.<\/p>\n","protected":false},"excerpt":{"rendered":"<p>Bonjour \u00e0 toutes et \u00e0 tous, On pensait avoir tout vu, nos ain\u00e9s qui ont connu les restrictions et les dangers de la 2\u00e8me guerre mondiale sont les seuls aujourd&rsquo;hui qui aient pu vivre une exp\u00e9rience plus ou moins similaire, &hellip; <a href=\"https:\/\/www.lesjardinsdelaroussiere.fr\/?p=8539\">Continuer la lecture <span class=\"meta-nav\">&rarr;<\/span><\/a><\/p>\n","protected":false},"author":2,"featured_media":0,"comment_status":"open","ping_status":"open","sticky":false,"template":"","format":"standard","meta":[],"categories":[6],"tags":[425],"views":1535,"_links":{"self":[{"href":"https:\/\/www.lesjardinsdelaroussiere.fr\/index.php?rest_route=\/wp\/v2\/posts\/8539"}],"collection":[{"href":"https:\/\/www.lesjardinsdelaroussiere.fr\/index.php?rest_route=\/wp\/v2\/posts"}],"about":[{"href":"https:\/\/www.lesjardinsdelaroussiere.fr\/index.php?rest_route=\/wp\/v2\/types\/post"}],"author":[{"embeddable":true,"href":"https:\/\/www.lesjardinsdelaroussiere.fr\/index.php?rest_route=\/wp\/v2\/users\/2"}],"replies":[{"embeddable":true,"href":"https:\/\/www.lesjardinsdelaroussiere.fr\/index.php?rest_route=%2Fwp%2Fv2%2Fcomments&post=8539"}],"version-history":[{"count":9,"href":"https:\/\/www.lesjardinsdelaroussiere.fr\/index.php?rest_route=\/wp\/v2\/posts\/8539\/revisions"}],"predecessor-version":[{"id":8559,"href":"https:\/\/www.lesjardinsdelaroussiere.fr\/index.php?rest_route=\/wp\/v2\/posts\/8539\/revisions\/8559"}],"wp:attachment":[{"href":"https:\/\/www.lesjardinsdelaroussiere.fr\/index.php?rest_route=%2Fwp%2Fv2%2Fmedia&parent=8539"}],"wp:term":[{"taxonomy":"category","embeddable":true,"href":"https:\/\/www.lesjardinsdelaroussiere.fr\/index.php?rest_route=%2Fwp%2Fv2%2Fcategories&post=8539"},{"taxonomy":"post_tag","embeddable":true,"href":"https:\/\/www.lesjardinsdelaroussiere.fr\/index.php?rest_route=%2Fwp%2Fv2%2Ftags&post=8539"}],"curies":[{"name":"wp","href":"https:\/\/api.w.org\/{rel}","templated":true}]}}