{"id":8530,"date":"2019-12-31T14:24:56","date_gmt":"2019-12-31T13:24:56","guid":{"rendered":"http:\/\/www.lesjardinsdelaroussiere.fr\/?p=8530"},"modified":"2019-12-31T14:24:56","modified_gmt":"2019-12-31T13:24:56","slug":"bonne-annee-2020","status":"publish","type":"post","link":"https:\/\/www.lesjardinsdelaroussiere.fr\/?p=8530","title":{"rendered":"Bonne ann\u00e9e 2020 !"},"content":{"rendered":"<p style=\"text-align: justify;\">Bonjour \u00e0 toutes et \u00e0 tous,<\/p>\n<p style=\"text-align: justify;\">2019 aura \u00e9t\u00e9 agit\u00e9e comme le fut l&rsquo;ann\u00e9e derni\u00e8re, sur le plan social, et force est de constater que cela ne sera gu\u00e8re diff\u00e9rent pour la nouvelle ann\u00e9e m\u00eame sans faire preuve de pessimisme&#8230;<\/p>\n<p style=\"text-align: justify;\">Il est vrai que sur de nombreux plans les nouvelles ne sont gu\u00e8re encourageantes : en France, la situation se d\u00e9grade sur de nouveaux fronts, les contestations n&rsquo;ont jamais \u00e9t\u00e9 aussi nombreuses, les revendications aussi justifi\u00e9es.<\/p>\n<p style=\"text-align: justify;\"><a href=\"http:\/\/www.lesjardinsdelaroussiere.fr\/?attachment_id=8531\" rel=\"attachment wp-att-8531\"><img decoding=\"async\" loading=\"lazy\" class=\"aligncenter size-full wp-image-8531\" src=\"http:\/\/lesjardinsdelaroussiere.fr\/wp-content\/uploads\/2019\/12\/Meilleurs_voeux_2020.jpg\" alt=\"\" width=\"626\" height=\"352\" srcset=\"http:\/\/lesjardinsdelaroussiere.fr\/wp-content\/uploads\/2019\/12\/Meilleurs_voeux_2020.jpg 626w, http:\/\/lesjardinsdelaroussiere.fr\/wp-content\/uploads\/2019\/12\/Meilleurs_voeux_2020-300x169.jpg 300w, http:\/\/lesjardinsdelaroussiere.fr\/wp-content\/uploads\/2019\/12\/Meilleurs_voeux_2020-500x281.jpg 500w\" sizes=\"(max-width: 626px) 100vw, 626px\" \/><\/a><!--more-->La rigidit\u00e9 des gouvernements n&rsquo;aide gu\u00e8re \u00e0 avancer, de m\u00eame que les puissants lobbies qui \u0153uvrent dans l&rsquo;ombre.<\/p>\n<p style=\"text-align: justify;\">Dans le monde, la situation n&rsquo;est gu\u00e8re plus r\u00e9jouissante, les dictatures reprennent du poil de la b\u00eate, certains pays augmentent leur emprise sur la population sous couvert d&rsquo;instaurer un peu plus de \u00ab\u00a0civisme\u00a0\u00bb, et les catastrophes naturelles se multiplient comme des petits pains, mais promis jur\u00e9e, ce n&rsquo;est pas un d\u00e9r\u00e8glement de la m\u00e9t\u00e9o si l&rsquo;on en croit certains puissants&#8230;<\/p>\n<p style=\"text-align: justify;\">Bref, il faut avoir la foi solidement chevill\u00e9e au corps pour voir le verre \u00e0 moiti\u00e9 plein&#8230;<\/p>\n<p style=\"text-align: justify;\">Pourtant, a bien y r\u00e9fl\u00e9chir, nous avons de la chance !<\/p>\n<p style=\"text-align: justify;\">Eh oui, nous vivons dans un pays temp\u00e9r\u00e9, donc les s\u00e9cheresses annuelles comme au Sahel, les pluies diluviennes comme dans les zones tropicales, les cyclones et ouragans comme aux tropiques, les temp\u00e9ratures polaires comme au Canada ou en Sib\u00e9rie ne sont pas (encore) notre lot commun.<\/p>\n<p style=\"text-align: justify;\">De\u00a0 m\u00eame, le chaos, la dictature de fait et la guerre ne sont pas notre cauchemar quotidien comme en Syrie, en Afghanistan, etc.<\/p>\n<p style=\"text-align: justify;\">La famine ne touche pas le quart ou la moiti\u00e9 de la population et le PNB de notre pays ne frise pas celui d&rsquo;une PME&#8230;<\/p>\n<p style=\"text-align: justify;\">Notre beau pays souffre certes, mais il reste de nombreux sites exceptionnels o\u00f9 nous rendre, des plages, des for\u00eats, des montagnes, des rivi\u00e8res, des villes, des monuments qui nous sont accessibles afin de nous permettre d&rsquo;oublier un temps nos mis\u00e8res personnelles.<\/p>\n<p style=\"text-align: justify;\">La pollution prend chaque jour un peu plus de place dans nos vies, mais nous ne vivons pas non plus \u00e0 Bombay ou \u00e0 Shanghai.<\/p>\n<p style=\"text-align: justify;\">Alors oui, socialement, et \u00e9conomiquement, il faudra dor\u00e9navant se r\u00e9soudre \u00e0 d\u00e9fendre constamment les acquis, mais au moins pouvons-nous nous exprimer, ce droit fondamental, les populations de nombreux pays ne l&rsquo;ont jamais eu ou ne l&rsquo;ont plus.<\/p>\n<p style=\"text-align: justify;\">Laissez moi finir cet article par cette citation c\u00e9l\u00e8bre de Jean-Jacques Rousseau qui me semble fort appropri\u00e9e par les temps qui courent :<\/p>\n<p style=\"text-align: center;\">\u00ab\u00a0<strong>Il n&rsquo;y a point de bonheur sans courage, ni de vertu sans combat<\/strong>\u00ab\u00a0.<\/p>\n<p style=\"text-align: justify;\">Bonnes f\u00eates de fin d&rsquo;ann\u00e9e \u00e0 toutes et \u00e0 tous et nos meilleurs v\u0153ux de la part de l&rsquo;AMAP pour cette nouvelle ann\u00e9e 2020 !<\/p>\n<p>&nbsp;<\/p>\n","protected":false},"excerpt":{"rendered":"<p>Bonjour \u00e0 toutes et \u00e0 tous, 2019 aura \u00e9t\u00e9 agit\u00e9e comme le fut l&rsquo;ann\u00e9e derni\u00e8re, sur le plan social, et force est de constater que cela ne sera gu\u00e8re diff\u00e9rent pour la nouvelle ann\u00e9e m\u00eame sans faire preuve de pessimisme&#8230; &hellip; <a href=\"https:\/\/www.lesjardinsdelaroussiere.fr\/?p=8530\">Continuer la lecture <span class=\"meta-nav\">&rarr;<\/span><\/a><\/p>\n","protected":false},"author":1,"featured_media":0,"comment_status":"open","ping_status":"open","sticky":false,"template":"","format":"standard","meta":[],"categories":[6],"tags":[424,389],"views":4256,"_links":{"self":[{"href":"https:\/\/www.lesjardinsdelaroussiere.fr\/index.php?rest_route=\/wp\/v2\/posts\/8530"}],"collection":[{"href":"https:\/\/www.lesjardinsdelaroussiere.fr\/index.php?rest_route=\/wp\/v2\/posts"}],"about":[{"href":"https:\/\/www.lesjardinsdelaroussiere.fr\/index.php?rest_route=\/wp\/v2\/types\/post"}],"author":[{"embeddable":true,"href":"https:\/\/www.lesjardinsdelaroussiere.fr\/index.php?rest_route=\/wp\/v2\/users\/1"}],"replies":[{"embeddable":true,"href":"https:\/\/www.lesjardinsdelaroussiere.fr\/index.php?rest_route=%2Fwp%2Fv2%2Fcomments&post=8530"}],"version-history":[{"count":0,"href":"https:\/\/www.lesjardinsdelaroussiere.fr\/index.php?rest_route=\/wp\/v2\/posts\/8530\/revisions"}],"wp:attachment":[{"href":"https:\/\/www.lesjardinsdelaroussiere.fr\/index.php?rest_route=%2Fwp%2Fv2%2Fmedia&parent=8530"}],"wp:term":[{"taxonomy":"category","embeddable":true,"href":"https:\/\/www.lesjardinsdelaroussiere.fr\/index.php?rest_route=%2Fwp%2Fv2%2Fcategories&post=8530"},{"taxonomy":"post_tag","embeddable":true,"href":"https:\/\/www.lesjardinsdelaroussiere.fr\/index.php?rest_route=%2Fwp%2Fv2%2Ftags&post=8530"}],"curies":[{"name":"wp","href":"https:\/\/api.w.org\/{rel}","templated":true}]}}