{"id":8468,"date":"2019-05-08T14:21:32","date_gmt":"2019-05-08T12:21:32","guid":{"rendered":"http:\/\/www.lesjardinsdelaroussiere.fr\/?p=8468"},"modified":"2019-05-08T14:25:54","modified_gmt":"2019-05-08T12:25:54","slug":"repas-annuel-et-assemblee-generale","status":"publish","type":"post","link":"https:\/\/www.lesjardinsdelaroussiere.fr\/?p=8468","title":{"rendered":"Repas annuel et Assembl\u00e9e G\u00e9n\u00e9rale"},"content":{"rendered":"<p>Bonjour \u00e0 toutes et \u00e0 tous,<\/p>\n<p style=\"text-align: justify;\">Le dimanche 5 Mai s\u2019est d\u00e9roul\u00e9 notre repas annuel des adh\u00e9rents de l\u2019Amap et l\u2019Assembl\u00e9e G\u00e9n\u00e9rale de l\u2019association.<\/p>\n<p style=\"text-align: justify;\">Cette ann\u00e9e nous l\u2019avons organis\u00e9 chez S\u00e9verine, notre maraich\u00e8re.<\/p>\n<p style=\"text-align: justify;\">56 adultes et une dizaine d\u2019enfants y \u00e9taient pr\u00e9sents.<\/p>\n<p><a href=\"http:\/\/www.lesjardinsdelaroussiere.fr\/?attachment_id=8469\" rel=\"attachment wp-att-8469\"><img decoding=\"async\" loading=\"lazy\" class=\"aligncenter size-full wp-image-8469\" src=\"http:\/\/lesjardinsdelaroussiere.fr\/wp-content\/uploads\/2019\/05\/05_AG_AMAP_05052019_01.jpg\" alt=\"\" width=\"650\" height=\"488\" srcset=\"http:\/\/lesjardinsdelaroussiere.fr\/wp-content\/uploads\/2019\/05\/05_AG_AMAP_05052019_01.jpg 650w, http:\/\/lesjardinsdelaroussiere.fr\/wp-content\/uploads\/2019\/05\/05_AG_AMAP_05052019_01-300x225.jpg 300w, http:\/\/lesjardinsdelaroussiere.fr\/wp-content\/uploads\/2019\/05\/05_AG_AMAP_05052019_01-400x300.jpg 400w\" sizes=\"(max-width: 650px) 100vw, 650px\" \/><\/a><!--more--><\/p>\n<p><a href=\"http:\/\/www.lesjardinsdelaroussiere.fr\/?attachment_id=8470\" rel=\"attachment wp-att-8470\"><img decoding=\"async\" loading=\"lazy\" class=\"aligncenter size-full wp-image-8470\" src=\"http:\/\/lesjardinsdelaroussiere.fr\/wp-content\/uploads\/2019\/05\/05_AG_AMAP_05052019_02.jpg\" alt=\"\" width=\"488\" height=\"650\" srcset=\"http:\/\/lesjardinsdelaroussiere.fr\/wp-content\/uploads\/2019\/05\/05_AG_AMAP_05052019_02.jpg 488w, http:\/\/lesjardinsdelaroussiere.fr\/wp-content\/uploads\/2019\/05\/05_AG_AMAP_05052019_02-225x300.jpg 225w\" sizes=\"(max-width: 488px) 100vw, 488px\" \/><\/a> <a href=\"http:\/\/www.lesjardinsdelaroussiere.fr\/?attachment_id=8471\" rel=\"attachment wp-att-8471\"><img decoding=\"async\" loading=\"lazy\" class=\"aligncenter size-full wp-image-8471\" src=\"http:\/\/lesjardinsdelaroussiere.fr\/wp-content\/uploads\/2019\/05\/05_AG_AMAP_05052019_03.jpg\" alt=\"\" width=\"650\" height=\"488\" srcset=\"http:\/\/lesjardinsdelaroussiere.fr\/wp-content\/uploads\/2019\/05\/05_AG_AMAP_05052019_03.jpg 650w, http:\/\/lesjardinsdelaroussiere.fr\/wp-content\/uploads\/2019\/05\/05_AG_AMAP_05052019_03-300x225.jpg 300w, http:\/\/lesjardinsdelaroussiere.fr\/wp-content\/uploads\/2019\/05\/05_AG_AMAP_05052019_03-400x300.jpg 400w\" sizes=\"(max-width: 650px) 100vw, 650px\" \/><\/a> <a href=\"http:\/\/www.lesjardinsdelaroussiere.fr\/?attachment_id=8472\" rel=\"attachment wp-att-8472\"><img decoding=\"async\" loading=\"lazy\" class=\"aligncenter size-full wp-image-8472\" src=\"http:\/\/lesjardinsdelaroussiere.fr\/wp-content\/uploads\/2019\/05\/05_AG_AMAP_05052019_04.jpg\" alt=\"\" width=\"650\" height=\"488\" srcset=\"http:\/\/lesjardinsdelaroussiere.fr\/wp-content\/uploads\/2019\/05\/05_AG_AMAP_05052019_04.jpg 650w, http:\/\/lesjardinsdelaroussiere.fr\/wp-content\/uploads\/2019\/05\/05_AG_AMAP_05052019_04-300x225.jpg 300w, http:\/\/lesjardinsdelaroussiere.fr\/wp-content\/uploads\/2019\/05\/05_AG_AMAP_05052019_04-400x300.jpg 400w\" sizes=\"(max-width: 650px) 100vw, 650px\" \/><\/a><\/p>\n<p style=\"text-align: justify;\">Des membres du Conseil d\u2019Administration avaient confectionn\u00e9 le repas avec des viandes de nos producteurs, Christine, Isabelle et Aur\u00e9lie, des l\u00e9gumes de S\u00e9verine, le pain de Franck et les produits laitiers de J\u00e9r\u00f4me.<\/p>\n<p>En fin de repas, nous avons proc\u00e9d\u00e9 \u00e0 l\u2019Assembl\u00e9e G\u00e9n\u00e9rale pendant laquelle fut abord\u00e9 un bilan de l\u2019ann\u00e9e pass\u00e9e avec notamment deux \u00e9v\u00e8nements majeurs:<\/p>\n<p>&#8211; l\u2019absence pendant 5 mois de S\u00e9verine qui a pu prendre des vacances bien m\u00e9rit\u00e9es en famille (5mois\/10ans).<br \/>\n&#8211; le d\u00e9part de Micha\u00ebl de la Ronde des fruits depuis le 31\/12\/2018<\/p>\n<p><a href=\"http:\/\/www.lesjardinsdelaroussiere.fr\/?attachment_id=8473\" rel=\"attachment wp-att-8473\"><img decoding=\"async\" loading=\"lazy\" class=\"aligncenter size-full wp-image-8473\" src=\"http:\/\/lesjardinsdelaroussiere.fr\/wp-content\/uploads\/2019\/05\/05_AG_AMAP_05052019_05.jpg\" alt=\"\" width=\"650\" height=\"488\" srcset=\"http:\/\/lesjardinsdelaroussiere.fr\/wp-content\/uploads\/2019\/05\/05_AG_AMAP_05052019_05.jpg 650w, http:\/\/lesjardinsdelaroussiere.fr\/wp-content\/uploads\/2019\/05\/05_AG_AMAP_05052019_05-300x225.jpg 300w, http:\/\/lesjardinsdelaroussiere.fr\/wp-content\/uploads\/2019\/05\/05_AG_AMAP_05052019_05-400x300.jpg 400w\" sizes=\"(max-width: 650px) 100vw, 650px\" \/><\/a> <a href=\"http:\/\/www.lesjardinsdelaroussiere.fr\/?attachment_id=8474\" rel=\"attachment wp-att-8474\"><img decoding=\"async\" loading=\"lazy\" class=\"aligncenter size-full wp-image-8474\" src=\"http:\/\/lesjardinsdelaroussiere.fr\/wp-content\/uploads\/2019\/05\/05_AG_AMAP_05052019_06.jpg\" alt=\"\" width=\"650\" height=\"488\" srcset=\"http:\/\/lesjardinsdelaroussiere.fr\/wp-content\/uploads\/2019\/05\/05_AG_AMAP_05052019_06.jpg 650w, http:\/\/lesjardinsdelaroussiere.fr\/wp-content\/uploads\/2019\/05\/05_AG_AMAP_05052019_06-300x225.jpg 300w, http:\/\/lesjardinsdelaroussiere.fr\/wp-content\/uploads\/2019\/05\/05_AG_AMAP_05052019_06-400x300.jpg 400w\" sizes=\"(max-width: 650px) 100vw, 650px\" \/><\/a> <a href=\"http:\/\/www.lesjardinsdelaroussiere.fr\/?attachment_id=8475\" rel=\"attachment wp-att-8475\"><img decoding=\"async\" loading=\"lazy\" class=\"aligncenter size-full wp-image-8475\" src=\"http:\/\/lesjardinsdelaroussiere.fr\/wp-content\/uploads\/2019\/05\/05_AG_AMAP_05052019_07.jpg\" alt=\"\" width=\"650\" height=\"488\" srcset=\"http:\/\/lesjardinsdelaroussiere.fr\/wp-content\/uploads\/2019\/05\/05_AG_AMAP_05052019_07.jpg 650w, http:\/\/lesjardinsdelaroussiere.fr\/wp-content\/uploads\/2019\/05\/05_AG_AMAP_05052019_07-300x225.jpg 300w, http:\/\/lesjardinsdelaroussiere.fr\/wp-content\/uploads\/2019\/05\/05_AG_AMAP_05052019_07-400x300.jpg 400w\" sizes=\"(max-width: 650px) 100vw, 650px\" \/><\/a><\/p>\n<p style=\"text-align: justify;\">En perspective pour les mois \u00e0 venir, l\u2019Amap va se doter d\u2019un logiciel de saisie et suivi des contrats \u201cAmapJ\u201d dont les principes ont \u00e9t\u00e9 pr\u00e9sent\u00e9s \u00e0 l\u2019assembl\u00e9e mais le sera plus pr\u00e9cis\u00e9ment \u00e0 l\u2019ensemble des adh\u00e9rents tr\u00e8s prochainement.<\/p>\n<p><a href=\"http:\/\/www.lesjardinsdelaroussiere.fr\/?attachment_id=8480\" rel=\"attachment wp-att-8480\"><img decoding=\"async\" loading=\"lazy\" class=\"aligncenter size-full wp-image-8480\" src=\"http:\/\/lesjardinsdelaroussiere.fr\/wp-content\/uploads\/2019\/05\/05_AG_AMAP_05052019_12.jpg\" alt=\"\" width=\"650\" height=\"438\" srcset=\"http:\/\/lesjardinsdelaroussiere.fr\/wp-content\/uploads\/2019\/05\/05_AG_AMAP_05052019_12.jpg 650w, http:\/\/lesjardinsdelaroussiere.fr\/wp-content\/uploads\/2019\/05\/05_AG_AMAP_05052019_12-300x202.jpg 300w, http:\/\/lesjardinsdelaroussiere.fr\/wp-content\/uploads\/2019\/05\/05_AG_AMAP_05052019_12-445x300.jpg 445w\" sizes=\"(max-width: 650px) 100vw, 650px\" \/><\/a><a href=\"http:\/\/www.lesjardinsdelaroussiere.fr\/?attachment_id=8479\" rel=\"attachment wp-att-8479\"><img decoding=\"async\" loading=\"lazy\" class=\"aligncenter size-full wp-image-8479\" src=\"http:\/\/lesjardinsdelaroussiere.fr\/wp-content\/uploads\/2019\/05\/05_AG_AMAP_05052019_11.jpg\" alt=\"\" width=\"650\" height=\"438\" srcset=\"http:\/\/lesjardinsdelaroussiere.fr\/wp-content\/uploads\/2019\/05\/05_AG_AMAP_05052019_11.jpg 650w, http:\/\/lesjardinsdelaroussiere.fr\/wp-content\/uploads\/2019\/05\/05_AG_AMAP_05052019_11-300x202.jpg 300w, http:\/\/lesjardinsdelaroussiere.fr\/wp-content\/uploads\/2019\/05\/05_AG_AMAP_05052019_11-445x300.jpg 445w\" sizes=\"(max-width: 650px) 100vw, 650px\" \/><\/a><\/p>\n<p style=\"text-align: justify;\">Les membres actuels composant de C.A ont tous candidat\u00e9 \u00e0 l\u2019\u00e9lection du Conseil d\u2019administration et donc \u00e9t\u00e9 \u00e9lus.<\/p>\n<p>La journ\u00e9e s\u2019est termin\u00e9e par une visite des serres de S\u00e9verine.<\/p>\n<p><a href=\"http:\/\/www.lesjardinsdelaroussiere.fr\/?attachment_id=8476\" rel=\"attachment wp-att-8476\"><img decoding=\"async\" loading=\"lazy\" class=\"aligncenter size-full wp-image-8476\" src=\"http:\/\/lesjardinsdelaroussiere.fr\/wp-content\/uploads\/2019\/05\/05_AG_AMAP_05052019_08.jpg\" alt=\"\" width=\"650\" height=\"488\" srcset=\"http:\/\/lesjardinsdelaroussiere.fr\/wp-content\/uploads\/2019\/05\/05_AG_AMAP_05052019_08.jpg 650w, http:\/\/lesjardinsdelaroussiere.fr\/wp-content\/uploads\/2019\/05\/05_AG_AMAP_05052019_08-300x225.jpg 300w, http:\/\/lesjardinsdelaroussiere.fr\/wp-content\/uploads\/2019\/05\/05_AG_AMAP_05052019_08-400x300.jpg 400w\" sizes=\"(max-width: 650px) 100vw, 650px\" \/><\/a> <a href=\"http:\/\/www.lesjardinsdelaroussiere.fr\/?attachment_id=8477\" rel=\"attachment wp-att-8477\"><img decoding=\"async\" loading=\"lazy\" class=\"aligncenter size-full wp-image-8477\" src=\"http:\/\/lesjardinsdelaroussiere.fr\/wp-content\/uploads\/2019\/05\/05_AG_AMAP_05052019_09.jpg\" alt=\"\" width=\"650\" height=\"488\" srcset=\"http:\/\/lesjardinsdelaroussiere.fr\/wp-content\/uploads\/2019\/05\/05_AG_AMAP_05052019_09.jpg 650w, http:\/\/lesjardinsdelaroussiere.fr\/wp-content\/uploads\/2019\/05\/05_AG_AMAP_05052019_09-300x225.jpg 300w, http:\/\/lesjardinsdelaroussiere.fr\/wp-content\/uploads\/2019\/05\/05_AG_AMAP_05052019_09-400x300.jpg 400w\" sizes=\"(max-width: 650px) 100vw, 650px\" \/><\/a><\/p>\n","protected":false},"excerpt":{"rendered":"<p>Bonjour \u00e0 toutes et \u00e0 tous, Le dimanche 5 Mai s\u2019est d\u00e9roul\u00e9 notre repas annuel des adh\u00e9rents de l\u2019Amap et l\u2019Assembl\u00e9e G\u00e9n\u00e9rale de l\u2019association. Cette ann\u00e9e nous l\u2019avons organis\u00e9 chez S\u00e9verine, notre maraich\u00e8re. 56 adultes et une dizaine d\u2019enfants y &hellip; <a href=\"https:\/\/www.lesjardinsdelaroussiere.fr\/?p=8468\">Continuer la lecture <span class=\"meta-nav\">&rarr;<\/span><\/a><\/p>\n","protected":false},"author":3,"featured_media":0,"comment_status":"open","ping_status":"open","sticky":false,"template":"","format":"standard","meta":[],"categories":[3],"tags":[421,160,161,420,112],"views":476841,"_links":{"self":[{"href":"https:\/\/www.lesjardinsdelaroussiere.fr\/index.php?rest_route=\/wp\/v2\/posts\/8468"}],"collection":[{"href":"https:\/\/www.lesjardinsdelaroussiere.fr\/index.php?rest_route=\/wp\/v2\/posts"}],"about":[{"href":"https:\/\/www.lesjardinsdelaroussiere.fr\/index.php?rest_route=\/wp\/v2\/types\/post"}],"author":[{"embeddable":true,"href":"https:\/\/www.lesjardinsdelaroussiere.fr\/index.php?rest_route=\/wp\/v2\/users\/3"}],"replies":[{"embeddable":true,"href":"https:\/\/www.lesjardinsdelaroussiere.fr\/index.php?rest_route=%2Fwp%2Fv2%2Fcomments&post=8468"}],"version-history":[{"count":2,"href":"https:\/\/www.lesjardinsdelaroussiere.fr\/index.php?rest_route=\/wp\/v2\/posts\/8468\/revisions"}],"predecessor-version":[{"id":8484,"href":"https:\/\/www.lesjardinsdelaroussiere.fr\/index.php?rest_route=\/wp\/v2\/posts\/8468\/revisions\/8484"}],"wp:attachment":[{"href":"https:\/\/www.lesjardinsdelaroussiere.fr\/index.php?rest_route=%2Fwp%2Fv2%2Fmedia&parent=8468"}],"wp:term":[{"taxonomy":"category","embeddable":true,"href":"https:\/\/www.lesjardinsdelaroussiere.fr\/index.php?rest_route=%2Fwp%2Fv2%2Fcategories&post=8468"},{"taxonomy":"post_tag","embeddable":true,"href":"https:\/\/www.lesjardinsdelaroussiere.fr\/index.php?rest_route=%2Fwp%2Fv2%2Ftags&post=8468"}],"curies":[{"name":"wp","href":"https:\/\/api.w.org\/{rel}","templated":true}]}}