{"id":8420,"date":"2018-12-30T14:50:20","date_gmt":"2018-12-30T13:50:20","guid":{"rendered":"http:\/\/www.lesjardinsdelaroussiere.fr\/?p=8420"},"modified":"2019-01-03T00:18:52","modified_gmt":"2019-01-02T23:18:52","slug":"bonne-annee-2019","status":"publish","type":"post","link":"https:\/\/www.lesjardinsdelaroussiere.fr\/?p=8420","title":{"rendered":"Bonne ann\u00e9e 2019 !"},"content":{"rendered":"<p>Bonjour \u00e0 toutes et \u00e0 tous,<\/p>\n<p style=\"text-align: justify;\">Cette fin d&rsquo;ann\u00e9e s&rsquo;est av\u00e9r\u00e9e pleine d&rsquo;\u00e9v\u00e8nements plus particuli\u00e8rement sur la fin !<\/p>\n<p style=\"text-align: justify;\">D&rsquo;un c\u00f4t\u00e9 <strong><a href=\"http:\/\/www.lesjardinsdelaroussiere.fr\/?p=8398\" target=\"_blank\" rel=\"noopener\">le d\u00e9part de S\u00e9verine mais pour un repos bien m\u00e9rit\u00e9<\/a><\/strong>, de l&rsquo;autre <strong><a href=\"http:\/\/www.lesjardinsdelaroussiere.fr\/?p=8407\" target=\"_blank\" rel=\"noopener\">le d\u00e9part de Micha\u00ebl<\/a><\/strong>, parti pour d&rsquo;autres horizons comme le veut la formule consensuelle, et bien \u00e9videmment, la crise des gilets jaunes venue apporter son lot de bouleversements dans le quotidien de chacun !<\/p>\n<p style=\"text-align: justify;\">8\u00a0ans, c&rsquo;est \u00e0 la fois peu et beaucoup,\u00a08 ans, c&rsquo;est l&rsquo;\u00e2ge de l&rsquo;AMAP des Jardins de la Roussi\u00e8re ;\u00a08 1\/2 ans pour \u00eatre plus pr\u00e9cis ; puisque la premi\u00e8re livraison de paniers remonte au 1er Juillet 2010 !<\/p>\n<p><a href=\"http:\/\/www.lesjardinsdelaroussiere.fr\/?attachment_id=8421\" rel=\"attachment wp-att-8421\"><img decoding=\"async\" loading=\"lazy\" class=\"aligncenter size-full wp-image-8421\" src=\"http:\/\/lesjardinsdelaroussiere.fr\/wp-content\/uploads\/2018\/12\/Bonne_Annee_2019.jpg\" alt=\"\" width=\"650\" height=\"319\" srcset=\"http:\/\/lesjardinsdelaroussiere.fr\/wp-content\/uploads\/2018\/12\/Bonne_Annee_2019.jpg 650w, http:\/\/lesjardinsdelaroussiere.fr\/wp-content\/uploads\/2018\/12\/Bonne_Annee_2019-300x147.jpg 300w, http:\/\/lesjardinsdelaroussiere.fr\/wp-content\/uploads\/2018\/12\/Bonne_Annee_2019-500x245.jpg 500w\" sizes=\"(max-width: 650px) 100vw, 650px\" \/><\/a><\/p>\n<p style=\"text-align: justify;\">8\u00a0ans, c&rsquo;est le temps qu&rsquo;il a fallu pour na\u00eetre, se faire connaitre, se d\u00e9velopper puis se maintenir, car dans l&rsquo;agriculture, la Nature \u00e0 son mot \u00e0 dire tout autant que les lois du march\u00e9 !<!--more--><\/p>\n<p style=\"text-align: justify;\">2008, souvenez-vous, co\u00efncidence, c&rsquo;\u00e9tait le premier Grenelle de l&rsquo;environnement sous le gouvernement Sarkorzy, aujourd&rsquo;hui, deux quinquennats plus tard, apr\u00e8s des choix politiques des divers gouvernements que nous n&rsquo;aborderons pas dans le cadre de ce blog car trop sensibles, force est de constater que le r\u00e9sultat est bien loin de ce qui \u00e9tait entrevu au d\u00e9part&#8230;<\/p>\n<p>Aujourd&rsquo;hui, la situation n&rsquo;est gu\u00e8re brillante, les choix qui devaient \u00eatre faits n&rsquo;ont pas \u00e9t\u00e9 les bons et on ne peut que le regretter&#8230;<\/p>\n<p style=\"text-align: justify;\">Si la parole de l&rsquo;\u00e9co-citoyen peine \u00e0 se faire entendre dans cette cacophonie ambiante, malgr\u00e9 les demandes r\u00e9p\u00e9t\u00e9es, nos actes sont encore les seules vraies possibilit\u00e9s qui nous restent d&rsquo;avoir un impact aussi modeste soit-il sur notre environnement !<\/p>\n<p>Avant de penser \u00ab\u00a0global\u00a0\u00bb ; celui du fameux \u00ab\u00a0<em>Think global, act local<\/em>\u00a0\u00bb du marketing, agissons localement, il y en aura bien quelque chose qui finira par se g\u00e9n\u00e9raliser !<\/p>\n<p style=\"text-align: justify;\">La crise des gilets jaunes aura au moins eu un m\u00e9rite, celui de faire comprendre \u00e0 nos chers gouvernants que le temps de la mobilisation est venu et que non, les fran\u00e7ais ne sont pas les \u00ab\u00a0veaux\u00a0\u00bb si chers \u00e0 DE GAULLE\u00a0en 1940 !<\/p>\n<p style=\"text-align: justify;\">Est-ce que l&rsquo;ann\u00e9e 2019 marquera un tournant d\u00e9cisif, sera t&rsquo;elle l&rsquo;ann\u00e9e de la prise de conscience, saura t&rsquo;elle apporter des bouleversements positifs, seul l&rsquo;avenir nous le dira !?<\/p>\n<p style=\"text-align: justify;\">Quoi qu&rsquo;il soit, tant que la doxa de l&rsquo;ultralib\u00e9ralisme persistera comme une lourde chape de plomb sur le monde, \u00e9conomique, culturel, scolaire, etc. toute notre vie, depuis la naissance jusqu&rsquo;\u00e0 notre mort, restera couvert par cette pens\u00e9e unique qui ne vise qu&rsquo;\u00e0 satisfaire les int\u00e9r\u00eats d&rsquo;une \u00e9lite sans cesse de plus en plus riche et de plus en plus d\u00e9connect\u00e9e de la pl\u00e8be, \u00e0 une exception,\u00a0le lien\u00a0de l&rsquo;argent, qu&rsquo;elle aspire comme par capillarit\u00e9 sans qu&rsquo;une seule goutte ne \u00ab\u00a0ruisselle\u00a0\u00bb\u00a0jusqu&rsquo;\u00e0 nous&#8230;<\/p>\n<p style=\"text-align: justify;\">Est-ce que nous saurons lever l&rsquo;\u00e9tendard de l&rsquo;\u00e9conomie solidaire, durable, et non punitive pour les consommateurs, mais uniquement pour les producteurs d\u00e9nu\u00e9s de toute conscience et scrupule en la mati\u00e8re ?<\/p>\n<p style=\"text-align: justify;\">Je me suis replong\u00e9 dans notre histoire et plus particuli\u00e8rement sur les paroles de notre hymne national, et j&rsquo;ai trouv\u00e9\u00a0des similitudes assez troublantes dans certaines strophes avec les \u00e9v\u00e8nements de ces derniers mois, nonobstant les passages sanglants qui seyaient plus \u00e0 la p\u00e9riode de sa r\u00e9daction (et qui doivent le rester), jugez plut\u00f4t :<\/p>\n<p><em>Allons, enfants de la Patrie,<\/em><br \/>\n<em>Le jour de gloire est arriv\u00e9 !<\/em><br \/>\n<em>\u00a0Contre nous de la tyrannie<\/em><br \/>\n<em>\u00a0L&rsquo;\u00e9tendard sanglant est lev\u00e9, (bis)<\/em><br \/>\n<em>\u00a0Entendez-vous dans les campagnes<\/em><br \/>\n<em>\u00a0Mugir ces f\u00e9roces soldats ?<\/em><br \/>\n<em>\u00a0Ils viennent jusque dans vos bras<\/em><br \/>\n<em>\u00a0\u00c9gorger vos fils, vos compagnes ! <\/em><br \/>\n<em>\u00a0<\/em><\/p>\n<p><em>Aux armes, citoyens,<\/em><br \/>\n<em>\u00a0Formez vos bataillons,<\/em><br \/>\n<em>\u00a0Marchons, marchons !<\/em><br \/>\n<em>\u00a0Qu&rsquo;un sang impur<\/em><br \/>\n<em>\u00a0Abreuve nos sillons ! <\/em><br \/>\n<em>\u00a0<\/em><\/p>\n<p><em>Que veut cette horde d&rsquo;esclaves,<\/em><br \/>\n<em>\u00a0De tra\u00eetres, de rois conjur\u00e9s ?<\/em><br \/>\n<em>\u00a0Pour qui ces ignobles entraves,<\/em><br \/>\n<em>\u00a0Ces fers d\u00e8s longtemps pr\u00e9par\u00e9s ? (bis)<\/em><br \/>\n<em>\u00a0Fran\u00e7ais, pour nous, ah ! quel outrage !<\/em><br \/>\n<em>\u00a0Quels transports il doit exciter !<\/em><br \/>\n<em>\u00a0C&rsquo;est nous qu&rsquo;on ose m\u00e9diter<\/em><br \/>\n<em>\u00a0De rendre \u00e0 l&rsquo;antique esclavage !<\/em><\/p>\n<p style=\"text-align: justify;\">La \u00ab\u00a0tyrannie\u00a0\u00bb de l&rsquo;\u00e9conomie, \u00ab\u00a0la marche\u00a0\u00bb, \u00ab\u00a0les entraves\u00a0\u00bb, \u00ab\u00a0les outrages\u00a0\u00bb, \u00ab\u00a0l&rsquo;esclavage \u00a0\u00bb insidieux, cela ne vous rappelle rien ?<\/p>\n<p style=\"text-align: justify;\">Cette r\u00e9volution doit venir de la base car il semble peu probable qu&rsquo;elle \u00e9mane d&rsquo;un syst\u00e8me format\u00e9 pour penser et\u00a0agir selon les r\u00e8gles inculqu\u00e9es depuis des d\u00e9cennies, r\u00e9p\u00e9t\u00e9es comme des mantras qu&rsquo;il convient de r\u00e9citer doctement comme une v\u00e9rit\u00e9 absolue, cette r\u00e9volution ne peut venir que de nos actes quotidiens, de nos prises de conscience, de nos convictions \u00a0et de notre pros\u00e9lytisme.<br \/>\nPeut-\u00eatre que contre toutes les lois de la physique cette r\u00e9volution, cette prise de conscience,\u00a0ruisselleront vers le haut&#8230;<\/p>\n<p style=\"text-align: justify;\">Mais d&rsquo;ici l\u00e0, laissons les oracles pr\u00e9dire l&rsquo;avenir, et profitons des derni\u00e8rs jours avant la nouvelle ann\u00e9e !<\/p>\n<p style=\"text-align: justify;\">L&rsquo;AMAP vous souhaite \u00e0 toutes et \u00e0 tous d&rsquo;excellentes f\u00eates de fin d&rsquo;ann\u00e9e et vous attend pour le prochain panier du 3 Janvier 2019 en pleine forme !<\/p>\n<p style=\"text-align: justify;\">Meilleurs v\u0153ux pour cette nouvelle ann\u00e9e 2019, v\u0153ux de bonheur, de prosp\u00e9rit\u00e9 et de sant\u00e9 par dessus tout !<\/p>\n<p>&nbsp;<\/p>\n","protected":false},"excerpt":{"rendered":"<p>Bonjour \u00e0 toutes et \u00e0 tous, Cette fin d&rsquo;ann\u00e9e s&rsquo;est av\u00e9r\u00e9e pleine d&rsquo;\u00e9v\u00e8nements plus particuli\u00e8rement sur la fin ! D&rsquo;un c\u00f4t\u00e9 le d\u00e9part de S\u00e9verine mais pour un repos bien m\u00e9rit\u00e9, de l&rsquo;autre le d\u00e9part de Micha\u00ebl, parti pour d&rsquo;autres &hellip; <a href=\"https:\/\/www.lesjardinsdelaroussiere.fr\/?p=8420\">Continuer la lecture <span class=\"meta-nav\">&rarr;<\/span><\/a><\/p>\n","protected":false},"author":2,"featured_media":0,"comment_status":"open","ping_status":"open","sticky":false,"template":"","format":"standard","meta":[],"categories":[6],"tags":[419,20,270],"views":3897,"_links":{"self":[{"href":"https:\/\/www.lesjardinsdelaroussiere.fr\/index.php?rest_route=\/wp\/v2\/posts\/8420"}],"collection":[{"href":"https:\/\/www.lesjardinsdelaroussiere.fr\/index.php?rest_route=\/wp\/v2\/posts"}],"about":[{"href":"https:\/\/www.lesjardinsdelaroussiere.fr\/index.php?rest_route=\/wp\/v2\/types\/post"}],"author":[{"embeddable":true,"href":"https:\/\/www.lesjardinsdelaroussiere.fr\/index.php?rest_route=\/wp\/v2\/users\/2"}],"replies":[{"embeddable":true,"href":"https:\/\/www.lesjardinsdelaroussiere.fr\/index.php?rest_route=%2Fwp%2Fv2%2Fcomments&post=8420"}],"version-history":[{"count":12,"href":"https:\/\/www.lesjardinsdelaroussiere.fr\/index.php?rest_route=\/wp\/v2\/posts\/8420\/revisions"}],"predecessor-version":[{"id":8442,"href":"https:\/\/www.lesjardinsdelaroussiere.fr\/index.php?rest_route=\/wp\/v2\/posts\/8420\/revisions\/8442"}],"wp:attachment":[{"href":"https:\/\/www.lesjardinsdelaroussiere.fr\/index.php?rest_route=%2Fwp%2Fv2%2Fmedia&parent=8420"}],"wp:term":[{"taxonomy":"category","embeddable":true,"href":"https:\/\/www.lesjardinsdelaroussiere.fr\/index.php?rest_route=%2Fwp%2Fv2%2Fcategories&post=8420"},{"taxonomy":"post_tag","embeddable":true,"href":"https:\/\/www.lesjardinsdelaroussiere.fr\/index.php?rest_route=%2Fwp%2Fv2%2Ftags&post=8420"}],"curies":[{"name":"wp","href":"https:\/\/api.w.org\/{rel}","templated":true}]}}