{"id":8407,"date":"2018-12-28T14:37:53","date_gmt":"2018-12-28T13:37:53","guid":{"rendered":"http:\/\/www.lesjardinsdelaroussiere.fr\/?p=8407"},"modified":"2018-12-29T14:38:52","modified_gmt":"2018-12-29T13:38:52","slug":"au-revoir-monsieur-michael","status":"publish","type":"post","link":"https:\/\/www.lesjardinsdelaroussiere.fr\/?p=8407","title":{"rendered":"Au revoir monsieur Micha\u00ebl !"},"content":{"rendered":"<p style=\"text-align: justify;\">Bonjour \u00e0 toutes et \u00e0 tous,<\/p>\n<p style=\"text-align: justify;\">D\u00e9cid\u00e9ment, il est des ann\u00e9es o\u00f9 la loi des s\u00e9ries frappe sans que l&rsquo;on s&rsquo;y attende !<\/p>\n<p style=\"text-align: justify;\">Apr\u00e8s le d\u00e9part&#8230; temporaire de S\u00e9verine pour <strong><a href=\"http:\/\/www.lesjardinsdelaroussiere.fr\/?p=8398\" target=\"_blank\" rel=\"noopener\">un p\u00e9riple en Asie<\/a><\/strong>, il s&rsquo;agit du d\u00e9part cette fois&#8230; d\u00e9finitif, de notre cher Micha\u00ebl !<\/p>\n<p style=\"text-align: justify;\"><a href=\"http:\/\/www.lesjardinsdelaroussiere.fr\/?attachment_id=5900\" rel=\"attachment wp-att-5900\"><img decoding=\"async\" loading=\"lazy\" class=\"aligncenter size-full wp-image-5900\" src=\"http:\/\/lesjardinsdelaroussiere.fr\/wp-content\/uploads\/2014\/10\/10_La_ronde_des_fruits_53.jpg\" alt=\"\" width=\"600\" height=\"399\" srcset=\"http:\/\/lesjardinsdelaroussiere.fr\/wp-content\/uploads\/2014\/10\/10_La_ronde_des_fruits_53.jpg 600w, http:\/\/lesjardinsdelaroussiere.fr\/wp-content\/uploads\/2014\/10\/10_La_ronde_des_fruits_53-300x199.jpg 300w, http:\/\/lesjardinsdelaroussiere.fr\/wp-content\/uploads\/2014\/10\/10_La_ronde_des_fruits_53-451x300.jpg 451w\" sizes=\"(max-width: 600px) 100vw, 600px\" \/><\/a><\/p>\n<p style=\"text-align: justify;\">Sa petite bouille malicieuse, son \u0153il p\u00e9tillant, sa passion qu&rsquo;il savait partager d\u00e8s qu&rsquo;on l\u2019interrogeait sur son m\u00e9tier, sa gentillesse, sa sinc\u00e9rit\u00e9, nous manqueront beaucoup sous le pr\u00e9au de l&rsquo;\u00e9cole !<!--more--><\/p>\n<p style=\"text-align: justify;\">Depuis le tout d\u00e9part ou presque, il a accompagn\u00e9 l\u2019aventure de l&rsquo;AMAP des Jardins de la Roussi\u00e8re.<br \/>\nIl a rejoint S\u00e9verine qui avait cr\u00e9\u00e9 <strong><a href=\"http:\/\/www.lesjardinsdelaroussiere.fr\/?m=201004\" target=\"_blank\" rel=\"noopener\">l&rsquo;AMAP au printemps 2010<\/a>,<\/strong> en proposant un contrat \u0153ufs au d\u00e9but, vers l&rsquo;automne de cette m\u00eame ann\u00e9e.<\/p>\n<p><a href=\"http:\/\/www.lesjardinsdelaroussiere.fr\/?attachment_id=8411\" rel=\"attachment wp-att-8411\"><img decoding=\"async\" loading=\"lazy\" class=\"aligncenter size-full wp-image-8411\" src=\"http:\/\/lesjardinsdelaroussiere.fr\/wp-content\/uploads\/2018\/12\/Michael_livraison_oeufs_AMAP.jpg\" alt=\"\" width=\"511\" height=\"600\" srcset=\"http:\/\/lesjardinsdelaroussiere.fr\/wp-content\/uploads\/2018\/12\/Michael_livraison_oeufs_AMAP.jpg 511w, http:\/\/lesjardinsdelaroussiere.fr\/wp-content\/uploads\/2018\/12\/Michael_livraison_oeufs_AMAP-256x300.jpg 256w\" sizes=\"(max-width: 511px) 100vw, 511px\" \/><\/a><\/p>\n<p style=\"text-align: justify;\">En effet, souvenez-vous pour les plus anciens, la 1\u00e8re distribution remonte d\u00e9j\u00e0 au&#8230; <strong><a href=\"http:\/\/www.lesjardinsdelaroussiere.fr\/?p=19\" target=\"_blank\" rel=\"noopener\">1er juillet 2010 !<\/a><\/strong><\/p>\n<p style=\"text-align: justify;\">Pourtant, ce n\u2019\u00e9tait pas la carri\u00e8re qu&rsquo;il avait en t\u00eate en poursuivant ses \u00e9tudes, puisqu\u2019il avait opt\u00e9 pour la fili\u00e8re&#8230; communication des entreprises !<\/p>\n<p style=\"text-align: justify;\">Comme de plus en plus de personnes ; et il n&rsquo;est nul besoin d&rsquo;\u00eatre devin pour pr\u00e9dire que cela risque d&rsquo;\u00eatre aujourd&rsquo;hui la r\u00e8gle plus que l&rsquo;exception ; il a op\u00e9r\u00e9 un virage \u00e0 180\u00b0 et a d\u00e9cid\u00e9 en 2005 de se lancer dans&#8230; l&rsquo;agriculture !<\/p>\n<p style=\"text-align: justify;\">A 25 ans il plaque tout, repart sur les bancs de l&rsquo;\u00e9cole et suit pendant 10 mois une formation afin de pouvoir monter son exploitation et vendre des fruits de qualit\u00e9 !<\/p>\n<p style=\"text-align: justify;\">Lors de cette formation, il rencontre celui qui deviendra son associ\u00e9; <strong>Jean-Luc THIBAULT<\/strong> ; ils s&rsquo;associent en 2009 et partagent leur exp\u00e9rience respective.<\/p>\n<div id=\"attachment_8412\" style=\"width: 610px\" class=\"wp-caption aligncenter\"><a href=\"http:\/\/www.lesjardinsdelaroussiere.fr\/?attachment_id=8412\" rel=\"attachment wp-att-8412\"><img aria-describedby=\"caption-attachment-8412\" decoding=\"async\" loading=\"lazy\" class=\"wp-image-8412 size-full\" src=\"http:\/\/lesjardinsdelaroussiere.fr\/wp-content\/uploads\/2018\/12\/Jean-Luc_THIBAULT.jpg\" alt=\"\" width=\"600\" height=\"339\" srcset=\"http:\/\/lesjardinsdelaroussiere.fr\/wp-content\/uploads\/2018\/12\/Jean-Luc_THIBAULT.jpg 600w, http:\/\/lesjardinsdelaroussiere.fr\/wp-content\/uploads\/2018\/12\/Jean-Luc_THIBAULT-300x170.jpg 300w, http:\/\/lesjardinsdelaroussiere.fr\/wp-content\/uploads\/2018\/12\/Jean-Luc_THIBAULT-500x283.jpg 500w\" sizes=\"(max-width: 600px) 100vw, 600px\" \/><\/a><p id=\"caption-attachment-8412\" class=\"wp-caption-text\">La Membrolle-sur-Longuen\u00e9e. Depuis 20 ans, sa ferme tourne au bio. Image Ouest-France.<\/p><\/div>\n<p style=\"text-align: justify;\">Leur credo : la biodiversit\u00e9, l&rsquo;agriculture durable, la diversification des productions et les circuits courts.<\/p>\n<p style=\"text-align: justify;\">Jean-Luc est quant \u00e0 lui un \u00ab\u00a0vieux briscard\u00a0\u00bb, puisqu&rsquo;il fonde la premi\u00e8re AMAP du secteur en 2008 \u00e0 la Membrolle-Sur-Longuen\u00e9e.<br \/>\nIl faut reconna\u00eetre qu&rsquo;il s&rsquo;appuie sur une solide exp\u00e9rience dans la vente directe, puisque son exploitation, la ferme des noyers, remonte \u00e0 1998 !<br \/>\nTout deux vont d\u00e9velopper une exploitation qui va s&rsquo;agrandir petit \u00e0 petit jusqu\u2019\u00e0 couvrir plus de 11 ha !<\/p>\n<p style=\"text-align: justify;\">Tr\u00e8s clairement, leur conception du bio regroupe les crit\u00e8res essentiels aujourd&rsquo;hui que l&rsquo;on peut citer pour d\u00e9crire une activit\u00e9 bio, mais cela n&rsquo;allait pas forc\u00e9ment de soi, car \u00e0 cette \u00e9poque les AMAP balbutiaient encore dans le Maine et Loire.<\/p>\n<p style=\"text-align: justify;\">La Membrolle fut la premi\u00e8re \u00e0 ouvrir le bal comme indiqu\u00e9 <em>supra<\/em>, suivie de Montreuil-Juign\u00e9 et de Cantenay-Epinard puis Saint-L\u00e9ger des Bois.<\/p>\n<p style=\"text-align: justify;\">Ce n&rsquo;est pas rien de d\u00e9fricher le terrain, car cela implique de tout construire ou presque : des clients de magasins de producteurs et Biocoop \u00e0 convaincre puis \u00e0 fid\u00e9liser, des march\u00e9s, des ventes \u00e0 cueillir, des restaurateurs, bref, exploiter tous les circuits courts qui s&rsquo;offrent \u00e0 vous !<\/p>\n<p style=\"text-align: justify;\">Pendant 10 ans, Michael a connu des moments de bonheur, mais aussi de doutes et de remises en cause tr\u00e8s certainement, pendant 10 ans, l\u2019exp\u00e9rience s&rsquo;est forg\u00e9e en luttant et en pers\u00e9v\u00e9rant malgr\u00e9 les difficult\u00e9s que la vie d&rsquo;agriculteur bio ne manque pas de mettre sur votre chemin.<\/p>\n<p style=\"text-align: justify;\">C&rsquo;est un vrai sacerdoce \u00e0 n&rsquo;en pas douter, et m\u00eame en partageant son travail avec son associ\u00e9 Jean-Luc, cela reste un lourd fardeau \u00e0 porter !<\/p>\n<p style=\"text-align: justify;\">Pour avoir interview\u00e9 Michael \u00e0 deux reprises depuis que je suis webmaster, je sais que la Nature vous met \u00e0 rude \u00e9preuve et lorsque vous parvenez enfin \u00e0 mettre la t\u00eate hors de l&rsquo;eau, on a le sentiment qu&rsquo;elle s\u2019ing\u00e9nierait presque \u00e0 vous l\u2019enfoncer de nouveau dessous !<\/p>\n<div id=\"attachment_7515\" style=\"width: 610px\" class=\"wp-caption aligncenter\"><a href=\"http:\/\/www.lesjardinsdelaroussiere.fr\/?attachment_id=7515\" rel=\"attachment wp-att-7515\"><img aria-describedby=\"caption-attachment-7515\" decoding=\"async\" loading=\"lazy\" class=\"wp-image-7515 size-full\" src=\"http:\/\/lesjardinsdelaroussiere.fr\/wp-content\/uploads\/2016\/05\/14_Pourriture_mais.jpg\" alt=\"\" width=\"600\" height=\"450\" srcset=\"http:\/\/lesjardinsdelaroussiere.fr\/wp-content\/uploads\/2016\/05\/14_Pourriture_mais.jpg 600w, http:\/\/lesjardinsdelaroussiere.fr\/wp-content\/uploads\/2016\/05\/14_Pourriture_mais-300x225.jpg 300w, http:\/\/lesjardinsdelaroussiere.fr\/wp-content\/uploads\/2016\/05\/14_Pourriture_mais-400x300.jpg 400w\" sizes=\"(max-width: 600px) 100vw, 600px\" \/><\/a><p id=\"caption-attachment-7515\" class=\"wp-caption-text\">Pourriture du ma\u00efs pour les poules en 2016 au fonds d&rsquo;un silo&#8230;<\/p><\/div>\n<p style=\"text-align: justify;\">Alors bien \u00e9videmment tout n&rsquo;est pas noir, il y a quand m\u00eame les moments o\u00f9 la Nature vous fait profiter de sa bienveillance et son abondance, vient faire oublier les p\u00e9riodes de vaches maigres, o\u00f9 les rencontres avec des personnes de qualit\u00e9 vous apportent connaissances, r\u00e9confort et aide, mais il faut savoir \u00ab\u00a0100 fois sur le m\u00e9tier remettre son ouvrage\u00a0\u00bb comme le dit si bien le dicton !<\/p>\n<p style=\"text-align: justify;\">Souhaitant avoir l&rsquo;avis de l&rsquo;int\u00e9ress\u00e9, j&rsquo;ai pos\u00e9 la question suivante \u00e0 Michael : quels sont tes bons mais aussi tes mauvais souvenirs au cours de ces 10 ann\u00e9es pass\u00e9es dans la culture bio et incidemment au sein de l&rsquo;AMAP ?<br \/>\nR\u00e9sultat, ces propos tr\u00e8s sinc\u00e8res en forme de bilan que je vous invite \u00e0 lire si vous le voulez bien :<\/p>\n<p style=\"text-align: justify;\"><em>Voici les souvenirs que je garde de l\u2019AMAP\u00a0:<\/em><\/p>\n<p style=\"text-align: justify;\"><em>Les trajets hebdomadaires avec S\u00e9verine pour venir sur le lieu de distribution et Evelyne, toujours l\u00e0.<\/em><\/p>\n<p style=\"text-align: justify;\"><em>Magalie, ma tutrice depuis le d\u00e9but (big up pour Magalie)<\/em><\/p>\n<p style=\"text-align: justify;\"><em>Les histoires (parfois joyeuses et parfois tristes mais toujours sinc\u00e8res) avec de nombreux amapiens,<br \/>\nLes histoires dr\u00f4les de R\u00e9gis.<\/em><\/p>\n<p style=\"text-align: justify;\"><em>Le petit c\u00f4t\u00e9 taquin du pr\u00e9sident qui r\u00e2le tout le temps parce que mes \u0153ufs ne lui plaisent jamais.<\/em><\/p>\n<p style=\"text-align: justify;\"><em>Les conseils d\u2019administration toujours conviviaux ou chacun ram\u00e8ne \u00e0 manger et \u00e0 boire.<\/em><\/p>\n<p style=\"text-align: justify;\"><em>Les diff\u00e9rentes assembl\u00e9es g\u00e9n\u00e9rales\u00a0: concert avec mon groupe de musique, repas chez les producteurs, la soir\u00e9e jeu ou th\u00e9\u00e2tre.<\/em><\/p>\n<div id=\"attachment_7864\" style=\"width: 660px\" class=\"wp-caption aligncenter\"><a href=\"http:\/\/www.lesjardinsdelaroussiere.fr\/?attachment_id=7864\" rel=\"attachment wp-att-7864\"><img aria-describedby=\"caption-attachment-7864\" decoding=\"async\" loading=\"lazy\" class=\"wp-image-7864 size-full\" src=\"http:\/\/lesjardinsdelaroussiere.fr\/wp-content\/uploads\/2017\/04\/01042017_AG_2017_photo_09.jpg\" alt=\"\" width=\"650\" height=\"488\" srcset=\"http:\/\/lesjardinsdelaroussiere.fr\/wp-content\/uploads\/2017\/04\/01042017_AG_2017_photo_09.jpg 650w, http:\/\/lesjardinsdelaroussiere.fr\/wp-content\/uploads\/2017\/04\/01042017_AG_2017_photo_09-300x225.jpg 300w, http:\/\/lesjardinsdelaroussiere.fr\/wp-content\/uploads\/2017\/04\/01042017_AG_2017_photo_09-600x450.jpg 600w, http:\/\/lesjardinsdelaroussiere.fr\/wp-content\/uploads\/2017\/04\/01042017_AG_2017_photo_09-400x300.jpg 400w\" sizes=\"(max-width: 650px) 100vw, 650px\" \/><\/a><p id=\"caption-attachment-7864\" class=\"wp-caption-text\">Funky Phonie, le groupe de Michael, lors de l&rsquo;A.G en 2017&#8230;<\/p><\/div>\n<p style=\"text-align: justify;\"><em>A la Ronde des Fruits, les meilleurs souvenirs que je garde de mon exp\u00e9rience sont toutes les rencontres que j\u2019ai pu faire\u00a0: mes coll\u00e8gues producteurs, mes clients, mes salari\u00e9s, mes stagiaires.<br \/>\nIls sont beaucoup trop nombreux pour que je n\u2019en cite que quelques uns.<\/em><\/p>\n<p style=\"text-align: justify;\"><em>Je garde un tr\u00e8s bon souvenir des pauses caf\u00e9 avec un bon g\u00e2teau ramen\u00e9 par l\u2019un d\u2019entre nous.<\/em><\/p>\n<p style=\"text-align: justify;\"><em>Je garde un excellent souvenir de voir tous ces gens cueillir dans mon carr\u00e9 de fraises de vente \u00e0 cueillir.<\/em><\/p>\n<p style=\"text-align: justify;\"><em>Pendant ces 10 ans, j\u2019ai vraiment fait ce que je voulais.<br \/>\nJ\u2019ai \u0153uvr\u00e9 pour une meilleure alimentation.<\/em><\/p>\n<p style=\"text-align: justify;\"><em>Les mauvais souvenirs sont li\u00e9s \u00e0 la m\u00e9canique\u00a0: tracteurs, outils tract\u00e9s de travaux du sol, d\u00e9broussailleuses\u2026<br \/>\nLe probl\u00e8me c\u2019est quand \u00e7a tombe en panne.<br \/>\nQuand on n\u2019est pas m\u00e9cano, on passe un temps fou pour r\u00e9parer (quand on y arrive\u2026).<\/em><\/p>\n<div id=\"attachment_7496\" style=\"width: 610px\" class=\"wp-caption aligncenter\"><a href=\"http:\/\/www.lesjardinsdelaroussiere.fr\/?attachment_id=7496\" rel=\"attachment wp-att-7496\"><img aria-describedby=\"caption-attachment-7496\" decoding=\"async\" loading=\"lazy\" class=\"wp-image-7496 size-full\" src=\"http:\/\/lesjardinsdelaroussiere.fr\/wp-content\/uploads\/2016\/05\/DSC_3136_600x350.jpg\" alt=\"\" width=\"600\" height=\"399\" srcset=\"http:\/\/lesjardinsdelaroussiere.fr\/wp-content\/uploads\/2016\/05\/DSC_3136_600x350.jpg 600w, http:\/\/lesjardinsdelaroussiere.fr\/wp-content\/uploads\/2016\/05\/DSC_3136_600x350-300x200.jpg 300w, http:\/\/lesjardinsdelaroussiere.fr\/wp-content\/uploads\/2016\/05\/DSC_3136_600x350-451x300.jpg 451w\" sizes=\"(max-width: 600px) 100vw, 600px\" \/><\/a><p id=\"caption-attachment-7496\" class=\"wp-caption-text\">Micha\u00ebl sur son tracteur lors d&rsquo;une interview en 2016&#8230;<\/p><\/div>\n<p style=\"text-align: justify;\"><em>Aussi les journ\u00e9es interminables pendant la pleine saison !<\/em><\/p>\n<p style=\"text-align: justify;\"><em>Voici l\u2019exemple d\u2019un vendredi de la fin juin :<\/em><\/p>\n<p style=\"text-align: justify;\"><em>Debout 6h00 pour arriver \u00e0 6h45 \u00e0 la ferme car \u00e0 7h00, une vingtaine d\u2019ados de 16-18 ans arrivent et demandent ce qu\u2019il y a \u00e0 cueillir.<\/em><\/p>\n<p style=\"text-align: justify;\"><em>Le vendredi les cueilleurs cueillent pour le march\u00e9 de l\u2019apr\u00e8s-midi et du samedi matin, ainsi que des livraisons dans les biocoops.<br \/>\n\u00c7a\u00a0fait quelques barquettes\u2026<\/em><\/p>\n<p style=\"text-align: justify;\"><em>Je les p\u00e8se toutes une par une (c\u2019est chiant\u00a0!!!).<\/em><\/p>\n<p style=\"text-align: justify;\"><em>A 14h00 mon march\u00e9 est pr\u00eat et je pars en livraisons dans les biocoop.<br \/>\nJ\u2019arrive ensuite sur le march\u00e9 pour 15h30 jusqu\u2019\u00e0 20h00 (voire plus tard quand on boit un coup\u2026 on a un viti avec nous sur ce petit march\u00e9).<\/em><\/p>\n<p style=\"text-align: justify;\"><em>20h30\u00a0: Je rentre \u00e0 la ferme et je recharge pour le march\u00e9 de demain.<br \/>\nJe compte la caisse du march\u00e9.<br \/>\nJe me remets \u00e0 la pes\u00e9e des barquettes (c\u2019est encore plus chiant de s\u2019y remettre\u00a0!!!) et je surg\u00e8le les fruits pour la transformation.<br \/>\nOups, il est d\u00e9j\u00e0 22h00\u2026<br \/>\nAlors quand en plus, tu as du mat\u00e9riel qui tombe en panne, tu maudis ce m\u00e9tier !\u00a0&#x1f60a;<\/em><\/p>\n<p style=\"text-align: justify;\">Enfin, une question me taraudait, et je br\u00fblais de la poser \u00e0 Michael : que comptes tu faire maintenant, apr\u00e8s ces 10 ann\u00e9es d&rsquo;AMAP ?<\/p>\n<p style=\"text-align: justify;\">Voici sa r\u00e9ponse&#8230;<\/p>\n<p style=\"text-align: justify;\"><em>En terme de projet, il n\u2019y a seulement que des grandes lignes.<\/em><br \/>\n<em>Je pense reprendre un boulot salari\u00e9 pendant 1 an ou 2, pour me permettre de toucher des droits au ch\u00f4mage et envisager pourquoi pas de me r\u00e9installer.<\/em><br \/>\n<em>On verra en fonction des opportunit\u00e9s.<\/em><br \/>\n<em>Je commence d\u00e8s \u00e0 pr\u00e9sent \u00e0 postuler \u00e0 des offres d\u2019emplois.<\/em><br \/>\n<em>Je vous tiendrais au courant.<\/em><\/p>\n<p style=\"text-align: justify;\">Il est clair que m\u00eame en ayant m\u00fbrement r\u00e9fl\u00e9chi un d\u00e9part, il est toujours difficile de savoir exactement ce que l&rsquo;on va faire.<\/p>\n<p style=\"text-align: justify;\">Prendre un nouveau virage \u00e0 180\u00b0 n&rsquo;est jamais aussi simple que la premi\u00e8re fois, retrouver la passion, l&rsquo;\u00e9tincelle qui a d\u00e9clench\u00e9 le processus de cette premi\u00e8re fois.<\/p>\n<p style=\"text-align: justify;\">Poursuivre dans la m\u00eame voie, c&rsquo;est capitaliser une exp\u00e9rience et tenter une nouvelle aventure sans repartir de z\u00e9ro compl\u00e8tement, bref, toutes les possibilit\u00e9s sont offertes.<\/p>\n<p style=\"text-align: justify;\">Certaine(s) parviennent \u00e0 rebondir et changer radicalement de projet, de mode de vie, ce sont ceux qui ont la fibre entrepreneuriale dans le sang ou qui ont la t\u00eate remplie d&rsquo;id\u00e9es et de r\u00eaves ou passions \u00e0 assouvir, mais il faut reconna\u00eetre que cela n&rsquo;est pas donn\u00e9 \u00e0 tout le monde\u00a0 !<\/p>\n<p style=\"text-align: justify;\">Aujourd&rsquo;hui, la remise en cause est devenue syst\u00e9matique, comme je le disais au d\u00e9but, personne ne peut plus dire qu&rsquo;il passera sa carri\u00e8re dans la m\u00eame entreprise, encore moins dans la m\u00eame branche !<\/p>\n<p style=\"text-align: justify;\">Pour en revenir \u00e0 Michael, ce n&rsquo;est pas un adieu, mais comme il nous l&rsquo;a dit plus haut, un au revoir, nous aurons tr\u00e8s certainement l&rsquo;occasion de le rencontrer de nouveau !<\/p>\n<p>Bonne chance \u00e0 toi Micha\u00ebl pour ta carri\u00e8re et ton avenir !<\/p>\n<p style=\"text-align: justify;\">D&rsquo;ici l\u00e0, bonnes f\u00eates de fin d&rsquo;ann\u00e9es \u00e0 tous les AMAPiens !<\/p>\n","protected":false},"excerpt":{"rendered":"<p>Bonjour \u00e0 toutes et \u00e0 tous, D\u00e9cid\u00e9ment, il est des ann\u00e9es o\u00f9 la loi des s\u00e9ries frappe sans que l&rsquo;on s&rsquo;y attende ! Apr\u00e8s le d\u00e9part&#8230; temporaire de S\u00e9verine pour un p\u00e9riple en Asie, il s&rsquo;agit du d\u00e9part cette fois&#8230; &hellip; <a href=\"https:\/\/www.lesjardinsdelaroussiere.fr\/?p=8407\">Continuer la lecture <span class=\"meta-nav\">&rarr;<\/span><\/a><\/p>\n","protected":false},"author":2,"featured_media":0,"comment_status":"open","ping_status":"open","sticky":false,"template":"","format":"standard","meta":[],"categories":[6],"tags":[417,416,418],"views":2402,"_links":{"self":[{"href":"https:\/\/www.lesjardinsdelaroussiere.fr\/index.php?rest_route=\/wp\/v2\/posts\/8407"}],"collection":[{"href":"https:\/\/www.lesjardinsdelaroussiere.fr\/index.php?rest_route=\/wp\/v2\/posts"}],"about":[{"href":"https:\/\/www.lesjardinsdelaroussiere.fr\/index.php?rest_route=\/wp\/v2\/types\/post"}],"author":[{"embeddable":true,"href":"https:\/\/www.lesjardinsdelaroussiere.fr\/index.php?rest_route=\/wp\/v2\/users\/2"}],"replies":[{"embeddable":true,"href":"https:\/\/www.lesjardinsdelaroussiere.fr\/index.php?rest_route=%2Fwp%2Fv2%2Fcomments&post=8407"}],"version-history":[{"count":8,"href":"https:\/\/www.lesjardinsdelaroussiere.fr\/index.php?rest_route=\/wp\/v2\/posts\/8407\/revisions"}],"predecessor-version":[{"id":8417,"href":"https:\/\/www.lesjardinsdelaroussiere.fr\/index.php?rest_route=\/wp\/v2\/posts\/8407\/revisions\/8417"}],"wp:attachment":[{"href":"https:\/\/www.lesjardinsdelaroussiere.fr\/index.php?rest_route=%2Fwp%2Fv2%2Fmedia&parent=8407"}],"wp:term":[{"taxonomy":"category","embeddable":true,"href":"https:\/\/www.lesjardinsdelaroussiere.fr\/index.php?rest_route=%2Fwp%2Fv2%2Fcategories&post=8407"},{"taxonomy":"post_tag","embeddable":true,"href":"https:\/\/www.lesjardinsdelaroussiere.fr\/index.php?rest_route=%2Fwp%2Fv2%2Ftags&post=8407"}],"curies":[{"name":"wp","href":"https:\/\/api.w.org\/{rel}","templated":true}]}}