{"id":8238,"date":"2018-04-22T17:56:32","date_gmt":"2018-04-22T15:56:32","guid":{"rendered":"http:\/\/www.lesjardinsdelaroussiere.fr\/?p=8238"},"modified":"2018-05-02T19:18:28","modified_gmt":"2018-05-02T17:18:28","slug":"assemblee-generale-2018","status":"publish","type":"post","link":"https:\/\/www.lesjardinsdelaroussiere.fr\/?p=8238","title":{"rendered":"Assembl\u00e9e G\u00e9n\u00e9rale 2018"},"content":{"rendered":"<p>Bonjour \u00e0 toutes et \u00e0 tous,<\/p>\n<p style=\"text-align: justify;\">Dimanche 22 Avril \u00e9tait organis\u00e9 le repas annuel et l\u2019Assembl\u00e9e G\u00e9n\u00e9rale de l\u2019AMAP.<\/p>\n<p style=\"text-align: justify;\">Comme ces deux derni\u00e8res ann\u00e9es, cette journ\u00e9e s\u2019est d\u00e9roul\u00e9e chez un de nos producteurs, en l\u2019occurrence il s\u2019agissait de la <strong>famille GAUDIN<\/strong> (volailles, agneau et huile) <strong>\u00e0 Brain-Sur-Longuen\u00e9e<\/strong>.<\/p>\n<p style=\"text-align: justify;\">Une cinquantaine d\u2019adultes se sont donc retrouv\u00e9e pour partager un moment convivial autour d\u2019un repas confectionn\u00e9 par des membres du C.A, avec des produits de l\u2019AMAP (hors vin et semoule).<\/p>\n<p><a href=\"http:\/\/www.lesjardinsdelaroussiere.fr\/?attachment_id=8239\" rel=\"attachment wp-att-8239\"><img decoding=\"async\" loading=\"lazy\" class=\"aligncenter size-full wp-image-8239\" src=\"http:\/\/lesjardinsdelaroussiere.fr\/wp-content\/uploads\/2018\/05\/AG_2018_photo_01.jpg\" alt=\"\" width=\"650\" height=\"488\" srcset=\"http:\/\/lesjardinsdelaroussiere.fr\/wp-content\/uploads\/2018\/05\/AG_2018_photo_01.jpg 650w, http:\/\/lesjardinsdelaroussiere.fr\/wp-content\/uploads\/2018\/05\/AG_2018_photo_01-300x225.jpg 300w, http:\/\/lesjardinsdelaroussiere.fr\/wp-content\/uploads\/2018\/05\/AG_2018_photo_01-600x450.jpg 600w, http:\/\/lesjardinsdelaroussiere.fr\/wp-content\/uploads\/2018\/05\/AG_2018_photo_01-400x300.jpg 400w\" sizes=\"(max-width: 650px) 100vw, 650px\" \/><\/a><!--more--><\/p>\n<p><a href=\"http:\/\/www.lesjardinsdelaroussiere.fr\/?attachment_id=8240\" rel=\"attachment wp-att-8240\"><img decoding=\"async\" loading=\"lazy\" class=\"aligncenter size-full wp-image-8240\" src=\"http:\/\/lesjardinsdelaroussiere.fr\/wp-content\/uploads\/2018\/05\/AG_2018_photo_02.jpg\" alt=\"\" width=\"650\" height=\"503\" srcset=\"http:\/\/lesjardinsdelaroussiere.fr\/wp-content\/uploads\/2018\/05\/AG_2018_photo_02.jpg 650w, http:\/\/lesjardinsdelaroussiere.fr\/wp-content\/uploads\/2018\/05\/AG_2018_photo_02-300x232.jpg 300w, http:\/\/lesjardinsdelaroussiere.fr\/wp-content\/uploads\/2018\/05\/AG_2018_photo_02-600x464.jpg 600w, http:\/\/lesjardinsdelaroussiere.fr\/wp-content\/uploads\/2018\/05\/AG_2018_photo_02-388x300.jpg 388w\" sizes=\"(max-width: 650px) 100vw, 650px\" \/><\/a><\/p>\n<p><a href=\"http:\/\/www.lesjardinsdelaroussiere.fr\/?attachment_id=8241\" rel=\"attachment wp-att-8241\"><img decoding=\"async\" loading=\"lazy\" class=\"aligncenter size-full wp-image-8241\" src=\"http:\/\/lesjardinsdelaroussiere.fr\/wp-content\/uploads\/2018\/05\/AG_2018_photo_03.jpg\" alt=\"\" width=\"650\" height=\"488\" srcset=\"http:\/\/lesjardinsdelaroussiere.fr\/wp-content\/uploads\/2018\/05\/AG_2018_photo_03.jpg 650w, http:\/\/lesjardinsdelaroussiere.fr\/wp-content\/uploads\/2018\/05\/AG_2018_photo_03-300x225.jpg 300w, http:\/\/lesjardinsdelaroussiere.fr\/wp-content\/uploads\/2018\/05\/AG_2018_photo_03-600x450.jpg 600w, http:\/\/lesjardinsdelaroussiere.fr\/wp-content\/uploads\/2018\/05\/AG_2018_photo_03-400x300.jpg 400w\" sizes=\"(max-width: 650px) 100vw, 650px\" \/><\/a> <a href=\"http:\/\/www.lesjardinsdelaroussiere.fr\/?attachment_id=8242\" rel=\"attachment wp-att-8242\"><img decoding=\"async\" loading=\"lazy\" class=\"aligncenter size-full wp-image-8242\" src=\"http:\/\/lesjardinsdelaroussiere.fr\/wp-content\/uploads\/2018\/05\/AG_2018_photo_04.jpg\" alt=\"\" width=\"650\" height=\"488\" srcset=\"http:\/\/lesjardinsdelaroussiere.fr\/wp-content\/uploads\/2018\/05\/AG_2018_photo_04.jpg 650w, http:\/\/lesjardinsdelaroussiere.fr\/wp-content\/uploads\/2018\/05\/AG_2018_photo_04-300x225.jpg 300w, http:\/\/lesjardinsdelaroussiere.fr\/wp-content\/uploads\/2018\/05\/AG_2018_photo_04-600x450.jpg 600w, http:\/\/lesjardinsdelaroussiere.fr\/wp-content\/uploads\/2018\/05\/AG_2018_photo_04-400x300.jpg 400w\" sizes=\"(max-width: 650px) 100vw, 650px\" \/><\/a><\/p>\n<p style=\"text-align: justify;\">L\u2019A.G a permis de retracer quelques moments phares de notre association, de ses valeurs, de faire le <strong>point sur l\u2019ann\u00e9e 2017<\/strong>, tant sur le point <strong>organisationnel<\/strong>, <strong>logistique<\/strong> que <strong>financier<\/strong>, de permettre aux producteurs pr\u00e9sents de pr\u00e9senter leurs activit\u00e9s, probl\u00e8mes rencontr\u00e9s et initiatives \u00e0 venir, et \u00e9lire le nouveau Conseil d\u2019Administration.<\/p>\n<p><a href=\"http:\/\/www.lesjardinsdelaroussiere.fr\/?attachment_id=8253\" rel=\"attachment wp-att-8253\"><img decoding=\"async\" loading=\"lazy\" class=\"aligncenter size-full wp-image-8253\" src=\"http:\/\/lesjardinsdelaroussiere.fr\/wp-content\/uploads\/2018\/04\/AG_2018_photo_08.jpg\" alt=\"\" width=\"428\" height=\"650\" srcset=\"http:\/\/lesjardinsdelaroussiere.fr\/wp-content\/uploads\/2018\/04\/AG_2018_photo_08.jpg 428w, http:\/\/lesjardinsdelaroussiere.fr\/wp-content\/uploads\/2018\/04\/AG_2018_photo_08-198x300.jpg 198w\" sizes=\"(max-width: 428px) 100vw, 428px\" \/><\/a> <a href=\"http:\/\/www.lesjardinsdelaroussiere.fr\/?attachment_id=8254\" rel=\"attachment wp-att-8254\"><img decoding=\"async\" loading=\"lazy\" class=\"aligncenter size-full wp-image-8254\" src=\"http:\/\/lesjardinsdelaroussiere.fr\/wp-content\/uploads\/2018\/04\/AG_2018_photo_09.jpg\" alt=\"\" width=\"650\" height=\"469\" srcset=\"http:\/\/lesjardinsdelaroussiere.fr\/wp-content\/uploads\/2018\/04\/AG_2018_photo_09.jpg 650w, http:\/\/lesjardinsdelaroussiere.fr\/wp-content\/uploads\/2018\/04\/AG_2018_photo_09-300x216.jpg 300w, http:\/\/lesjardinsdelaroussiere.fr\/wp-content\/uploads\/2018\/04\/AG_2018_photo_09-600x433.jpg 600w, http:\/\/lesjardinsdelaroussiere.fr\/wp-content\/uploads\/2018\/04\/AG_2018_photo_09-416x300.jpg 416w\" sizes=\"(max-width: 650px) 100vw, 650px\" \/><\/a><\/p>\n<p><a href=\"http:\/\/www.lesjardinsdelaroussiere.fr\/?attachment_id=8243\" rel=\"attachment wp-att-8243\"><img decoding=\"async\" loading=\"lazy\" class=\"aligncenter size-full wp-image-8243\" src=\"http:\/\/lesjardinsdelaroussiere.fr\/wp-content\/uploads\/2018\/05\/AG_2018_photo_05.jpg\" alt=\"\" width=\"650\" height=\"488\" srcset=\"http:\/\/lesjardinsdelaroussiere.fr\/wp-content\/uploads\/2018\/05\/AG_2018_photo_05.jpg 650w, http:\/\/lesjardinsdelaroussiere.fr\/wp-content\/uploads\/2018\/05\/AG_2018_photo_05-300x225.jpg 300w, http:\/\/lesjardinsdelaroussiere.fr\/wp-content\/uploads\/2018\/05\/AG_2018_photo_05-600x450.jpg 600w, http:\/\/lesjardinsdelaroussiere.fr\/wp-content\/uploads\/2018\/05\/AG_2018_photo_05-400x300.jpg 400w\" sizes=\"(max-width: 650px) 100vw, 650px\" \/><\/a><a href=\"http:\/\/www.lesjardinsdelaroussiere.fr\/?attachment_id=8256\" rel=\"attachment wp-att-8256\"><img decoding=\"async\" loading=\"lazy\" class=\"aligncenter size-full wp-image-8256\" src=\"http:\/\/lesjardinsdelaroussiere.fr\/wp-content\/uploads\/2018\/04\/AG_2018_photo_10.jpg\" alt=\"\" width=\"650\" height=\"488\" srcset=\"http:\/\/lesjardinsdelaroussiere.fr\/wp-content\/uploads\/2018\/04\/AG_2018_photo_10.jpg 650w, http:\/\/lesjardinsdelaroussiere.fr\/wp-content\/uploads\/2018\/04\/AG_2018_photo_10-300x225.jpg 300w, http:\/\/lesjardinsdelaroussiere.fr\/wp-content\/uploads\/2018\/04\/AG_2018_photo_10-600x450.jpg 600w, http:\/\/lesjardinsdelaroussiere.fr\/wp-content\/uploads\/2018\/04\/AG_2018_photo_10-400x300.jpg 400w\" sizes=\"(max-width: 650px) 100vw, 650px\" \/><\/a> <a href=\"http:\/\/www.lesjardinsdelaroussiere.fr\/?attachment_id=8244\" rel=\"attachment wp-att-8244\"><img decoding=\"async\" loading=\"lazy\" class=\"aligncenter size-full wp-image-8244\" src=\"http:\/\/lesjardinsdelaroussiere.fr\/wp-content\/uploads\/2018\/05\/AG_2018_photo_06.jpg\" alt=\"\" width=\"650\" height=\"488\" srcset=\"http:\/\/lesjardinsdelaroussiere.fr\/wp-content\/uploads\/2018\/05\/AG_2018_photo_06.jpg 650w, http:\/\/lesjardinsdelaroussiere.fr\/wp-content\/uploads\/2018\/05\/AG_2018_photo_06-300x225.jpg 300w, http:\/\/lesjardinsdelaroussiere.fr\/wp-content\/uploads\/2018\/05\/AG_2018_photo_06-600x450.jpg 600w, http:\/\/lesjardinsdelaroussiere.fr\/wp-content\/uploads\/2018\/05\/AG_2018_photo_06-400x300.jpg 400w\" sizes=\"(max-width: 650px) 100vw, 650px\" \/><\/a> <a href=\"http:\/\/www.lesjardinsdelaroussiere.fr\/?attachment_id=8245\" rel=\"attachment wp-att-8245\"><img decoding=\"async\" loading=\"lazy\" class=\"aligncenter size-full wp-image-8245\" src=\"http:\/\/lesjardinsdelaroussiere.fr\/wp-content\/uploads\/2018\/05\/AG_2018_photo_07.jpg\" alt=\"\" width=\"650\" height=\"488\" srcset=\"http:\/\/lesjardinsdelaroussiere.fr\/wp-content\/uploads\/2018\/05\/AG_2018_photo_07.jpg 650w, http:\/\/lesjardinsdelaroussiere.fr\/wp-content\/uploads\/2018\/05\/AG_2018_photo_07-300x225.jpg 300w, http:\/\/lesjardinsdelaroussiere.fr\/wp-content\/uploads\/2018\/05\/AG_2018_photo_07-600x450.jpg 600w, http:\/\/lesjardinsdelaroussiere.fr\/wp-content\/uploads\/2018\/05\/AG_2018_photo_07-400x300.jpg 400w\" sizes=\"(max-width: 650px) 100vw, 650px\" \/><\/a>Les membres de l\u2019\u00e9quipe actuelle se portaient \u00e0 nouveau candidats auxquels se rajoutaient <strong>Dominique BAUDOIN<\/strong> (tuteur produits laitiers) et <strong>Elisabeth WEEGER<\/strong>.<\/p>\n<p>Ont donc \u00e9t\u00e9 \u00e9lus et repr\u00e9sentent l\u2019association:<\/p>\n<ul>\n<li>Evelyne LAMBERT,<\/li>\n<li>Nathalie MARTIN,<\/li>\n<li>Magalie CONGNARD,<\/li>\n<li>C\u00e9cile LANDREAU,<\/li>\n<li>Delphine LELEUX,<\/li>\n<li>Catherine CERTAIN,<\/li>\n<li>Alice EVAIN,<\/li>\n<li>Elisabeth WEEGER,<\/li>\n<li>Philippe DUBOIS,<\/li>\n<li>Luc MARTIN,<\/li>\n<li>R\u00e9mi GUINEL,<\/li>\n<li>Alain PAIN,<\/li>\n<li>Michel LEBRETON,<\/li>\n<li>Daniel CAHAREL,<\/li>\n<li>Dominique BAUDOIN,<\/li>\n<li>Dominique REZE.<\/li>\n<\/ul>\n<p>Cette journ\u00e9e s\u2019est termin\u00e9e par une visite de l\u2019exploitation.<br \/>\nEncore merci \u00e0 la famille GAUDIN de cet accueil.<\/p>\n","protected":false},"excerpt":{"rendered":"<p>Bonjour \u00e0 toutes et \u00e0 tous, Dimanche 22 Avril \u00e9tait organis\u00e9 le repas annuel et l\u2019Assembl\u00e9e G\u00e9n\u00e9rale de l\u2019AMAP. Comme ces deux derni\u00e8res ann\u00e9es, cette journ\u00e9e s\u2019est d\u00e9roul\u00e9e chez un de nos producteurs, en l\u2019occurrence il s\u2019agissait de la famille &hellip; <a href=\"https:\/\/www.lesjardinsdelaroussiere.fr\/?p=8238\">Continuer la lecture <span class=\"meta-nav\">&rarr;<\/span><\/a><\/p>\n","protected":false},"author":3,"featured_media":0,"comment_status":"open","ping_status":"open","sticky":false,"template":"","format":"standard","meta":[],"categories":[3],"tags":[14,412,64],"views":8476,"_links":{"self":[{"href":"https:\/\/www.lesjardinsdelaroussiere.fr\/index.php?rest_route=\/wp\/v2\/posts\/8238"}],"collection":[{"href":"https:\/\/www.lesjardinsdelaroussiere.fr\/index.php?rest_route=\/wp\/v2\/posts"}],"about":[{"href":"https:\/\/www.lesjardinsdelaroussiere.fr\/index.php?rest_route=\/wp\/v2\/types\/post"}],"author":[{"embeddable":true,"href":"https:\/\/www.lesjardinsdelaroussiere.fr\/index.php?rest_route=\/wp\/v2\/users\/3"}],"replies":[{"embeddable":true,"href":"https:\/\/www.lesjardinsdelaroussiere.fr\/index.php?rest_route=%2Fwp%2Fv2%2Fcomments&post=8238"}],"version-history":[{"count":7,"href":"https:\/\/www.lesjardinsdelaroussiere.fr\/index.php?rest_route=\/wp\/v2\/posts\/8238\/revisions"}],"predecessor-version":[{"id":8257,"href":"https:\/\/www.lesjardinsdelaroussiere.fr\/index.php?rest_route=\/wp\/v2\/posts\/8238\/revisions\/8257"}],"wp:attachment":[{"href":"https:\/\/www.lesjardinsdelaroussiere.fr\/index.php?rest_route=%2Fwp%2Fv2%2Fmedia&parent=8238"}],"wp:term":[{"taxonomy":"category","embeddable":true,"href":"https:\/\/www.lesjardinsdelaroussiere.fr\/index.php?rest_route=%2Fwp%2Fv2%2Fcategories&post=8238"},{"taxonomy":"post_tag","embeddable":true,"href":"https:\/\/www.lesjardinsdelaroussiere.fr\/index.php?rest_route=%2Fwp%2Fv2%2Ftags&post=8238"}],"curies":[{"name":"wp","href":"https:\/\/api.w.org\/{rel}","templated":true}]}}