{"id":8197,"date":"2018-04-13T18:06:34","date_gmt":"2018-04-13T16:06:34","guid":{"rendered":"http:\/\/www.lesjardinsdelaroussiere.fr\/?p=8197"},"modified":"2018-04-13T18:10:12","modified_gmt":"2018-04-13T16:10:12","slug":"quand-severine-passe-dans-la-section-enquete-du-monde","status":"publish","type":"post","link":"https:\/\/www.lesjardinsdelaroussiere.fr\/?p=8197","title":{"rendered":"Quand S\u00e9verine passe dans la section Enqu\u00eate du Monde&#8230;"},"content":{"rendered":"<p style=\"text-align: justify;\">Bonjour \u00e0 toutes et \u00e0 tous,<\/p>\n<p style=\"text-align: justify;\">Il faut quand m\u00eame avoir une sacr\u00e9e chance ou de s\u00e9rieux atouts pour que sur toute la population des agriculteurs bios originaux dans leur parcours,\u00a0vous soyez \u00e9lue afin de figurer dans la section \u00ab\u00a0Enqu\u00eate\u00a0\u00bb du journal Le Monde !<\/p>\n<p style=\"text-align: justify;\">\u00ab\u00a0Rebelles des champs\u00a0\u00bb, \u00ab\u00a0h\u00f4tesse de l&rsquo;air\u00a0\u00bb, tiens, c&rsquo;est curieux&#8230;<\/p>\n<p style=\"text-align: justify;\">Mais ne serait-ce pas \u00a8N\u00d4TRE\u00a0\u00bb S\u00e9verine ?<br \/>\nMais si, quand on poursuit la lecture, \u00ab\u00a0&#8230;plus bas la Mayenne est en crue. La maison \u00e9clusi\u00e8re de La Roussi\u00e8re&#8230;\u00a0\u00bb, mais oui , il n&rsquo;y a plus de doutes !<\/p>\n<p>Je vous laisse lire l&rsquo;int\u00e9gralit\u00e9 de ce passionnant article de Michel DALLONI\u00a0paru dans <strong><a href=\"http:\/\/lesjardinsdelaroussiere.fr\/wp-content\/uploads\/2018\/04\/Le_Monde_26022018.pdf\">Le Monde du 26 F\u00e9vrier 2018<\/a> <\/strong>sur les \u00ab\u00a0Rebelles des champs\u00a0\u00bb&#8230;<\/p>\n<div id=\"attachment_8199\" style=\"width: 417px\" class=\"wp-caption aligncenter\"><img aria-describedby=\"caption-attachment-8199\" decoding=\"async\" loading=\"lazy\" class=\"wp-image-8199 size-full\" src=\"http:\/\/lesjardinsdelaroussiere.fr\/wp-content\/uploads\/2018\/04\/Photo_Le_Monde_26022018_.jpg\" alt=\"\" width=\"407\" height=\"571\" srcset=\"http:\/\/lesjardinsdelaroussiere.fr\/wp-content\/uploads\/2018\/04\/Photo_Le_Monde_26022018_.jpg 407w, http:\/\/lesjardinsdelaroussiere.fr\/wp-content\/uploads\/2018\/04\/Photo_Le_Monde_26022018_-214x300.jpg 214w\" sizes=\"(max-width: 407px) 100vw, 407px\" \/><p id=\"caption-attachment-8199\" class=\"wp-caption-text\">S\u00e9verine, photo Le Monde, 25 f\u00e9vrier 2018.<\/p><\/div>\n<p>Bonne\u00a0lecture\u00a0et\u00a0\u00e0\u00a0tr\u00e8s\u00a0bient\u00f4t\u00a0!<\/p>\n<p><em>Le webmaster<\/em>.<\/p>\n<p>&nbsp;<\/p>\n","protected":false},"excerpt":{"rendered":"<p>Bonjour \u00e0 toutes et \u00e0 tous, Il faut quand m\u00eame avoir une sacr\u00e9e chance ou de s\u00e9rieux atouts pour que sur toute la population des agriculteurs bios originaux dans leur parcours,\u00a0vous soyez \u00e9lue afin de figurer dans la section \u00ab\u00a0Enqu\u00eate\u00a0\u00bb &hellip; <a href=\"https:\/\/www.lesjardinsdelaroussiere.fr\/?p=8197\">Continuer la lecture <span class=\"meta-nav\">&rarr;<\/span><\/a><\/p>\n","protected":false},"author":2,"featured_media":0,"comment_status":"open","ping_status":"open","sticky":false,"template":"","format":"standard","meta":[],"categories":[6],"tags":[34,409,408,112],"views":2004,"_links":{"self":[{"href":"https:\/\/www.lesjardinsdelaroussiere.fr\/index.php?rest_route=\/wp\/v2\/posts\/8197"}],"collection":[{"href":"https:\/\/www.lesjardinsdelaroussiere.fr\/index.php?rest_route=\/wp\/v2\/posts"}],"about":[{"href":"https:\/\/www.lesjardinsdelaroussiere.fr\/index.php?rest_route=\/wp\/v2\/types\/post"}],"author":[{"embeddable":true,"href":"https:\/\/www.lesjardinsdelaroussiere.fr\/index.php?rest_route=\/wp\/v2\/users\/2"}],"replies":[{"embeddable":true,"href":"https:\/\/www.lesjardinsdelaroussiere.fr\/index.php?rest_route=%2Fwp%2Fv2%2Fcomments&post=8197"}],"version-history":[{"count":2,"href":"https:\/\/www.lesjardinsdelaroussiere.fr\/index.php?rest_route=\/wp\/v2\/posts\/8197\/revisions"}],"predecessor-version":[{"id":8202,"href":"https:\/\/www.lesjardinsdelaroussiere.fr\/index.php?rest_route=\/wp\/v2\/posts\/8197\/revisions\/8202"}],"wp:attachment":[{"href":"https:\/\/www.lesjardinsdelaroussiere.fr\/index.php?rest_route=%2Fwp%2Fv2%2Fmedia&parent=8197"}],"wp:term":[{"taxonomy":"category","embeddable":true,"href":"https:\/\/www.lesjardinsdelaroussiere.fr\/index.php?rest_route=%2Fwp%2Fv2%2Fcategories&post=8197"},{"taxonomy":"post_tag","embeddable":true,"href":"https:\/\/www.lesjardinsdelaroussiere.fr\/index.php?rest_route=%2Fwp%2Fv2%2Ftags&post=8197"}],"curies":[{"name":"wp","href":"https:\/\/api.w.org\/{rel}","templated":true}]}}