{"id":8069,"date":"2017-11-08T17:22:49","date_gmt":"2017-11-08T16:22:49","guid":{"rendered":"http:\/\/www.lesjardinsdelaroussiere.fr\/?p=8069"},"modified":"2017-11-08T17:23:51","modified_gmt":"2017-11-08T16:23:51","slug":"bientot-du-fromage-et-du-lait-cru-a-lamap","status":"publish","type":"post","link":"https:\/\/www.lesjardinsdelaroussiere.fr\/?p=8069","title":{"rendered":"Bient\u00f4t du fromage et du lait cru \u00e0 l&rsquo;AMAP !"},"content":{"rendered":"<p>Bonjour \u00e0 toutes et \u00e0 tous,<\/p>\n<p style=\"text-align: justify;\">Samedi 4 novembre, un groupe de 8 membres du CA de l\u2019Amap est all\u00e9 visiter l\u2019exploitation et la fromagerie de J\u00e9r\u00f4me Cochard \u00e0 Champign\u00e9.<\/p>\n<p><a href=\"http:\/\/www.lesjardinsdelaroussiere.fr\/?attachment_id=8073\" rel=\"attachment wp-att-8073\"><img decoding=\"async\" loading=\"lazy\" class=\"aligncenter size-full wp-image-8073\" src=\"http:\/\/lesjardinsdelaroussiere.fr\/wp-content\/uploads\/2017\/11\/Ferme_Jerome_COCHARD_02.jpg\" alt=\"\" width=\"650\" height=\"488\" srcset=\"http:\/\/lesjardinsdelaroussiere.fr\/wp-content\/uploads\/2017\/11\/Ferme_Jerome_COCHARD_02.jpg 650w, http:\/\/lesjardinsdelaroussiere.fr\/wp-content\/uploads\/2017\/11\/Ferme_Jerome_COCHARD_02-300x225.jpg 300w, http:\/\/lesjardinsdelaroussiere.fr\/wp-content\/uploads\/2017\/11\/Ferme_Jerome_COCHARD_02-600x450.jpg 600w, http:\/\/lesjardinsdelaroussiere.fr\/wp-content\/uploads\/2017\/11\/Ferme_Jerome_COCHARD_02-400x300.jpg 400w\" sizes=\"(max-width: 650px) 100vw, 650px\" \/><\/a><\/p>\n<p><!--more-->J\u00e9r\u00f4me avait contact\u00e9 l\u2019AMAP il y a \u00e0 peu pr\u00e8s un an, en vue de proposer des contrats de fromages et du lait cru de vache.<\/p>\n<p><a href=\"http:\/\/www.lesjardinsdelaroussiere.fr\/?attachment_id=8072\" rel=\"attachment wp-att-8072\"><img decoding=\"async\" loading=\"lazy\" class=\"aligncenter size-full wp-image-8072\" src=\"http:\/\/lesjardinsdelaroussiere.fr\/wp-content\/uploads\/2017\/11\/Carte_Champigne.jpg\" alt=\"\" width=\"650\" height=\"573\" srcset=\"http:\/\/lesjardinsdelaroussiere.fr\/wp-content\/uploads\/2017\/11\/Carte_Champigne.jpg 650w, http:\/\/lesjardinsdelaroussiere.fr\/wp-content\/uploads\/2017\/11\/Carte_Champigne-300x264.jpg 300w, http:\/\/lesjardinsdelaroussiere.fr\/wp-content\/uploads\/2017\/11\/Carte_Champigne-600x529.jpg 600w, http:\/\/lesjardinsdelaroussiere.fr\/wp-content\/uploads\/2017\/11\/Carte_Champigne-340x300.jpg 340w\" sizes=\"(max-width: 650px) 100vw, 650px\" \/><\/a><\/p>\n<p style=\"text-align: justify;\">Sa fromagerie \u00e9tant maintenant op\u00e9rationnelle, l\u2019AMAP est donc venue se rendre compte sur place de l\u2019installation et de l\u2019organisation.<\/p>\n<p style=\"text-align: justify;\">Parmi les crit\u00e8res de choix de producteurs que nous nous sommes toujours fix\u00e9s, produits bio et soutien \u00e0 l\u2019installation de jeunes producteurs, J\u00e9r\u00f4me correspond tout \u00e0 fait \u00e0 ceux ci.<\/p>\n<p><a href=\"http:\/\/www.lesjardinsdelaroussiere.fr\/?attachment_id=8074\" rel=\"attachment wp-att-8074\"><img decoding=\"async\" loading=\"lazy\" class=\"aligncenter size-full wp-image-8074\" src=\"http:\/\/lesjardinsdelaroussiere.fr\/wp-content\/uploads\/2017\/11\/Ferme_Jerome_COCHARD_03.jpg\" alt=\"\" width=\"650\" height=\"470\" srcset=\"http:\/\/lesjardinsdelaroussiere.fr\/wp-content\/uploads\/2017\/11\/Ferme_Jerome_COCHARD_03.jpg 650w, http:\/\/lesjardinsdelaroussiere.fr\/wp-content\/uploads\/2017\/11\/Ferme_Jerome_COCHARD_03-300x217.jpg 300w, http:\/\/lesjardinsdelaroussiere.fr\/wp-content\/uploads\/2017\/11\/Ferme_Jerome_COCHARD_03-600x434.jpg 600w, http:\/\/lesjardinsdelaroussiere.fr\/wp-content\/uploads\/2017\/11\/Ferme_Jerome_COCHARD_03-415x300.jpg 415w\" sizes=\"(max-width: 650px) 100vw, 650px\" \/><\/a> <a href=\"http:\/\/www.lesjardinsdelaroussiere.fr\/?attachment_id=8075\" rel=\"attachment wp-att-8075\"><img decoding=\"async\" loading=\"lazy\" class=\"aligncenter size-full wp-image-8075\" src=\"http:\/\/lesjardinsdelaroussiere.fr\/wp-content\/uploads\/2017\/11\/Ferme_Jerome_COCHARD_04.jpg\" alt=\"\" width=\"650\" height=\"464\" srcset=\"http:\/\/lesjardinsdelaroussiere.fr\/wp-content\/uploads\/2017\/11\/Ferme_Jerome_COCHARD_04.jpg 650w, http:\/\/lesjardinsdelaroussiere.fr\/wp-content\/uploads\/2017\/11\/Ferme_Jerome_COCHARD_04-300x214.jpg 300w, http:\/\/lesjardinsdelaroussiere.fr\/wp-content\/uploads\/2017\/11\/Ferme_Jerome_COCHARD_04-600x428.jpg 600w, http:\/\/lesjardinsdelaroussiere.fr\/wp-content\/uploads\/2017\/11\/Ferme_Jerome_COCHARD_04-420x300.jpg 420w\" sizes=\"(max-width: 650px) 100vw, 650px\" \/><\/a><\/p>\n<p style=\"text-align: justify;\">Ainsi, d\u00e9but d\u00e9cembre, nous serons en mesure de proposer aux amapiens un nouveau contrat de produits laitiers.<\/p>\n<p style=\"text-align: justify;\">Plus de d\u00e9tails et infos sur les types de fromages \u00e0 venir tr\u00e8s prochainement !<\/p>\n<p><em>Le C.A.<\/em><\/p>\n","protected":false},"excerpt":{"rendered":"<p>Bonjour \u00e0 toutes et \u00e0 tous, Samedi 4 novembre, un groupe de 8 membres du CA de l\u2019Amap est all\u00e9 visiter l\u2019exploitation et la fromagerie de J\u00e9r\u00f4me Cochard \u00e0 Champign\u00e9.<\/p>\n","protected":false},"author":1,"featured_media":0,"comment_status":"open","ping_status":"open","sticky":false,"template":"","format":"standard","meta":[],"categories":[6],"tags":[404,61,405,403,406],"views":3850,"_links":{"self":[{"href":"https:\/\/www.lesjardinsdelaroussiere.fr\/index.php?rest_route=\/wp\/v2\/posts\/8069"}],"collection":[{"href":"https:\/\/www.lesjardinsdelaroussiere.fr\/index.php?rest_route=\/wp\/v2\/posts"}],"about":[{"href":"https:\/\/www.lesjardinsdelaroussiere.fr\/index.php?rest_route=\/wp\/v2\/types\/post"}],"author":[{"embeddable":true,"href":"https:\/\/www.lesjardinsdelaroussiere.fr\/index.php?rest_route=\/wp\/v2\/users\/1"}],"replies":[{"embeddable":true,"href":"https:\/\/www.lesjardinsdelaroussiere.fr\/index.php?rest_route=%2Fwp%2Fv2%2Fcomments&post=8069"}],"version-history":[{"count":2,"href":"https:\/\/www.lesjardinsdelaroussiere.fr\/index.php?rest_route=\/wp\/v2\/posts\/8069\/revisions"}],"predecessor-version":[{"id":8077,"href":"https:\/\/www.lesjardinsdelaroussiere.fr\/index.php?rest_route=\/wp\/v2\/posts\/8069\/revisions\/8077"}],"wp:attachment":[{"href":"https:\/\/www.lesjardinsdelaroussiere.fr\/index.php?rest_route=%2Fwp%2Fv2%2Fmedia&parent=8069"}],"wp:term":[{"taxonomy":"category","embeddable":true,"href":"https:\/\/www.lesjardinsdelaroussiere.fr\/index.php?rest_route=%2Fwp%2Fv2%2Fcategories&post=8069"},{"taxonomy":"post_tag","embeddable":true,"href":"https:\/\/www.lesjardinsdelaroussiere.fr\/index.php?rest_route=%2Fwp%2Fv2%2Ftags&post=8069"}],"curies":[{"name":"wp","href":"https:\/\/api.w.org\/{rel}","templated":true}]}}