{"id":792,"date":"2012-01-07T17:02:54","date_gmt":"2012-01-07T16:02:54","guid":{"rendered":"http:\/\/www.lesjardinsdelaroussiere.fr\/?p=792"},"modified":"2013-01-19T11:21:02","modified_gmt":"2013-01-19T10:21:02","slug":"conference-debat-les-semences","status":"publish","type":"post","link":"https:\/\/www.lesjardinsdelaroussiere.fr\/?p=792","title":{"rendered":"Conf\u00e9rence &#8211; d\u00e9bat  : les semences !"},"content":{"rendered":"<table width=\"100%\" border=\"1\" cellspacing=\"0\" cellpadding=\"0\">\n<tbody>\n<tr>\n<td valign=\"top\" width=\"50%\">\n<p><strong>A l&rsquo;occasion de son assembl\u00e9e g\u00e9n\u00e9rale, l&rsquo;AMAP organise une conf\u00e9rence \u2013d\u00e9bat\u00a0\u00a0<\/strong>\u00a0<a href=\"http:\/\/lesjardinsdelaroussiere.fr\/wp-content\/uploads\/2012\/01\/imagesCAK25Q56.jpg\"><img decoding=\"async\" loading=\"lazy\" class=\"alignleft size-full wp-image-793\" alt=\"\" src=\"http:\/\/lesjardinsdelaroussiere.fr\/wp-content\/uploads\/2012\/01\/imagesCAK25Q56.jpg\" width=\"190\" height=\"233\" \/><\/a><strong>le <span style=\"font-size: x-large;\">18 Janvier 2012.<\/span><\/strong><\/p>\n<p align=\"center\"><strong><span style=\"color: #008000;\">Les semences\u00a0:<\/span><\/strong><\/p>\n<p align=\"center\">Quel avenir pour l\u2019agriculture et notre alimentation\u00a0?<\/p>\n<p style=\"text-align: justify;\"><strong>Anim\u00e9e par Jean Pierre Lebrun<\/strong>\u00a0: Ancien maraicher biologique et membre du r\u00e9seau Semences paysannes.<\/p>\n<p style=\"text-align: justify;\">Les producteurs de l&rsquo;AMAP nous ferront part de leurs pratiques et exp\u00e9riences.<\/p>\n<p>Ouvert \u00e0 tous (m\u00eame aux non adh\u00e9rents)\u00a0: venez nombreux vous informer et d\u00e9battre.<\/p>\n<p>Salle de la maison du parc\u00a0de Montreuil-Juign\u00e9, \u00e0 partir de 20h30.<\/p>\n<\/td>\n<\/tr>\n<\/tbody>\n<\/table>\n","protected":false},"excerpt":{"rendered":"<p>A l&rsquo;occasion de son assembl\u00e9e g\u00e9n\u00e9rale, l&rsquo;AMAP organise une conf\u00e9rence \u2013d\u00e9bat\u00a0\u00a0\u00a0le 18 Janvier 2012. Les semences\u00a0: Quel avenir pour l\u2019agriculture et notre alimentation\u00a0? Anim\u00e9e par Jean Pierre Lebrun\u00a0: Ancien maraicher biologique et membre du r\u00e9seau Semences paysannes. Les producteurs de &hellip; <a href=\"https:\/\/www.lesjardinsdelaroussiere.fr\/?p=792\">Continuer la lecture <span class=\"meta-nav\">&rarr;<\/span><\/a><\/p>\n","protected":false},"author":3,"featured_media":0,"comment_status":"open","ping_status":"open","sticky":false,"template":"","format":"standard","meta":[],"categories":[6],"tags":[208,209,203],"views":1920,"_links":{"self":[{"href":"https:\/\/www.lesjardinsdelaroussiere.fr\/index.php?rest_route=\/wp\/v2\/posts\/792"}],"collection":[{"href":"https:\/\/www.lesjardinsdelaroussiere.fr\/index.php?rest_route=\/wp\/v2\/posts"}],"about":[{"href":"https:\/\/www.lesjardinsdelaroussiere.fr\/index.php?rest_route=\/wp\/v2\/types\/post"}],"author":[{"embeddable":true,"href":"https:\/\/www.lesjardinsdelaroussiere.fr\/index.php?rest_route=\/wp\/v2\/users\/3"}],"replies":[{"embeddable":true,"href":"https:\/\/www.lesjardinsdelaroussiere.fr\/index.php?rest_route=%2Fwp%2Fv2%2Fcomments&post=792"}],"version-history":[{"count":5,"href":"https:\/\/www.lesjardinsdelaroussiere.fr\/index.php?rest_route=\/wp\/v2\/posts\/792\/revisions"}],"predecessor-version":[{"id":796,"href":"https:\/\/www.lesjardinsdelaroussiere.fr\/index.php?rest_route=\/wp\/v2\/posts\/792\/revisions\/796"}],"wp:attachment":[{"href":"https:\/\/www.lesjardinsdelaroussiere.fr\/index.php?rest_route=%2Fwp%2Fv2%2Fmedia&parent=792"}],"wp:term":[{"taxonomy":"category","embeddable":true,"href":"https:\/\/www.lesjardinsdelaroussiere.fr\/index.php?rest_route=%2Fwp%2Fv2%2Fcategories&post=792"},{"taxonomy":"post_tag","embeddable":true,"href":"https:\/\/www.lesjardinsdelaroussiere.fr\/index.php?rest_route=%2Fwp%2Fv2%2Ftags&post=792"}],"curies":[{"name":"wp","href":"https:\/\/api.w.org\/{rel}","templated":true}]}}