{"id":7855,"date":"2017-04-15T12:01:47","date_gmt":"2017-04-15T10:01:47","guid":{"rendered":"http:\/\/www.lesjardinsdelaroussiere.fr\/?p=7855"},"modified":"2017-04-23T18:43:30","modified_gmt":"2017-04-23T16:43:30","slug":"assemblee-generale-2017","status":"publish","type":"post","link":"https:\/\/www.lesjardinsdelaroussiere.fr\/?p=7855","title":{"rendered":"Assembl\u00e9e G\u00e9n\u00e9rale 2017"},"content":{"rendered":"<p>Bonjour \u00e0 toutes et \u00e0 tous,<\/p>\n<p style=\"text-align: justify;\">L\u2019Assembl\u00e9e g\u00e9n\u00e9rale de l\u2019AMAP s\u2019est tenue dimanche 2 Avril.<\/p>\n<p style=\"text-align: justify;\">Comme l\u2019an dernier le C.A avait fait le choix de l\u2019organiser autour d\u2019un moment convivial, gourmand et chez un producteur.<\/p>\n<p style=\"text-align: justify;\">Cette ann\u00e9e, ce fut chez <strong>Philippe et Isabelle BRISSET<\/strong> nos producteurs de boeuf et veau.<\/p>\n<p style=\"text-align: justify;\">La m\u00e9t\u00e9o nous ayant g\u00e2t\u00e9, c\u2019est donc dans la cour de la ferme, sous le soleil que le repas a pu \u00eatre d\u00e9gust\u00e9.<\/p>\n<p style=\"text-align: justify;\"><a href=\"http:\/\/www.lesjardinsdelaroussiere.fr\/?attachment_id=7856\" rel=\"attachment wp-att-7856\"><img decoding=\"async\" loading=\"lazy\" class=\"aligncenter size-full wp-image-7856\" src=\"http:\/\/lesjardinsdelaroussiere.fr\/wp-content\/uploads\/2017\/04\/01042017_AG_2017_photo_01.jpg\" alt=\"\" width=\"650\" height=\"466\" srcset=\"http:\/\/lesjardinsdelaroussiere.fr\/wp-content\/uploads\/2017\/04\/01042017_AG_2017_photo_01.jpg 650w, http:\/\/lesjardinsdelaroussiere.fr\/wp-content\/uploads\/2017\/04\/01042017_AG_2017_photo_01-300x215.jpg 300w, http:\/\/lesjardinsdelaroussiere.fr\/wp-content\/uploads\/2017\/04\/01042017_AG_2017_photo_01-600x430.jpg 600w, http:\/\/lesjardinsdelaroussiere.fr\/wp-content\/uploads\/2017\/04\/01042017_AG_2017_photo_01-418x300.jpg 418w\" sizes=\"(max-width: 650px) 100vw, 650px\" \/><\/a><\/p>\n<p style=\"text-align: justify;\"><!--more--> <a href=\"http:\/\/www.lesjardinsdelaroussiere.fr\/?attachment_id=7858\" rel=\"attachment wp-att-7858\"><img decoding=\"async\" loading=\"lazy\" class=\"aligncenter size-full wp-image-7858\" src=\"http:\/\/lesjardinsdelaroussiere.fr\/wp-content\/uploads\/2017\/04\/01042017_AG_2017_photo_03.jpg\" alt=\"\" width=\"650\" height=\"488\" srcset=\"http:\/\/lesjardinsdelaroussiere.fr\/wp-content\/uploads\/2017\/04\/01042017_AG_2017_photo_03.jpg 650w, http:\/\/lesjardinsdelaroussiere.fr\/wp-content\/uploads\/2017\/04\/01042017_AG_2017_photo_03-300x225.jpg 300w, http:\/\/lesjardinsdelaroussiere.fr\/wp-content\/uploads\/2017\/04\/01042017_AG_2017_photo_03-600x450.jpg 600w, http:\/\/lesjardinsdelaroussiere.fr\/wp-content\/uploads\/2017\/04\/01042017_AG_2017_photo_03-400x300.jpg 400w\" sizes=\"(max-width: 650px) 100vw, 650px\" \/><\/a> <a href=\"http:\/\/www.lesjardinsdelaroussiere.fr\/?attachment_id=7859\" rel=\"attachment wp-att-7859\"><img decoding=\"async\" loading=\"lazy\" class=\"aligncenter size-full wp-image-7859\" src=\"http:\/\/lesjardinsdelaroussiere.fr\/wp-content\/uploads\/2017\/04\/01042017_AG_2017_photo_04.jpg\" alt=\"\" width=\"650\" height=\"486\" srcset=\"http:\/\/lesjardinsdelaroussiere.fr\/wp-content\/uploads\/2017\/04\/01042017_AG_2017_photo_04.jpg 650w, http:\/\/lesjardinsdelaroussiere.fr\/wp-content\/uploads\/2017\/04\/01042017_AG_2017_photo_04-300x224.jpg 300w, http:\/\/lesjardinsdelaroussiere.fr\/wp-content\/uploads\/2017\/04\/01042017_AG_2017_photo_04-600x449.jpg 600w, http:\/\/lesjardinsdelaroussiere.fr\/wp-content\/uploads\/2017\/04\/01042017_AG_2017_photo_04-401x300.jpg 401w\" sizes=\"(max-width: 650px) 100vw, 650px\" \/><\/a> <a href=\"http:\/\/www.lesjardinsdelaroussiere.fr\/?attachment_id=7860\" rel=\"attachment wp-att-7860\"><img decoding=\"async\" loading=\"lazy\" class=\"aligncenter size-full wp-image-7860\" src=\"http:\/\/lesjardinsdelaroussiere.fr\/wp-content\/uploads\/2017\/04\/01042017_AG_2017_photo_05.jpg\" alt=\"\" width=\"650\" height=\"435\" srcset=\"http:\/\/lesjardinsdelaroussiere.fr\/wp-content\/uploads\/2017\/04\/01042017_AG_2017_photo_05.jpg 650w, http:\/\/lesjardinsdelaroussiere.fr\/wp-content\/uploads\/2017\/04\/01042017_AG_2017_photo_05-300x201.jpg 300w, http:\/\/lesjardinsdelaroussiere.fr\/wp-content\/uploads\/2017\/04\/01042017_AG_2017_photo_05-600x402.jpg 600w, http:\/\/lesjardinsdelaroussiere.fr\/wp-content\/uploads\/2017\/04\/01042017_AG_2017_photo_05-448x300.jpg 448w\" sizes=\"(max-width: 650px) 100vw, 650px\" \/><\/a> <a href=\"http:\/\/www.lesjardinsdelaroussiere.fr\/?attachment_id=7861\" rel=\"attachment wp-att-7861\"><img decoding=\"async\" loading=\"lazy\" class=\"aligncenter size-full wp-image-7861\" src=\"http:\/\/lesjardinsdelaroussiere.fr\/wp-content\/uploads\/2017\/04\/01042017_AG_2017_photo_06.jpg\" alt=\"\" width=\"650\" height=\"488\" srcset=\"http:\/\/lesjardinsdelaroussiere.fr\/wp-content\/uploads\/2017\/04\/01042017_AG_2017_photo_06.jpg 650w, http:\/\/lesjardinsdelaroussiere.fr\/wp-content\/uploads\/2017\/04\/01042017_AG_2017_photo_06-300x225.jpg 300w, http:\/\/lesjardinsdelaroussiere.fr\/wp-content\/uploads\/2017\/04\/01042017_AG_2017_photo_06-600x450.jpg 600w, http:\/\/lesjardinsdelaroussiere.fr\/wp-content\/uploads\/2017\/04\/01042017_AG_2017_photo_06-400x300.jpg 400w\" sizes=\"(max-width: 650px) 100vw, 650px\" \/><\/a> <a href=\"http:\/\/www.lesjardinsdelaroussiere.fr\/?attachment_id=7862\" rel=\"attachment wp-att-7862\"><img decoding=\"async\" loading=\"lazy\" class=\"aligncenter size-full wp-image-7862\" src=\"http:\/\/lesjardinsdelaroussiere.fr\/wp-content\/uploads\/2017\/04\/01042017_AG_2017_photo_07.jpg\" alt=\"\" width=\"650\" height=\"463\" srcset=\"http:\/\/lesjardinsdelaroussiere.fr\/wp-content\/uploads\/2017\/04\/01042017_AG_2017_photo_07.jpg 650w, http:\/\/lesjardinsdelaroussiere.fr\/wp-content\/uploads\/2017\/04\/01042017_AG_2017_photo_07-300x214.jpg 300w, http:\/\/lesjardinsdelaroussiere.fr\/wp-content\/uploads\/2017\/04\/01042017_AG_2017_photo_07-600x427.jpg 600w, http:\/\/lesjardinsdelaroussiere.fr\/wp-content\/uploads\/2017\/04\/01042017_AG_2017_photo_07-421x300.jpg 421w\" sizes=\"(max-width: 650px) 100vw, 650px\" \/><\/a><a href=\"http:\/\/www.lesjardinsdelaroussiere.fr\/?attachment_id=7863\" rel=\"attachment wp-att-7863\"><img decoding=\"async\" loading=\"lazy\" class=\"aligncenter size-full wp-image-7863\" src=\"http:\/\/lesjardinsdelaroussiere.fr\/wp-content\/uploads\/2017\/04\/01042017_AG_2017_photo_08.jpg\" alt=\"\" width=\"650\" height=\"455\" srcset=\"http:\/\/lesjardinsdelaroussiere.fr\/wp-content\/uploads\/2017\/04\/01042017_AG_2017_photo_08.jpg 650w, http:\/\/lesjardinsdelaroussiere.fr\/wp-content\/uploads\/2017\/04\/01042017_AG_2017_photo_08-300x210.jpg 300w, http:\/\/lesjardinsdelaroussiere.fr\/wp-content\/uploads\/2017\/04\/01042017_AG_2017_photo_08-600x420.jpg 600w, http:\/\/lesjardinsdelaroussiere.fr\/wp-content\/uploads\/2017\/04\/01042017_AG_2017_photo_08-429x300.jpg 429w\" sizes=\"(max-width: 650px) 100vw, 650px\" \/><\/a><\/p>\n<p style=\"text-align: justify;\">Pour l\u2019occasion des membres du C.A avait pr\u00e9par\u00e9 un couscous (viande et l\u00e9gumes de l\u2019AMAP), un vin bio et local l\u2019accompagnait et la \u201c<strong>Ronde de Fruits<\/strong>\u201d proposait le dessert.<\/p>\n<p style=\"text-align: justify;\"><a href=\"http:\/\/www.lesjardinsdelaroussiere.fr\/?attachment_id=7857\" rel=\"attachment wp-att-7857\"><img decoding=\"async\" loading=\"lazy\" class=\"aligncenter size-full wp-image-7857\" src=\"http:\/\/lesjardinsdelaroussiere.fr\/wp-content\/uploads\/2017\/04\/01042017_AG_2017_photo_02.jpg\" alt=\"\" width=\"650\" height=\"488\" srcset=\"http:\/\/lesjardinsdelaroussiere.fr\/wp-content\/uploads\/2017\/04\/01042017_AG_2017_photo_02.jpg 650w, http:\/\/lesjardinsdelaroussiere.fr\/wp-content\/uploads\/2017\/04\/01042017_AG_2017_photo_02-300x225.jpg 300w, http:\/\/lesjardinsdelaroussiere.fr\/wp-content\/uploads\/2017\/04\/01042017_AG_2017_photo_02-600x450.jpg 600w, http:\/\/lesjardinsdelaroussiere.fr\/wp-content\/uploads\/2017\/04\/01042017_AG_2017_photo_02-400x300.jpg 400w\" sizes=\"(max-width: 650px) 100vw, 650px\" \/><\/a><\/p>\n<p style=\"text-align: justify;\">Concernant la phase statutaire de cette journ\u00e9e, l\u2019A.G, Dominique a retrac\u00e9 les \u00e9l\u00e9ments essentiels de l\u2019ann\u00e9e 2016, compl\u00e9t\u00e9 du bilan tr\u00e9sorerie pr\u00e9sent\u00e9 par Michel, puis chaque producteur s\u2019est exprim\u00e9 sur sa situation et ses projets.<\/p>\n<p style=\"text-align: justify;\">Furent ensuite \u00e9voqu\u00e9s les projets ou actions en cours en 2017:<\/p>\n<ul>\n<li style=\"text-align: justify;\">de nouveaux apiculteurs depuis Janvier (Maxime et Lysiane),<\/li>\n<li style=\"text-align: justify;\">de possibles contrats fromage tant ch\u00e8vre que vache,<\/li>\n<li style=\"text-align: justify;\">participation de l\u2019AMAP au forum des associations de Montreuil-Juign\u00e9.<\/li>\n<\/ul>\n<p style=\"text-align: justify;\">L\u2019Assembl\u00e9 G\u00e9n\u00e9rale est aussi le moment d\u2019\u00e9lire ses membres du C.A, ainsi ont \u00e9t\u00e9 \u00e9lus:<\/p>\n<ul>\n<li style=\"text-align: justify;\">Evelyne, Magali, Alice, C\u00e9cile, Nathalie, Catherine, Delphine, Michel, R\u00e9mi, Alain, Luc, Daniel, Philippe, Dominique.<\/li>\n<\/ul>\n<p style=\"text-align: justify;\">Par ailleurs, cette journ\u00e9e conviviale fut agr\u00e9ment\u00e9 de moments musicaux gr\u00e2ce \u00e0 la pr\u00e9sence d\u2019un groupe :<\/p>\n<p style=\"text-align: justify;\"><a href=\"https:\/\/www.facebook.com\/funkyphonie?__mref=message_bubble\" target=\"_blank\" rel=\"noopener noreferrer\"><strong>Funky Phonie<\/strong> <\/a>, dont le batteur est un membre bien connu de l\u2019AMAP.<\/p>\n<p style=\"text-align: justify;\"><a href=\"http:\/\/www.lesjardinsdelaroussiere.fr\/?attachment_id=7866\" rel=\"attachment wp-att-7866\"><img decoding=\"async\" loading=\"lazy\" class=\"aligncenter size-full wp-image-7866\" src=\"http:\/\/lesjardinsdelaroussiere.fr\/wp-content\/uploads\/2017\/04\/01042017_AG_2017_photo_11.jpg\" alt=\"\" width=\"500\" height=\"500\" srcset=\"http:\/\/lesjardinsdelaroussiere.fr\/wp-content\/uploads\/2017\/04\/01042017_AG_2017_photo_11.jpg 500w, http:\/\/lesjardinsdelaroussiere.fr\/wp-content\/uploads\/2017\/04\/01042017_AG_2017_photo_11-150x150.jpg 150w, http:\/\/lesjardinsdelaroussiere.fr\/wp-content\/uploads\/2017\/04\/01042017_AG_2017_photo_11-300x300.jpg 300w\" sizes=\"(max-width: 500px) 100vw, 500px\" \/><\/a><\/p>\n<p style=\"text-align: justify;\"><a href=\"http:\/\/www.lesjardinsdelaroussiere.fr\/?attachment_id=7864\" rel=\"attachment wp-att-7864\"><img decoding=\"async\" loading=\"lazy\" class=\"aligncenter size-full wp-image-7864\" src=\"http:\/\/lesjardinsdelaroussiere.fr\/wp-content\/uploads\/2017\/04\/01042017_AG_2017_photo_09.jpg\" alt=\"\" width=\"650\" height=\"488\" srcset=\"http:\/\/lesjardinsdelaroussiere.fr\/wp-content\/uploads\/2017\/04\/01042017_AG_2017_photo_09.jpg 650w, http:\/\/lesjardinsdelaroussiere.fr\/wp-content\/uploads\/2017\/04\/01042017_AG_2017_photo_09-300x225.jpg 300w, http:\/\/lesjardinsdelaroussiere.fr\/wp-content\/uploads\/2017\/04\/01042017_AG_2017_photo_09-600x450.jpg 600w, http:\/\/lesjardinsdelaroussiere.fr\/wp-content\/uploads\/2017\/04\/01042017_AG_2017_photo_09-400x300.jpg 400w\" sizes=\"(max-width: 650px) 100vw, 650px\" \/><\/a> <a href=\"http:\/\/www.lesjardinsdelaroussiere.fr\/?attachment_id=7865\" rel=\"attachment wp-att-7865\"><img decoding=\"async\" loading=\"lazy\" class=\"aligncenter size-full wp-image-7865\" src=\"http:\/\/lesjardinsdelaroussiere.fr\/wp-content\/uploads\/2017\/04\/01042017_AG_2017_photo_10.jpg\" alt=\"\" width=\"650\" height=\"488\" srcset=\"http:\/\/lesjardinsdelaroussiere.fr\/wp-content\/uploads\/2017\/04\/01042017_AG_2017_photo_10.jpg 650w, http:\/\/lesjardinsdelaroussiere.fr\/wp-content\/uploads\/2017\/04\/01042017_AG_2017_photo_10-300x225.jpg 300w, http:\/\/lesjardinsdelaroussiere.fr\/wp-content\/uploads\/2017\/04\/01042017_AG_2017_photo_10-600x450.jpg 600w, http:\/\/lesjardinsdelaroussiere.fr\/wp-content\/uploads\/2017\/04\/01042017_AG_2017_photo_10-400x300.jpg 400w\" sizes=\"(max-width: 650px) 100vw, 650px\" \/><\/a><\/p>\n<p style=\"text-align: justify;\">Une journ\u00e9e bien remplie qui a combl\u00e9 la cinquantaine de participants.<\/p>\n<p style=\"text-align: justify;\">Dominique.<\/p>\n","protected":false},"excerpt":{"rendered":"<p>Bonjour \u00e0 toutes et \u00e0 tous, L\u2019Assembl\u00e9e g\u00e9n\u00e9rale de l\u2019AMAP s\u2019est tenue dimanche 2 Avril. Comme l\u2019an dernier le C.A avait fait le choix de l\u2019organiser autour d\u2019un moment convivial, gourmand et chez un producteur. Cette ann\u00e9e, ce fut chez &hellip; <a href=\"https:\/\/www.lesjardinsdelaroussiere.fr\/?p=7855\">Continuer la lecture <span class=\"meta-nav\">&rarr;<\/span><\/a><\/p>\n","protected":false},"author":3,"featured_media":0,"comment_status":"open","ping_status":"open","sticky":false,"template":"","format":"standard","meta":[],"categories":[3],"tags":[390,391,392,393],"views":1990,"_links":{"self":[{"href":"https:\/\/www.lesjardinsdelaroussiere.fr\/index.php?rest_route=\/wp\/v2\/posts\/7855"}],"collection":[{"href":"https:\/\/www.lesjardinsdelaroussiere.fr\/index.php?rest_route=\/wp\/v2\/posts"}],"about":[{"href":"https:\/\/www.lesjardinsdelaroussiere.fr\/index.php?rest_route=\/wp\/v2\/types\/post"}],"author":[{"embeddable":true,"href":"https:\/\/www.lesjardinsdelaroussiere.fr\/index.php?rest_route=\/wp\/v2\/users\/3"}],"replies":[{"embeddable":true,"href":"https:\/\/www.lesjardinsdelaroussiere.fr\/index.php?rest_route=%2Fwp%2Fv2%2Fcomments&post=7855"}],"version-history":[{"count":7,"href":"https:\/\/www.lesjardinsdelaroussiere.fr\/index.php?rest_route=\/wp\/v2\/posts\/7855\/revisions"}],"predecessor-version":[{"id":7875,"href":"https:\/\/www.lesjardinsdelaroussiere.fr\/index.php?rest_route=\/wp\/v2\/posts\/7855\/revisions\/7875"}],"wp:attachment":[{"href":"https:\/\/www.lesjardinsdelaroussiere.fr\/index.php?rest_route=%2Fwp%2Fv2%2Fmedia&parent=7855"}],"wp:term":[{"taxonomy":"category","embeddable":true,"href":"https:\/\/www.lesjardinsdelaroussiere.fr\/index.php?rest_route=%2Fwp%2Fv2%2Fcategories&post=7855"},{"taxonomy":"post_tag","embeddable":true,"href":"https:\/\/www.lesjardinsdelaroussiere.fr\/index.php?rest_route=%2Fwp%2Fv2%2Ftags&post=7855"}],"curies":[{"name":"wp","href":"https:\/\/api.w.org\/{rel}","templated":true}]}}