{"id":7654,"date":"2016-06-01T07:37:22","date_gmt":"2016-06-01T05:37:22","guid":{"rendered":"http:\/\/www.lesjardinsdelaroussiere.fr\/?p=7654"},"modified":"2016-06-26T11:31:36","modified_gmt":"2016-06-26T09:31:36","slug":"une-amap-apres-une-catastrophe-nucleaire","status":"publish","type":"post","link":"https:\/\/www.lesjardinsdelaroussiere.fr\/?p=7654","title":{"rendered":"Une AMAP apr\u00e8s une catastrophe nucl\u00e9aire ?"},"content":{"rendered":"<p>Bonjour \u00e0 toutes et \u00e0 tous,<\/p>\n<p style=\"text-align: justify;\">Non, je ne veux pas jouer aux oiseaux de mauvais augure, et non, ce n&rsquo;est pas par d\u00e9magogie que j&rsquo;aborde ce sujet, mais suite \u00e0 <a href=\"http:\/\/tchernobyl30.eu.org\/wp-content\/uploads\/2016\/04\/CP-200416-Tche30.pdf\" target=\"_blank\"><strong>la publication d&rsquo;un rapport d&rsquo;analyse effectu\u00e9 par l&rsquo;ACRO cette ann\u00e9e<\/strong> <\/a>(Association pour le Contr\u00f4le de la Radioactivit\u00e9 dans l&rsquo;Ouest) intitul\u00e9 \u00ab\u00a0Tchernobyl, 30 ans apr\u00e8s ? Bilan de la cartographie citoyenne\u00a0\u00bb, j&rsquo;ai trouv\u00e9 particuli\u00e8rement pertinent la r\u00e9flexion concernant l&rsquo;impact sur l&rsquo;agriculture biologique et les questions \u00e9thiques que cela soul\u00e8ve.<\/p>\n<p style=\"text-align: justify;\"><a href=\"http:\/\/www.lesjardinsdelaroussiere.fr\/?attachment_id=7655\" rel=\"attachment wp-att-7655\"><img decoding=\"async\" loading=\"lazy\" class=\"aligncenter size-full wp-image-7655\" src=\"http:\/\/lesjardinsdelaroussiere.fr\/wp-content\/uploads\/2016\/05\/Centrale_Tchernobyl.png\" alt=\"Centrale_Tchernobyl\" width=\"600\" height=\"397\" srcset=\"http:\/\/lesjardinsdelaroussiere.fr\/wp-content\/uploads\/2016\/05\/Centrale_Tchernobyl.png 600w, http:\/\/lesjardinsdelaroussiere.fr\/wp-content\/uploads\/2016\/05\/Centrale_Tchernobyl-300x199.png 300w, http:\/\/lesjardinsdelaroussiere.fr\/wp-content\/uploads\/2016\/05\/Centrale_Tchernobyl-453x300.png 453w\" sizes=\"(max-width: 600px) 100vw, 600px\" \/><\/a>Tout cela nous semble bien \u00e9loign\u00e9 car les plus proches centrales se situent \u00e0 Chinon et \u00e0 Saint-Laurent, soit\u00a0respectivement,\u00a0environ 80 km \u00e0 vol d&rsquo;oiseau et 190 km, mais tout le monde sait aujourd&rsquo;hui que les particules ne s&rsquo;arr\u00eatent pas aux fronti\u00e8res des d\u00e9partements&#8230;<!--more--><\/p>\n<p style=\"text-align: justify;\">Les deux catastrophes majeures du nucl\u00e9aire, si l&rsquo;on fait abstraction des bombes largu\u00e9es sur Hiroshima et Nagasaki en 1945 et des nombreux essais dans le Pacifique, sont des noms qui sont pass\u00e9s \u00e0 la post\u00e9rit\u00e9, il s&rsquo;agit bien entendu de Tchernobyl en 1986 et de Fukushima en 2011.<\/p>\n<p style=\"text-align: justify;\">Ces deux catastrophes, faut il le rappeler, n&rsquo;ont pas eu la m\u00eame origine : si la premi\u00e8re est due \u00e0 une faute humaine, la seconde est la r\u00e9sultante d&rsquo;une catastrophe naturelle, un tremblement de terre suivi d&rsquo;un tsunami.<br \/>\nQuoi qu&rsquo;il en soit, le r\u00e9sultat reste le m\u00eame, une contamination corollaire, pour des mill\u00e9naires d&rsquo;une surface plus ou moins importante des terres environnantes et un bilan humain effroyable\u00a0!<\/p>\n<p style=\"text-align: justify;\">La catastrophe de Tchernobyl fut la plus stup\u00e9fiante car il s&rsquo;agissait vraiment de la premi\u00e8re confrontation \u00e0 la r\u00e9alit\u00e9 nucl\u00e9aire.<\/p>\n<p style=\"text-align: justify;\">Ces deux catastrophes apportent aussi leur lot d&rsquo;informations compl\u00e9mentaires concernant l&rsquo;agriculture et l&rsquo;alimentation et c&rsquo;est pour cette raison qu&rsquo;il m&rsquo;a sembl\u00e9 int\u00e9ressant de l&rsquo;aborder sous ces deux angles.<\/p>\n<p style=\"text-align: justify;\"><strong>1986<\/strong><\/p>\n<p style=\"text-align: justify;\">26 Avril 1986 \u00e0 1h23, le r\u00e9acteur num\u00e9ro 4 de la centrale de Tchernobyl explose au cours d&rsquo;un test de s\u00fbret\u00e9 de l\u2019\u00eelotage, c&rsquo;est \u00e0 dire \u00ab\u00a0<em>un test de l&rsquo;alimentation \u00e9lectrique de secours qui permet \u00e0 un r\u00e9acteur de fonctionner en toute s\u00e9curit\u00e9 pendant une panne de courant<\/em>\u00ab\u00a0.<\/p>\n<p style=\"text-align: justify;\">Suite \u00e0 la violation de proc\u00e9dures de s\u00e9curit\u00e9 mais \u00e9galement compte tenu des d\u00e9fauts de conception de ce r\u00e9acteur de type RBMK (mod\u00e9rateur au graphite, instabilit\u00e9 \u00e0 faible niveau de puissance, lenteur d&rsquo;arr\u00eat d&rsquo;urgence, absence d&rsquo;enceinte de confinement), la man\u0153uvre fatale de l\u2019op\u00e9rateur qui insert des barres de commande trop loin provoque un empoisonnement au gaz x\u00e9non.<br \/>\nEn\u00a0retirant trop vite ces barres pour corriger l&rsquo;erreur (elles servent sch\u00e9matiquement \u00e0 contr\u00f4ler le niveau de puissance d&rsquo;un r\u00e9acteur en absorbant plus ou moins les neutrons produits par la r\u00e9action de fission nucl\u00e9aire), cela a d\u00e9clench\u00e9\u00a0un encha\u00eenement de r\u00e9actions entra\u00eenant la formation d&rsquo;un m\u00e9lange d\u00e9tonant d&rsquo;hydrog\u00e8ne et d&rsquo;oxyg\u00e8ne.<\/p>\n<p>Celui-ci a d\u00e9clench\u00e9\u00a0une s\u00e9rie de petites explosions qui ont \u00e9ject\u00e9 les barres de contr\u00f4le, faisant voler en \u00e9clats la dalle de b\u00e9ton recouvrant le c\u0153ur du r\u00e9acteur, puis un incendie s&rsquo;en est suivi.<\/p>\n<p style=\"text-align: justify;\">Cette suite d\u2019\u00e9v\u00e9nements \u00e0 pris moins d&rsquo;une heure et demie, mais l&rsquo;absence d&rsquo;une explosion franche et massive conduira le personnel\u00a0\u00e0 sous estimer gravement les cons\u00e9quences de la catastrophe\u00a0ainsi que\u00a0les r\u00e9actions appropri\u00e9es \u00e0 prendre en pareil cas&#8230;<\/p>\n<p style=\"text-align: justify;\">Apr\u00e8s avoir minimis\u00e9 l&rsquo;accident, Moscou d\u00e9cide de faire \u00e9vacuer 116 000 personnes dans un rayon de 30 kilom\u00e8tres autour de la centrale dans les mois qui suivirent,\u00a0et ce ne sont pas moins de 250 000\u00a0personnes qui le seront dans les ann\u00e9es qui suivirent.<\/p>\n<p style=\"text-align: justify;\">Aujourd&rsquo;hui, ce sont pr\u00e8s de 5 millions de Bi\u00e9lorusses et d&rsquo;Ukrainiens qui vivent sur un territoire plus ou moins irradi\u00e9&#8230;<\/p>\n<p style=\"text-align: justify;\">Le bilan humain est \u00e9pouvantable, surtout parmi les courageux pompiers qui tenteront de ma\u00eetriser le sinistre, prot\u00e9g\u00e9s par des moyens d\u00e9risoires, puis les fameux 600 000 \u00ab\u00a0liquidateurs\u00a0\u00bb dont miraculeusement seuls 5% ; soit tout de m\u00eame 4 000 personnes (mais d&rsquo;autres chiffres parlent de 25 \u00e0 100 000 morts) ; sont mortes des suites de l&rsquo;exposition aux irradiations malgr\u00e9 les \u00ab\u00a090 secondes\u00a0\u00bb qui leur \u00e9taient accord\u00e9es, sans parler des d\u00e9c\u00e8s parmi la population dans les jours, mois et ann\u00e9es qui ont suivi&#8230;<\/p>\n<p style=\"text-align: justify;\">Le bilan provisoire est de 25 000 \u00e0 125 000 morts et plus de 200 000 invalides, ces chiffres sont \u00e0 prendre avec pr\u00e9caution bien entendu du fait de l&rsquo;absence d&rsquo;une \u00ab\u00a0comptabilit\u00e9\u00a0\u00bb pr\u00e9cise compte tenu de l&rsquo;ampleur et des nombreux pays concern\u00e9s, mais ils sont probablement repr\u00e9sentatifs de ce type de catastrophe&#8230;<\/p>\n<p style=\"text-align: justify;\">Le plus dramatique avec les catastrophes \u00ab\u00a0radioactives\u00a0\u00bb c&rsquo;est qu&rsquo;elles sont \u00ab\u00a0invisibles\u00a0\u00bb, vous ne constatez absolument aucun impact visuellement, le c\u00e9sium 137, l&rsquo;iode 131,et\u00a0le strontium, trois des principaux <a href=\"https:\/\/fr.wikipedia.org\/wiki\/Radioisotope\" target=\"_blank\"><strong>radionucl\u00e9ides<\/strong> <\/a>rel\u00e2ch\u00e9s lors de ce type de catastrophe ont pourtant TOUT pollu\u00e9, les terres, les roches, les maisons, les puits les for\u00eats\u00a0ainsi que la faune.<\/p>\n<p style=\"text-align: justify;\"><a href=\"http:\/\/www.lesjardinsdelaroussiere.fr\/?attachment_id=7665\" rel=\"attachment wp-att-7665\"><img decoding=\"async\" loading=\"lazy\" class=\"aligncenter size-full wp-image-7665\" src=\"http:\/\/lesjardinsdelaroussiere.fr\/wp-content\/uploads\/2016\/05\/Tchernobyl_vegetation.jpg\" alt=\"Tchernobyl_vegetation\" width=\"600\" height=\"338\" srcset=\"http:\/\/lesjardinsdelaroussiere.fr\/wp-content\/uploads\/2016\/05\/Tchernobyl_vegetation.jpg 600w, http:\/\/lesjardinsdelaroussiere.fr\/wp-content\/uploads\/2016\/05\/Tchernobyl_vegetation-300x169.jpg 300w, http:\/\/lesjardinsdelaroussiere.fr\/wp-content\/uploads\/2016\/05\/Tchernobyl_vegetation-500x282.jpg 500w\" sizes=\"(max-width: 600px) 100vw, 600px\" \/><\/a><\/p>\n<p style=\"text-align: justify;\">C&rsquo;est la raison pour laquelle, entre autres choses, des irr\u00e9ductibles sont revenus occuper leurs maisons (le chiffre de 300 personnes circule), tr\u00e8s souvent des personnes \u00e2g\u00e9es, vivant de fa\u00e7on presque autarcique.<\/p>\n<p style=\"text-align: justify;\">D&rsquo;ailleurs, dans les ann\u00e9es qui ont suivi, les autorit\u00e9s ont commenc\u00e9 \u00e0 \u00ab\u00a0r\u00e9habiliter\u00a0\u00bb certains territoires jadis consid\u00e9r\u00e9s comme impropres \u00e0 la culture, car m\u00eame si on se focalise sur le bilan humain (et cela est tout \u00e0 fait l\u00e9gitime), d&rsquo;un point de vue strictement \u00e9conomique, le bilan est tout aussi lourd\u00a0: 784\u00a0000 ha de terrains agricoles, 694 000 ha de for\u00eats ont d\u00fb \u00eatre abandonn\u00e9, et je ne parle pas du contexte g\u00e9opolitique qui a men\u00e9 \u00e0 la d\u00e9sint\u00e9gration\u00a0de l&rsquo;ex URSS dans les ann\u00e9es qui suivirent, et qui a fait basculer des ex-r\u00e9publiques en pays autonomes, coup\u00e9s de toutes les subventions\u00a0de jadis&#8230;<\/p>\n<p style=\"text-align: justify;\">D&rsquo;un point de vue humain, bien \u00e9videmment, les cancers de la thyro\u00efde ont \u00e9t\u00e9 tr\u00e8s nombreux, les controvers\u00e9s comprim\u00e9s d&rsquo;iode (il emp\u00eache la fixation de l&rsquo;iode radioactif dans la thyro\u00efde, surtout pour les enfants et les femmes enceintes) n&rsquo;ayant pas \u00e9t\u00e9 distribu\u00e9s imm\u00e9diatement.<\/p>\n<p style=\"text-align: justify;\">Quant aux leuc\u00e9mies et autres types de cancer, les analyses statistiques n&rsquo;ont pas augment\u00e9 plus que la moyenne, n\u00e9anmoins, tout cela est aussi \u00e0 prendre avec pr\u00e9caution, les sp\u00e9cialistes de tout bord n&rsquo;\u00e9tant pas d&rsquo;accord sur les cons\u00e9quences \u00e0 moyen ou long terme.<\/p>\n<p style=\"text-align: justify;\">Greenpeace consid\u00e8re que sur 70 ans se sont pr\u00e8s de 270 000 cancers auxquels il faudra faire face dont 93 000 mortels, l&rsquo;O.M.S (Organisation Mondiale de la Sant\u00e9), plus prudente, parle elle de 4 000 personnes qui pourraient d\u00e9c\u00e9der principalement d&rsquo;un cancer de la thyro\u00efde dont le \u00ab\u00a0taux de survie\u00a0\u00bb est malgr\u00e9 tout de 99% souligne t&rsquo;elle&#8230;<\/p>\n<p style=\"text-align: justify;\">Comme si cela n&rsquo;\u00e9tait pas suffisant dans la vie courante, m\u00eame dans ce cadre les enfants les plus pauvres ont \u00e9t\u00e9 les plus touch\u00e9s car ils ing\u00e9raient des produits de la for\u00eat hautement contamin\u00e9s.<\/p>\n<p style=\"text-align: justify;\">La vie devant reprendre son cours, certaines r\u00e8gles de survie ont \u00e9t\u00e9 pr\u00e9conis\u00e9es : la cuisson de la viande, les c\u00e9r\u00e9ales plut\u00f4t que les pommes de terre qui tendent \u00e0 pi\u00e9ger la radioactivit\u00e9.<\/p>\n<p style=\"text-align: justify;\">Ce qui a \u00e9t\u00e9 constat\u00e9 apr\u00e8s les retomb\u00e9es radioactives de Tchernobyl c&rsquo;est que les radio\u00e9l\u00e9ments sont massivement transf\u00e9r\u00e9s dans les productions d&rsquo;origine animale comme le lait et la viande o\u00f9 les contaminants ont des p\u00e9riodes d&rsquo;activit\u00e9 relativement longues.<\/p>\n<p style=\"text-align: justify;\">Par ailleurs, le climat, les saisons influencent plus ou moins les concentrations.<\/p>\n<p style=\"text-align: justify;\">La majorit\u00e9 de la pollution se d\u00e9pose sur les feuilles, ensuite la partie qui filtre dans le sol est plus ou moins stable, elle d\u00e9pend bien entendu du type de sol (composition min\u00e9rale et\u00a0teneur en mati\u00e8res organiques), du pH, de l&rsquo;humidit\u00e9.<\/p>\n<p style=\"text-align: justify;\">Les radio\u00e9l\u00e9ments se concentrent dans les 5 premiers centim\u00e8tres en r\u00e8gle g\u00e9n\u00e9rale.<\/p>\n<p style=\"text-align: justify;\">On constate que l&rsquo;ajout d&rsquo;engrais, le potassium et la chaux notamment, peut \u00ab\u00a0freiner\u00a0\u00bb l&rsquo;absorption du c\u00e9sium et du strontium par les plantes gr\u00e2ce au m\u00eame m\u00e9canisme de \u00ab\u00a0saturation\u00a0\u00bb de l&rsquo;iode pour la thyro\u00efde.<\/p>\n<p style=\"text-align: justify;\">Les types d&rsquo;agriculture jouent d\u00e8s lors un r\u00f4le majeur : si les terres sont constamment remu\u00e9es, les radio\u00e9l\u00e9ments sont mis en mouvement, ils sont moins concentr\u00e9s, mais se propagent plus, tandis qu&rsquo;avec une culture sans labour ou moins profonde, on r\u00e9duit ce ph\u00e9nom\u00e8ne.<br \/>\nC&rsquo;est la raison pour laquelle l&rsquo;enl\u00e8vement de la couche sup\u00e9rieure du sol est souvent la premi\u00e8re \u00e9tape \u00e0 la restauration des terres \u00e0 l&rsquo;agriculture, cependant le co\u00fbt est extr\u00eamement \u00e9lev\u00e9 et la proc\u00e9dure tr\u00e8s longue&#8230;<\/p>\n<p style=\"text-align: justify;\">L&rsquo;autre point soulign\u00e9 est qu&rsquo;en cas de contamination radioactive il est n\u00e9cessaire de stopper tous les travaux des champs, la consommation des l\u00e9gumes frais, le p\u00e2turage et le picorage des volailles ainsi que l&rsquo;usage de fourrage contamin\u00e9, or ces mesures n&rsquo;ont pas \u00e9t\u00e9 appliqu\u00e9es lors de la catastrophe de Tchernobyl augmentant ainsi le nombre de victimes&#8230;<\/p>\n<p style=\"text-align: justify;\">Quant \u00e0 l&rsquo;eau, dans les points clos, les mares, les lacs, les particules vont petit \u00e0 petit se fixer au fond, mais le moindre mouvement fait remonter celles-ci, et toute la faune qui y vit, les \u00e9crevisses par exemple, en accumule une plus grade partie que la faune en surface, il en est de m\u00eame pour les \u00ab\u00a0pr\u00e9dateurs\u00a0\u00bb tels que les brochets qui absorbent une quantit\u00e9 cumul\u00e9e par les proies situ\u00e9es en bas de la pyramide.<\/p>\n<p style=\"text-align: justify;\">Aujourd&rsquo;hui le constat fait par les scientifiques conclut qu&rsquo;il est impossible de savoir si l&rsquo;on pourra un jour revenir dans la zone des 30 \u00e0 40 km, tant les radio\u00e9l\u00e9ments pr\u00e9sents sont importants.<\/p>\n<p style=\"text-align: justify;\">Au del\u00e0, la culture peut reprendre sa place, avec les pr\u00e9cautions d&rsquo;usage \u00e9voqu\u00e9es plus haut et c&rsquo;est ce qui s&rsquo;est d&rsquo;ailleurs pass\u00e9 en Ukraine et en Bi\u00e9lorussie.<\/p>\n<p style=\"text-align: justify;\">Il n&rsquo;existe pas de documents \u00e9tablissant les cons\u00e9quences de la catastrophe de Tchernobyl au niveau d&rsquo;une ferme bio Ukrainienne ou Bi\u00e9lorusse, si tant est qu&rsquo;il y en ait eu, ou qu&rsquo;il en ait aujourd&rsquo;hui, mais nous avons pu voir quelles \u00e9tait l&rsquo;impact sur la Nature, les cons\u00e9quences seront abord\u00e9es sur ce plan dans le point suivant.<\/p>\n<p style=\"text-align: justify;\"><strong>2011 :<\/strong><\/p>\n<p style=\"text-align: justify;\">Le vendredi 11 mars 2011 \u00e0 5H46M a lieu le plus important s\u00e9isme jamais mesur\u00e9 au Japon, son \u00e9picentre est situ\u00e9 \u00e0 130 km de Sendai, 51mn plus tard un tsunami g\u00e9n\u00e9r\u00e9 par le tremblement de terre produit une vague atteignant pr\u00e8s de 30 m par endroits qui va p\u00e9n\u00e9trer ponctuellement jusqu&rsquo;\u00e0 10 km dans les terres et balayer pr\u00e8s de 600 km des c\u00f4tes japonaises.<br \/>\nSur leur trajet, 4 centrales nucl\u00e9aires\u00a0 sont en production, des centrales \u00e9quip\u00e9es de R\u00e9acteurs \u00e0 Eau Bouillonnante (R.E.B).<\/p>\n<p style=\"text-align: justify;\"><a href=\"http:\/\/www.lesjardinsdelaroussiere.fr\/?attachment_id=7658\" rel=\"attachment wp-att-7658\"><img decoding=\"async\" loading=\"lazy\" class=\"aligncenter size-full wp-image-7658\" src=\"http:\/\/lesjardinsdelaroussiere.fr\/wp-content\/uploads\/2016\/05\/Explosion_Fukushima.png\" alt=\"Explosion_Fukushima\" width=\"600\" height=\"386\" srcset=\"http:\/\/lesjardinsdelaroussiere.fr\/wp-content\/uploads\/2016\/05\/Explosion_Fukushima.png 600w, http:\/\/lesjardinsdelaroussiere.fr\/wp-content\/uploads\/2016\/05\/Explosion_Fukushima-300x193.png 300w, http:\/\/lesjardinsdelaroussiere.fr\/wp-content\/uploads\/2016\/05\/Explosion_Fukushima-466x300.png 466w\" sizes=\"(max-width: 600px) 100vw, 600px\" \/><\/a><\/p>\n<p style=\"text-align: justify;\">H\u00e9las, les deux effets, celui du s\u00e9isme et celui du tsunami se sont cumul\u00e9s et expliquent \u00e0 eux deux le scenario catastrophique qui s&rsquo;en est suivi.<\/p>\n<p style=\"text-align: justify;\">Le tremblement de terre\u00a0 a entrain\u00e9 une perte d&rsquo;alimentation \u00e9lectrique externe, le tsunami a quant \u00e0 lui entrain\u00e9 une perte de source froide et des alimentations internes de secours.<br \/>\nL\u00e0 encore, c&rsquo;est le d\u00e9faut de refroidissement qui est la cause de l&#8217;emballement de la r\u00e9action.<br \/>\nLes fameuses barres \u00e9voqu\u00e9es plus haut dans la catastrophe de Tchernobyl n&rsquo;ont pu \u00eatre descendue \u00e0 temps pour ralentir les r\u00e9acteurs du fait de la panne de courant, ce qui a entrain\u00e9 une mont\u00e9e en temp\u00e9rature\u00a0 des gaines contenant le combustible (oxyde d&rsquo;uranium) en plusieurs \u00e9tapes.<\/p>\n<p style=\"text-align: justify;\">Le sc\u00e9nario n&rsquo;est pas connu exactement car d&rsquo;une part il est impossible aujourd&rsquo;hui d&rsquo;approcher le c\u0153ur des r\u00e9acteurs, et d&rsquo;autre part parce que presque rien n&rsquo;a \u00e9t\u00e9 film\u00e9, il ne s&rsquo;agit donc que des hypoth\u00e8ses les plus vraisemblables bas\u00e9es sur les indices r\u00e9colt\u00e9s et la th\u00e9orie.<\/p>\n<p style=\"text-align: justify;\">Les explosions des b\u00e2timents des r\u00e9acteurs N\u00b01, 3 puis 2 n&rsquo;ont eu lieu que quelques jours plus tard du 12 au 15 Mai.<br \/>\nC&rsquo;est \u00e0 partir de ce moment que les rejets massifs dans l&rsquo;air et dans la mer se sont produit.<\/p>\n<p style=\"text-align: justify;\">Contrairement \u00e0 Tchernobyl la soci\u00e9t\u00e9 TEPCO, exploitante du site, d\u00e9cide rapidement d&rsquo;\u00e9vacuer les 750 employ\u00e9s, ne restent que les \u00ab\u00a0cinquante de Fukushima\u00a0\u00bb comme ils seront surnomm\u00e9s plus tard, qui seront malgr\u00e9 tout rejoints plus tard par d&rsquo;autres techniciens, pompiers et personnels requis en pareilles circonstances.<br \/>\nLes autorit\u00e9s ne perdent pas non plus de temps, le 11 Mars, \u00e0 19H03 ordre est donn\u00e9 d&rsquo;\u00e9vacuer les personnes dans un rayon de 2 km autour du r\u00e9acteur N\u00b01, il sera \u00e9tendu \u00e0 3 km le lendemain puis \u00e0 10 et 20 km \u00e0 18H25.<\/p>\n<p style=\"text-align: justify;\"><a href=\"http:\/\/www.lesjardinsdelaroussiere.fr\/?attachment_id=7660\" rel=\"attachment wp-att-7660\"><img decoding=\"async\" loading=\"lazy\" class=\"aligncenter wp-image-7660\" src=\"http:\/\/lesjardinsdelaroussiere.fr\/wp-content\/uploads\/2016\/05\/Carte_evacuation_Fukushima.png\" alt=\"Carte_evacuation_Fukushima\" width=\"377\" height=\"515\" \/><\/a><\/p>\n<p style=\"text-align: justify;\">Tout comme pour Tchernobyl sont largu\u00e9es dans l&rsquo;air des quantit\u00e9s importantes des radionucl\u00e9ides habituels : c\u00e9sium 137, strontium et iode 131.<\/p>\n<p style=\"text-align: justify;\">Par chance, ce ne sont \u00ab\u00a0que\u00a0\u00bb 10% des quantit\u00e9s observ\u00e9es \u00e0 Tchernobyl qui sont rel\u00e2ch\u00e9s \u00e0 Fukushima !<\/p>\n<p style=\"text-align: justify;\">Le bilan humain est cette fois-ci plus d\u00e9licat \u00e0 estimer car il se cumule avec celui des 2 catastrophes naturelles, le tremblement de terre et le tsunami, par ailleurs, les autorit\u00e9s japonaises ont \u00e9vit\u00e9 de communiquer.<br \/>\nCe que l&rsquo;on sait c&rsquo;est que plus de 300 000 personnes ont \u00e9t\u00e9 \u00e9vacu\u00e9es,\u00a080 000 ont encore aujourd&rsquo;hui le statut de r\u00e9fugi\u00e9,\u00a0et que 1 600 morts ont \u00e9t\u00e9 d\u00e9nombr\u00e9s essentiellement du fait des\u00a0 \u00e9v\u00e8nements \u00ab\u00a0naturels\u00a0\u00bb.<\/p>\n<p style=\"text-align: justify;\">La pollution a quant elle couvert une zone de 30 km et au del\u00e0 du fait des vents et des eaux.<br \/>\nLe Japon s&rsquo;est lanc\u00e9 dans une vaste d\u00e9contamination des sols, mais cela demandera\u00a0 des dizaines d&rsquo;ann\u00e9es, toute la zone ne sera de toute mani\u00e8re pas r\u00e9habilit\u00e9e.<\/p>\n<p style=\"text-align: justify;\">Du fait de la \u00ab\u00a0demi-vie\u00a0\u00bb des radionucl\u00e9ides, c&rsquo;est le c\u00e9sium 137 qui restera le plus pr\u00e9occupant pendant environ 30 ans.<\/p>\n<p style=\"text-align: justify;\">Le bilan \u00e9conomique est l\u00e0 aussi colossal, la soci\u00e9t\u00e9 TEPCO a d&rsquo;ailleurs \u00e9t\u00e9 en partie nationalis\u00e9e pour faire face aux indemnit\u00e9s qui seront vers\u00e9es.<\/p>\n<p style=\"text-align: justify;\">50 milliards d&rsquo;euros pour construire de nouveaux logements.<\/p>\n<p style=\"text-align: justify;\">Le manque \u00e0 gagner pour l&rsquo;arr\u00eat des centrales, les indemnisations sont estim\u00e9es \u00e0 un chiffre vertigineux de 1 500 milliards d&rsquo;euros \u00e0 la charge de TEPCO !!<\/p>\n<p style=\"text-align: justify;\">Et du point de vue alimentaire ?<\/p>\n<p style=\"text-align: justify;\">Les derni\u00e8res analyses effectu\u00e9es par l&rsquo;universit\u00e9 technologique de Vienne sur pas moins de 900 000 \u00e9chantillons fournis par l&rsquo;administration japonaise de 2011 \u00e0 2014, fait ressortir que 3,3% des produits agricoles en provenance de Fukushima et ses environs pr\u00e9sentaient des taux de radiation sup\u00e9rieurs aux normes japonaises et ont donc \u00e9t\u00e9 retir\u00e9s du march\u00e9.<br \/>\nEn 2014, 0,6% de la nourriture affichait encore des valeurs excessives, il est donc peu probable aujourd&rsquo;hui d&rsquo;ing\u00e9rer des doses dangereuses.<\/p>\n<p style=\"text-align: justify;\">Justement, revenons au fameux rapport ACRO, que nous apprend t&rsquo;il \u00e0 ce sujet ?<\/p>\n<p style=\"text-align: justify;\">Le r\u00e9sultat des 364 analyses montre bien \u00e9videmment que la pollution radioactive\u00a0est encore bien notable apr\u00e8s plus de 35 ans.<\/p>\n<p style=\"text-align: justify;\">Cependant, ce qui est \u00e0 souligner, c&rsquo;est que les pics de pollution sont notables du c\u00f4t\u00e9 des massifs montagneux, donc plut\u00f4t sur l&rsquo;est de la France, notamment dans les for\u00eats du Haut-Rhin et les massifs montagneux du sud-est.<\/p>\n<p style=\"text-align: justify;\"><a href=\"http:\/\/www.lesjardinsdelaroussiere.fr\/?attachment_id=7662\" rel=\"attachment wp-att-7662\"><img decoding=\"async\" loading=\"lazy\" class=\"aligncenter size-full wp-image-7662\" src=\"http:\/\/lesjardinsdelaroussiere.fr\/wp-content\/uploads\/2016\/05\/Carte_contamination_cesium_137.png\" alt=\"Carte_contamination_cesium_137\" width=\"450\" height=\"353\" srcset=\"http:\/\/lesjardinsdelaroussiere.fr\/wp-content\/uploads\/2016\/05\/Carte_contamination_cesium_137.png 450w, http:\/\/lesjardinsdelaroussiere.fr\/wp-content\/uploads\/2016\/05\/Carte_contamination_cesium_137-300x235.png 300w, http:\/\/lesjardinsdelaroussiere.fr\/wp-content\/uploads\/2016\/05\/Carte_contamination_cesium_137-382x300.png 382w\" sizes=\"(max-width: 450px) 100vw, 450px\" \/><\/a><\/p>\n<p style=\"text-align: justify;\">Les \u00e9chantillons trop peu nombreux ne permettent pas d&rsquo;extrapoler pour les pays frontaliers.<\/p>\n<p style=\"text-align: justify;\">Le principal \u00e9l\u00e9ment contaminant est comme nous l&rsquo;avons \u00e9voqu\u00e9 plus haut, le c\u00e9sium 137, qui tend \u00e0 se fixer dans certaines esp\u00e8ces comme les champignons qui accumulent tr\u00e8s facilement ce dernier, certaines essences d&rsquo;arbres comme le ch\u00e2taignier, les baies, les animaux en for\u00eat comme le sanglier ainsi que les poissons et crustac\u00e9s qui vivent dans des milieux proches des s\u00e9diments.<\/p>\n<p style=\"text-align: justify;\">Aujourd&rsquo;hui les mesures confirment que les niveaux sont en dessous des normes europ\u00e9ennes, mais il est clair qu&rsquo;\u00e0 quelques dizaines de kilom\u00e8tres des lieux d&rsquo;accidents les r\u00e9sultats sont tout autres !<\/p>\n<p style=\"text-align: justify;\">Ces r\u00e9sultats viennent conforter les mesures et constats au Japon o\u00f9 l&rsquo;on note que toutes les plantes ne retiennent pas de fa\u00e7on \u00e9gale les radionucl\u00e9ides.<\/p>\n<p style=\"text-align: justify;\">L&rsquo;article \u00e9crit par <strong>Etona Orito<\/strong> cit\u00e9 dans <a href=\"http:\/\/www.lesjardinsdelaroussiere.fr\/?p=7597\" target=\"_blank\"><strong>l&rsquo;article consacr\u00e9 aux<\/strong> <em>teikei<\/em><\/a> nous permet de d\u00e9couvrir les cons\u00e9quences de la pollution radioactive sur leurs terres.<br \/>\nOn peut d\u00e8s lors extrapoler ce que seraient les cons\u00e9quences pour une AMAP fran\u00e7aise&#8230;<\/p>\n<p style=\"text-align: justify;\">Qu&rsquo;apprenons nous ?<\/p>\n<p style=\"text-align: justify;\">Et bien que la pollution n&rsquo;\u00e9pargne bien \u00e9videmment personne physiquement parlant, cependant cependant, sur un plan \u00e9conomique, les cons\u00e9quences sont in\u00e9gales vis \u00e0 vis des producteurs !<\/p>\n<p style=\"text-align: justify;\">Rappelons nous que les <em>teikei<\/em>, tout comme les AMAP sont bas\u00e9s sur une relation de confiance qui s&rsquo;\u00e9tablit au fil du temps entre le producteur et le consommacteur.<br \/>\nCette relation est \u00e9minemment diff\u00e9rente selon les g\u00e9n\u00e9rations.<\/p>\n<p style=\"text-align: justify;\"><a href=\"http:\/\/www.lesjardinsdelaroussiere.fr\/?attachment_id=7666\" rel=\"attachment wp-att-7666\"><img decoding=\"async\" loading=\"lazy\" class=\"aligncenter size-full wp-image-7666\" src=\"http:\/\/lesjardinsdelaroussiere.fr\/wp-content\/uploads\/2016\/05\/Controle_riz_Fukushima.jpg\" alt=\"Controle_riz_Fukushima\" width=\"600\" height=\"398\" srcset=\"http:\/\/lesjardinsdelaroussiere.fr\/wp-content\/uploads\/2016\/05\/Controle_riz_Fukushima.jpg 600w, http:\/\/lesjardinsdelaroussiere.fr\/wp-content\/uploads\/2016\/05\/Controle_riz_Fukushima-300x199.jpg 300w, http:\/\/lesjardinsdelaroussiere.fr\/wp-content\/uploads\/2016\/05\/Controle_riz_Fukushima-452x300.jpg 452w\" sizes=\"(max-width: 600px) 100vw, 600px\" \/><\/a><\/p>\n<p style=\"text-align: justify;\">Les plus jeunes, plus m\u00e9fiants ont tendance \u00e0 quitter les <em>teikei<\/em>, ce que l&rsquo;auteur explique par le fait que les femmes enceintes, les nourrissons et les enfants sont plus sensibles aux effets de la radioactivit\u00e9 et doivent \u00e9viter le plus possible son contact, alors que les plus de 50 ans,\u00a0\u00ab\u00a0tol\u00e8rent\u00a0\u00bb plus un certain niveau de contamination et pr\u00e9f\u00e8rent par solidarit\u00e9 continuer de soutenir les producteurs.<\/p>\n<p style=\"text-align: justify;\">Les r\u00e9actions \u00e9taient similaires \u00e0 Tchernobyl, les personnes \u00e2g\u00e9es partant du principe que la majeure partie de leur vie \u00e9tant accomplie, une contamination l\u00e9g\u00e8rement sup\u00e9rieure ne remettrait pas en cause leur mode de vie et leur descendance.<\/p>\n<p style=\"text-align: justify;\">Il faut cependant noter que l&rsquo;aspect \u00e9conomique n&rsquo;est pas n\u00e9gligeable dans la d\u00e9cision prise de revenir : ces personnes \u00e2g\u00e9es vivant plus ou moins en autarcie avec leur jardin potager du fait de la modicit\u00e9 de leurs retraites quand elles en ont une&#8230;<\/p>\n<p style=\"text-align: justify;\">Mais c&rsquo;est aussi et surtout l&rsquo;attachement sentimental \u00e0 leur propri\u00e9t\u00e9 o\u00f9 ils ont pass\u00e9 la majeure partie de leur vie qui explique cette d\u00e9cision !.<br \/>\nC&rsquo;est une exp\u00e9rience traumatisante pour la plupart d&rsquo;entre elles qui n&rsquo;ont pas envie de quitter leur maison pour les appartements propos\u00e9s par les autorit\u00e9s \u00e0 la suite de la catastrophe, en milieu urbain, o\u00f9 elles ne connaissent personne et o\u00f9 le mode de vie est tr\u00e8s diff\u00e9rent&#8230;<\/p>\n<p style=\"text-align: justify;\">On a donc d&rsquo;un c\u00f4t\u00e9 une population plus ou moins mature qui ne rejette pas syst\u00e9matiquement la faute sur les producteurs et fait le choix au contraire de les soutenir, de l&rsquo;autre une population plus jeune qui\u00a0pr\u00e9f\u00e8re jouer la s\u00e9curit\u00e9.<\/p>\n<p style=\"text-align: justify;\">Pour les producteurs c&rsquo;est la double peine : ils sont \u00e0 la fois les victimes de cette pollution et de la remise en cause de leur production.<br \/>\nComme le dit un agriculteur interview\u00e9 : \u00ab\u00a0<em>les consommateurs peuvent toujours changer de fournisseurs et facilement surmonter ce probl\u00e8me<\/em>\u00ab\u00a0&#8230;<\/p>\n<p style=\"text-align: justify;\">Certains ont fait le choix de continuer leur exploitation, ils n&rsquo;avaient pour beaucoup pas d&rsquo;alternative, leur survie en d\u00e9pendait \u00e9conomiquement parlant !<br \/>\nIl n&rsquo;y avait aucune mauvaise intention, simplement un choix rationnel, mais cela a entrain\u00e9 une r\u00e9action imm\u00e9diate des avocats de l&rsquo;antinucl\u00e9aire ; pour la plupart\u00a0 n&rsquo;ayant aucun rapport ni aucune connaissance particuli\u00e8re en\u00a0mati\u00e8re agricole et scientifique ; qui ont qualifi\u00e9 ces producteurs de \u00ab\u00a0fermiers criminels\u00a0\u00bb !<\/p>\n<p style=\"text-align: justify;\">Il est clair que la question peut se poser \u00e9thiquement parlant !<\/p>\n<p style=\"text-align: justify;\">A t&rsquo;on le droit de produire sur une terre contamin\u00e9e et vendre ses produits en toute connaissance de cause, d&rsquo;autant plus dans le cadre d&rsquo;une exploitation dite biologique\u00a0?<\/p>\n<p style=\"text-align: justify;\">Pourtant la plupart n&rsquo;ont pas repris l&rsquo;exploitation et la vente de leur production avant d&rsquo;avoir effectu\u00e9 une ann\u00e9e de culture en plantant des l\u00e9gumes et du riz.<br \/>\nIls ont pu constater que par rapport \u00e0 la culture traditionnelle, leurs produits \u00e9taient bien moins contamin\u00e9s, l&rsquo;une des raisons principales invoqu\u00e9es etant que la mati\u00e8re organique tend \u00e0 pi\u00e9ger le fameux cesium 137 et emp\u00eache sa propagation comme expliqu\u00e9 plus haut dans le cas de Tchernobyl.<br \/>\nIls ont par ailleurs fait le constat que certaines plantes pi\u00e9geaient moins le cesium que d&rsquo;autres, ce que prouvent \u00e9galement les r\u00e9sultats de l&rsquo;ACRO !<\/p>\n<p style=\"text-align: justify;\">D\u00e8s lors les agriculteurs ont repris confiance et ont d\u00e9cid\u00e9 de produire de nouveau et vendre leurs productions.<\/p>\n<p style=\"text-align: justify;\">L&rsquo;autre partie des agriculteurs a fait un choix plus radical tout en pr\u00e9servant leur mod\u00e8le relationnel avec les consommateurs, ils sont pass\u00e9s \u00e0 l&rsquo;agriculture&#8230; hors-sol en construisant de vraies usines \u00e0 l\u00e9gumes !<\/p>\n<p style=\"text-align: justify;\">Cela permet ainsi de contourner la probl\u00e9matique de contamination des sols qui est le point essentiel dans ce type de catastrophe.<\/p>\n<p style=\"text-align: justify;\">Par ailleurs, avec cette solution, inutile de devoir attendre la restitution des terres agricoles rendues impropres \u00e0 la culture du fait du c\u00e9sium mais \u00e9galement du sel pour ceux qui avaient \u00e9t\u00e9 touch\u00e9s par l&rsquo;avanc\u00e9e de l&rsquo;eau de mer dans les terres suite au tsunami !<\/p>\n<p style=\"text-align: justify;\">Deux approches sont disponibles pour les cultures hors-sol (aussi appel\u00e9e hydroponique) : celles avec un \u00e9clairage naturel, ou celles avec un \u00e9clairage mixte lumi\u00e8re naturelle \/ lumi\u00e8re \u00e0 LEDs.<br \/>\nLes plantes sont totalement coup\u00e9es du sol puisqu&rsquo;elles puisent leurs nutriments hors du sol dans un substrat de laine de roche ou de fibres de coco ou bien encore dans un film nutritif o\u00f9 les plantes finissent par s&rsquo;y fondre pour former leur propre substrat un peu comme avec le polycarbonate de potassium d\u00e9crit dans <strong><a href=\"http:\/\/www.lesjardinsdelaroussiere.fr\/?p=7559\" target=\"_blank\">l&rsquo;article consacr\u00e9 \u00e0 l&rsquo;eau solide<\/a><\/strong>.<\/p>\n<p style=\"text-align: justify;\">Dans les ann\u00e9es qui suivirent, le nombre de ces exploitations est pass\u00e9 de\u00a0 50 \u00e0 127 sur l&rsquo;ensemble du\u00a0 pays et certaines exploitations d\u00e9passent m\u00eame les 10 hectares !.<\/p>\n<p style=\"text-align: justify;\">Si cette solution a le m\u00e9rite de r\u00e9soudre le probl\u00e8me de la contamination, elle n&rsquo;en remet pas moins en cause la notion d&rsquo;agriculture biologique !<\/p>\n<p style=\"text-align: justify;\">Peut-on parler de bio d\u00e8s lors que la culture s&rsquo;effectue coup\u00e9e de la terre ?<\/p>\n<p style=\"text-align: justify;\">Comme \u00e9voqu\u00e9 dans l&rsquo;article sur les <em>teikei<\/em>, leur nombre avait d\u00e9j\u00e0 commenc\u00e9 \u00e0 d\u00e9cliner, cette catastrophe n&rsquo;a rien fait pour enrayer la tendance, bien au contraire !<\/p>\n<p style=\"text-align: justify;\">La culture hors sol n&rsquo;est pas l&rsquo;apanage du Japon, la rar\u00e9faction des terres arables, les probl\u00e9matiques d&rsquo;irrigation, les autres types de pollution am\u00e8nent de plus en plus de pays \u00e0 basculer vers cette solution : en Andalousie par exemple, sa part\u00a0 repr\u00e9sente 75% de la production de tomates vendues en France !<\/p>\n<p style=\"text-align: justify;\">Alors pour en revenir au caract\u00e8re bio, certes une partie de ces exploitations\u00a0a recourt \u00e0 des fertilisants \u00e0 base d&rsquo;engrais organiques et l&rsquo;on \u00e9conomise jusqu&rsquo;\u00e0 70 \u00e0 90% d&rsquo;eau, mais il n&rsquo;en reste pas moins que cela s&rsquo;effectue hors sol !<\/p>\n<p style=\"text-align: justify;\">On oublie \u00e9galement les qualit\u00e9s organoleptiques de ces l\u00e9gumes et fruits qui ont plus go\u00fbt d&rsquo;eau que les productions classiques&#8230;<br \/>\nLe probl\u00e8me vient essentiellement de la diff\u00e9rence qui existe malgr\u00e9 tout entre l&rsquo;\u00e9clairage naturel et artificiel et le moment o\u00f9 il est produit, souvent hors saison, sans parler des nutriments qui sont pr\u00e9lev\u00e9s dans le sol\u00a0par les plantes selon leur besoin et leur disponibilit\u00e9 et non en permanence.<\/p>\n<p style=\"text-align: justify;\">On oublie \u00e9galement\u00a0\u00a0\u00ab\u00a0l&#8217;empreinte carbone\u00a0\u00bb laiss\u00e9e : de ce c\u00f4t\u00e9 si, ce n&rsquo;est pas tr\u00e8s bio non plus.<br \/>\nLe gain de productivit\u00e9 (le double des cultures classiques) est effac\u00e9 car le chauffage des serres repr\u00e9sente plus de 20% des charges de ces exploitations !<\/p>\n<p style=\"text-align: justify;\">Enfin, d&rsquo;un point de vue r\u00e9glementaire, si l&rsquo;on se base sur les textes\u00a0de la Communaut\u00e9 Europ\u00e9enne l&rsquo;agriculture biologique est reconnue comme telle \u00e0 l&rsquo;une des conditions suivantes : \u00ab\u00a0<em>les plantes doivent \u00eatre essentiellement nourries par l&rsquo;\u00e9cosyst\u00e8me du sol<\/em>\u00a0\u00bb !<\/p>\n<p style=\"text-align: justify;\">Pour en revenir aux <em>teikei<\/em> qui ont fait le choix de produire sur leurs terres, la seule \u00ab\u00a0vraie\u00a0\u00bb voie \u00e0 m\u00eame de respecter les crit\u00e8res bio, on peut simplement dire que si les doses restent inf\u00e9rieures \u00e0 celles \u00e9dict\u00e9es par les r\u00e8gles sanitaires, il n&rsquo;y a pas de remise en cause de son caract\u00e8re.<br \/>\nN&rsquo;oublions pas que certaines de nos r\u00e9gions en France sont naturellement radioactives, tr\u00e8s faiblement bien s\u00fbr, notamment le massif armoricain mais aussi dans le Massif Central, plus globalement l\u00e0 ou les massifs granitiques sont pr\u00e9sents,\u00a0mais cela ne nous emp\u00eache pas de consommer les produits agricoles qui en sont issus !<\/p>\n<p style=\"text-align: justify;\">Je vous invite \u00e0 lire le <a href=\"http:\/\/fukushima.eu.org\/wp-content\/uploads\/2016\/03\/anccli_rapport_VFinale_web.pdf\" target=\"_blank\"><strong>Rapport 2016 du Plan d&rsquo;Urgence Nucl\u00e9aire en France<\/strong> <\/a>notamment \u00e0 partir de la page 43 qui d\u00e9crit les contraintes li\u00e9es \u00e0 l&rsquo;alimentation dans un cadre de contamination radioactive&#8230;<\/p>\n<p style=\"text-align: justify;\"><a href=\"http:\/\/www.lesjardinsdelaroussiere.fr\/?attachment_id=7672\" rel=\"attachment wp-att-7672\"><img decoding=\"async\" loading=\"lazy\" class=\"aligncenter size-full wp-image-7672\" src=\"http:\/\/lesjardinsdelaroussiere.fr\/wp-content\/uploads\/2016\/05\/Recapitulatif_NMA_CEE.png\" alt=\"Recapitulatif_NMA_CEE\" width=\"600\" height=\"283\" srcset=\"http:\/\/lesjardinsdelaroussiere.fr\/wp-content\/uploads\/2016\/05\/Recapitulatif_NMA_CEE.png 600w, http:\/\/lesjardinsdelaroussiere.fr\/wp-content\/uploads\/2016\/05\/Recapitulatif_NMA_CEE-300x142.png 300w, http:\/\/lesjardinsdelaroussiere.fr\/wp-content\/uploads\/2016\/05\/Recapitulatif_NMA_CEE-500x236.png 500w\" sizes=\"(max-width: 600px) 100vw, 600px\" \/><\/a><\/p>\n<p style=\"text-align: justify;\">Voil\u00e0, nous venons d&rsquo;esquisser une approche au travers de ces deux catastrophes nucl\u00e9aires, mais bien que cela se soit pass\u00e9 dans des pays fort diff\u00e9rents des n\u00f4tres, cela\u00a0a le m\u00e9rite de nous faire r\u00e9fl\u00e9chir \u00e0 la question d&rsquo;un point de vue th\u00e9orique&#8230;<\/p>\n<p style=\"text-align: justify;\">A tr\u00e8s bient\u00f4t,<\/p>\n<p style=\"text-align: justify;\"><em>Le webmaster<\/em>.<\/p>\n<p style=\"text-align: justify;\"><strong>Sources :<\/strong><\/p>\n<ul>\n<li style=\"text-align: justify;\"><a href=\"http:\/\/www.dissident-media.org\/infonucleaire\/estimations.html\" target=\"_blank\">http:\/\/www.dissident-media.org\/infonucleaire\/estimations.html<\/a><\/li>\n<li style=\"text-align: justify;\"><a href=\"http:\/\/www.who.int\/mediacentre\/news\/releases\/2005\/pr38\/fr\/index1.html\" target=\"_blank\">http:\/\/www.who.int\/mediacentre\/news\/releases\/2005\/pr38\/fr\/index1.html<\/a><\/li>\n<li style=\"text-align: justify;\"><a href=\"https:\/\/www.oecd-nea.org\/rp\/chernobyl\/fr\/c06.html\" target=\"_blank\">https:\/\/www.oecd-nea.org\/rp\/chernobyl\/fr\/c06.html<\/a><\/li>\n<li style=\"text-align: justify;\"><a href=\"http:\/\/fukushima.eu.org\/wp-content\/uploads\/2016\/03\/anccli_rapport_VFinale_web.pdf\" target=\"_blank\">http:\/\/fukushima.eu.org\/wp-content\/uploads\/2016\/03\/anccli_rapport_VFinale_web.pdf<\/a><\/li>\n<\/ul>\n","protected":false},"excerpt":{"rendered":"<p>Bonjour \u00e0 toutes et \u00e0 tous, Non, je ne veux pas jouer aux oiseaux de mauvais augure, et non, ce n&rsquo;est pas par d\u00e9magogie que j&rsquo;aborde ce sujet, mais suite \u00e0 la publication d&rsquo;un rapport d&rsquo;analyse effectu\u00e9 par l&rsquo;ACRO cette &hellip; <a href=\"https:\/\/www.lesjardinsdelaroussiere.fr\/?p=7654\">Continuer la lecture <span class=\"meta-nav\">&rarr;<\/span><\/a><\/p>\n","protected":false},"author":2,"featured_media":0,"comment_status":"open","ping_status":"open","sticky":false,"template":"","format":"standard","meta":[],"categories":[6],"tags":[380,381,382,375,379,377,374,376,378,373,354],"views":2677,"_links":{"self":[{"href":"https:\/\/www.lesjardinsdelaroussiere.fr\/index.php?rest_route=\/wp\/v2\/posts\/7654"}],"collection":[{"href":"https:\/\/www.lesjardinsdelaroussiere.fr\/index.php?rest_route=\/wp\/v2\/posts"}],"about":[{"href":"https:\/\/www.lesjardinsdelaroussiere.fr\/index.php?rest_route=\/wp\/v2\/types\/post"}],"author":[{"embeddable":true,"href":"https:\/\/www.lesjardinsdelaroussiere.fr\/index.php?rest_route=\/wp\/v2\/users\/2"}],"replies":[{"embeddable":true,"href":"https:\/\/www.lesjardinsdelaroussiere.fr\/index.php?rest_route=%2Fwp%2Fv2%2Fcomments&post=7654"}],"version-history":[{"count":23,"href":"https:\/\/www.lesjardinsdelaroussiere.fr\/index.php?rest_route=\/wp\/v2\/posts\/7654\/revisions"}],"predecessor-version":[{"id":7696,"href":"https:\/\/www.lesjardinsdelaroussiere.fr\/index.php?rest_route=\/wp\/v2\/posts\/7654\/revisions\/7696"}],"wp:attachment":[{"href":"https:\/\/www.lesjardinsdelaroussiere.fr\/index.php?rest_route=%2Fwp%2Fv2%2Fmedia&parent=7654"}],"wp:term":[{"taxonomy":"category","embeddable":true,"href":"https:\/\/www.lesjardinsdelaroussiere.fr\/index.php?rest_route=%2Fwp%2Fv2%2Fcategories&post=7654"},{"taxonomy":"post_tag","embeddable":true,"href":"https:\/\/www.lesjardinsdelaroussiere.fr\/index.php?rest_route=%2Fwp%2Fv2%2Ftags&post=7654"}],"curies":[{"name":"wp","href":"https:\/\/api.w.org\/{rel}","templated":true}]}}