{"id":7597,"date":"2016-05-20T20:55:05","date_gmt":"2016-05-20T18:55:05","guid":{"rendered":"http:\/\/www.lesjardinsdelaroussiere.fr\/?p=7597"},"modified":"2016-05-25T07:42:10","modified_gmt":"2016-05-25T05:42:10","slug":"les-teikei-aux-sources-de-lamap","status":"publish","type":"post","link":"https:\/\/www.lesjardinsdelaroussiere.fr\/?p=7597","title":{"rendered":"Les teikei, aux sources de l&rsquo;AMAP ?"},"content":{"rendered":"<p>Bonjour \u00e0 toutes et \u00e0 tous,<\/p>\n<p style=\"text-align: justify;\">Vous \u00eates AMAPienne ou AMAPien, vous vous \u00eates probablement renseign\u00e9 sur ce qu&rsquo;est une AMAP, ou vous avez particip\u00e9 \u00e0 des r\u00e9unions, obtenu des informations en discutant avec nos producteurs.<\/p>\n<p style=\"text-align: justify;\">L&rsquo;AMAP est issue, comme vous l&rsquo;aurez d\u00e9couvert, de la doctrine appel\u00e9e \u00ab\u00a0localisme\u00a0\u00bb, doctrine qui comme son nom l&rsquo;indique consiste \u00e0 privil\u00e9gier tout ce qui est local mais avec le but de d\u00e9velopper ce que l&rsquo;on appelle la \u00ab\u00a0d\u00e9mocratie participative\u00a0\u00bb afin de ressouder la coh\u00e9sion sociale et l&rsquo;\u00e9conomie de proximit\u00e9 qui se d\u00e9litent avec notre soci\u00e9t\u00e9 de consommation et le contexte \u00e9conomique depuis des d\u00e9cennies, tout en pr\u00e9servant l&#8217;emploi et l&rsquo;environnement.<\/p>\n<p style=\"text-align: justify;\"><a href=\"http:\/\/www.lesjardinsdelaroussiere.fr\/?attachment_id=7607\" rel=\"attachment wp-att-7607\"><img decoding=\"async\" loading=\"lazy\" class=\"aligncenter size-full wp-image-7607\" src=\"http:\/\/lesjardinsdelaroussiere.fr\/wp-content\/uploads\/2016\/05\/Champ_riz_teikei.jpg\" alt=\"Champ_riz_teikei\" width=\"600\" height=\"338\" srcset=\"http:\/\/lesjardinsdelaroussiere.fr\/wp-content\/uploads\/2016\/05\/Champ_riz_teikei.jpg 600w, http:\/\/lesjardinsdelaroussiere.fr\/wp-content\/uploads\/2016\/05\/Champ_riz_teikei-300x169.jpg 300w, http:\/\/lesjardinsdelaroussiere.fr\/wp-content\/uploads\/2016\/05\/Champ_riz_teikei-500x282.jpg 500w\" sizes=\"(max-width: 600px) 100vw, 600px\" \/><\/a><!--more--><\/p>\n<p style=\"text-align: justify;\">Comme toute doctrine, celle-ci est le fruit d&rsquo;un long processus de maturation, les racines sont \u00e0 chercher au d\u00e9but du XX\u00e8me si\u00e8cle, dans les ann\u00e9es 1920 pour \u00eatre plus pr\u00e9cis, mais c&rsquo;est v\u00e9ritablement au cours des ann\u00e9es 80 que l&rsquo;impulsion la plus significative a \u00e9t\u00e9 donn\u00e9e en Occident, notamment aux Etats-Unis qui se sont elles m\u00eames inspir\u00e9es d&rsquo;id\u00e9es et de concepts issus d&rsquo;Europe, plus particuli\u00e8rement des \u00ab\u00a0food guilds\u00a0\u00bb Suisses par exemple (rebaptis\u00e9es depuis \u00ab\u00a0Agriculture Contractuelle de Proximit\u00e9).<\/p>\n<p style=\"text-align: justify;\">Ces ann\u00e9es 80 d\u00e9cid\u00e9ment fertiles en id\u00e9es de tout genre ont \u00e9galement \u00e9t\u00e9 \u00e0 l&rsquo;origine du d\u00e9veloppement de l&rsquo;agriculture biologique qui fut en partie une r\u00e9action \u00e0 la soci\u00e9t\u00e9 de consommation en plein essor, apr\u00e8s juste deux d\u00e9cennies, et qui n&rsquo;avait pas encore produit le pire survenu lors de celles qui suivirent&#8230;<\/p>\n<p style=\"text-align: justify;\">Ces fameuses ann\u00e9es 80 ont vu les produits de l&rsquo;industrie exploser avec les engrais, les d\u00e9sherbants (le fameux Roundup de Monsanto), les antiparasites (agent orange, D.D.T, l&rsquo;Aldrine), permettant de d\u00e9cupler les productions afin de r\u00e9pondre \u00e0 des besoins en constante expansion \u00e0 des co\u00fbts les plus bas possibles.<\/p>\n<p style=\"text-align: justify;\">A l&rsquo;autre bout du monde, au Japon, pour des raisons similaires, un autre mouvement est n\u00e9 qui curieusement est rest\u00e9 local, il s&rsquo;agit du \u00ab\u00a0<em>teikei<\/em>\u00ab\u00a0, <strong>car il n&rsquo;y a jamais eu officiellement d&rsquo;\u00e9change entre ce pays et l&rsquo;Europe ou les Etats-Unis dans les ann\u00e9es 1960, ni dans l&rsquo;apparition des C.S.A (Community Suuported Agriculture) aux Etats-Unis comme cela est couramment affirm\u00e9 dans nombre d&rsquo;articles.<\/strong><\/p>\n<p style=\"text-align: justify;\">2 Septembre 1945, le Japon signe les actes de capitulation, s&rsquo;ensuit un effort de reconstruction\u00a0sans\u00a0pr\u00e9c\u00e9dent\u00a0pour un pays\u00a0totalement exsangue en hommes et en ressources premi\u00e8res, gr\u00e2ce notamment aux Etats-Unis sans qui cela aurait \u00e9t\u00e9 impossible ou bien plus long.<\/p>\n<p style=\"text-align: justify;\">Le 8 Septembre 1951 le trait\u00e9 de San-Francisco signe le d\u00e9but de la paix\u00a0officielle entre la Japon et les alli\u00e9s qui\u00a0met fin \u00e0 l&rsquo;occupation du pays avec\u00a0son cort\u00e8ge de mis\u00e8re et de famines au d\u00e9but de l&rsquo;occupation am\u00e9ricaine.<\/p>\n<p style=\"text-align: justify;\"><a href=\"http:\/\/www.lesjardinsdelaroussiere.fr\/?attachment_id=7599\" rel=\"attachment wp-att-7599\"><img decoding=\"async\" loading=\"lazy\" class=\"aligncenter size-full wp-image-7599\" src=\"http:\/\/lesjardinsdelaroussiere.fr\/wp-content\/uploads\/2016\/05\/Signature_armistice_Japon.png\" alt=\"Signature_armistice_Japon\" width=\"600\" height=\"317\" srcset=\"http:\/\/lesjardinsdelaroussiere.fr\/wp-content\/uploads\/2016\/05\/Signature_armistice_Japon.png 600w, http:\/\/lesjardinsdelaroussiere.fr\/wp-content\/uploads\/2016\/05\/Signature_armistice_Japon-300x159.png 300w, http:\/\/lesjardinsdelaroussiere.fr\/wp-content\/uploads\/2016\/05\/Signature_armistice_Japon-500x264.png 500w\" sizes=\"(max-width: 600px) 100vw, 600px\" \/><\/a><\/p>\n<p style=\"text-align: justify;\">Gr\u00e2ce au plan Dodge sign\u00e9 en 1949 (accord financier de 1,8 milliards de dollars pour permettre au Japon de retrouver son ind\u00e9pendance \u00e9conomique) \u00e0 partir de 1952 le Japon commence \u00e0 sortir la t\u00eate de l&rsquo;eau, mais c&rsquo;est\u00a0la guerre de Cor\u00e9e qui donnera l&rsquo;impulsion suppl\u00e9mentaire via les commandes en mat\u00e9riel militaire (v\u00e9hicules surtout).<\/p>\n<p style=\"text-align: justify;\">La balance commerciale du Japon passe de -794 millions de dollars en 1954 \u00e0 -140 millions en 1959, puis devient exc\u00e9dentaire au d\u00e9but des ann\u00e9es 1960.<\/p>\n<p style=\"text-align: justify;\">C&rsquo;est d&rsquo;ailleurs dans les ann\u00e9es 1960 que s&rsquo;op\u00e8re le fameux \u00ab\u00a0miracle \u00e9conomique japonais\u00a0\u00bb, faisant du Japon la deuxi\u00e8me puissance mondiale !<br \/>\nLa main d&rsquo;\u0153uvre japonaise par sa grande productivit\u00e9, son sens aigu de la hi\u00e9rarchie,\u00a0 alli\u00e9es \u00e0 une production de masse et de qualit\u00e9, va permettre une croissance spectaculaire qui ne se d\u00e9mentira pas pendant pr\u00e8s de 3 d\u00e9cennies, des ann\u00e9es 1960 aux ann\u00e9es 1980, avec un PNB croissant de plus de 10% par an !<\/p>\n<p style=\"text-align: justify;\">La p\u00e9riode 1960 \u00e0 1970 a \u00e9t\u00e9 surnomm\u00e9e \u00ab\u00a0boom Izanagi\u00a0\u00bb (nom d&rsquo;une divinit\u00e9 co-cr\u00e9ateur du monde et du Japon).<br \/>\nLe puissant M.I.T.I (Minist\u00e8re de l&rsquo;Industrie et du Commerce Internationale japonais) jouera un r\u00f4le capital dans la gestion et la coordination des importations et des exportations, de m\u00eame que la banque centrale Japonaise qui saura fournir des financements \u00e0 taux attractifs.<\/p>\n<p style=\"text-align: justify;\"><a href=\"http:\/\/www.lesjardinsdelaroussiere.fr\/?attachment_id=7600\" rel=\"attachment wp-att-7600\"><img decoding=\"async\" loading=\"lazy\" class=\"aligncenter size-full wp-image-7600\" src=\"http:\/\/lesjardinsdelaroussiere.fr\/wp-content\/uploads\/2016\/05\/Automobiles_Nissan_depart_USA.png\" alt=\"Automobiles_Nissan_depart_USA\" width=\"600\" height=\"434\" srcset=\"http:\/\/lesjardinsdelaroussiere.fr\/wp-content\/uploads\/2016\/05\/Automobiles_Nissan_depart_USA.png 600w, http:\/\/lesjardinsdelaroussiere.fr\/wp-content\/uploads\/2016\/05\/Automobiles_Nissan_depart_USA-300x217.png 300w, http:\/\/lesjardinsdelaroussiere.fr\/wp-content\/uploads\/2016\/05\/Automobiles_Nissan_depart_USA-415x300.png 415w\" sizes=\"(max-width: 600px) 100vw, 600px\" \/><\/a><\/p>\n<p style=\"text-align: justify;\">D\u00e8s lors la soci\u00e9t\u00e9 de consommation s&rsquo;installe, tout comme en Europe et aux Etats-Unis, les machines tournent \u00e0 plein rendement, les populations consomment en masse, les circuits de distribution voient le nombre des grandes surfaces exploser pour r\u00e9pondre \u00e0 la demande, la sant\u00e9 s&rsquo;am\u00e9liore, la natalit\u00e9 est en plein boom, c&rsquo;est le retour de la prosp\u00e9rit\u00e9 !<\/p>\n<p style=\"text-align: justify;\">Mais h\u00e9las, tout \u00e0 un prix, et si l&rsquo;\u00e9conomie prosp\u00e8re, la sant\u00e9 et la dur\u00e9e de vie s&rsquo;am\u00e9liorent spectaculairement, la technologie apporte son lot de d\u00e9couvertes toutes plus innovantes\u00a0en cette deuxi\u00e8me moiti\u00e9 du bouillonnant XX\u00e8me si\u00e8cle,\u00a0la Nature fait parfois les frais de cette fr\u00e9n\u00e9sie et le tableau idyllique commence \u00e0 se couvrir\u00a0de t\u00e2ches&#8230;<\/p>\n<p style=\"text-align: justify;\">Au Japon, l\u2019\u00e9v\u00e9nement qui servira de \u00ab\u00a0catalyseur\u00a0\u00bb, c&rsquo;est la d\u00e9couverte d&rsquo;une pollution invisible qui s&rsquo;est op\u00e9r\u00e9e insidieusement pendant\u00a0des d\u00e9cennies\u00a0dans une petite ville c\u00f4ti\u00e8re situ\u00e9e sur l&rsquo;\u00eele de Kyushu avec l&rsquo;oxyde de mercure utilis\u00e9 comme catalyseur produit par l&rsquo;usine p\u00e9trochimique Chisso \u00e0 partir de 1932 \u00e0&#8230; Minamata !<\/p>\n<p style=\"text-align: justify;\">Apr\u00e8s 20 ans, les premiers sympt\u00f4mes apparaissent en attaquant le syst\u00e8me nerveux (perte de motricit\u00e9, r\u00e9duction du champ visuel, alt\u00e9ration\u00a0de l&rsquo;audition, troubles de la sensibilit\u00e9, alt\u00e9ration de la parole, troubles mentaux l\u00e9gers, etc&#8230;.), et en g\u00e9n\u00e9rant de nombreuses malformations cong\u00e9nitales !<\/p>\n<p style=\"text-align: justify;\">Le bilan est effroyable, apr\u00e8s plus de 30 ans de pollution, de 1932 \u00e0 1966, ce sont plus de 13 000 personnes qui auront \u00e9t\u00e9 plus ou moins touch\u00e9es par la \u00ab\u00a0maladie de Minamata\u00a0\u00bb, 900 personnes d\u00e9c\u00e9d\u00e9es et 400 tonnes de mercure d\u00e9vers\u00e9es dans la Nature&#8230;<\/p>\n<p style=\"text-align: justify;\">Plus pernicieux, la pollution li\u00e9e \u00e0 l&rsquo;industrie et aux transports n&rsquo;a pas encore fait parler d&rsquo;elle, mais elle contribue \u00e9galement silencieusement \u00e0 la d\u00e9t\u00e9rioration de l&rsquo;environnement, la prise de conscience n&rsquo;interviendra que plus tard&#8230;<\/p>\n<p style=\"text-align: justify;\">Pour l&rsquo;heure, les premi\u00e8res maladies issues de l&rsquo;usage des produits de synth\u00e8se commencent \u00e0 se manifester aupr\u00e8s des professionnels, dans l&rsquo;industrie mais \u00e9galement dans l&rsquo;agriculture&#8230;<\/p>\n<p style=\"text-align: justify;\"><a href=\"http:\/\/www.lesjardinsdelaroussiere.fr\/?attachment_id=7608\" rel=\"attachment wp-att-7608\"><img decoding=\"async\" loading=\"lazy\" class=\"aligncenter size-full wp-image-7608\" src=\"http:\/\/lesjardinsdelaroussiere.fr\/wp-content\/uploads\/2016\/05\/Illustration_pollution.jpg\" alt=\"Illustration_pollution\" width=\"550\" height=\"368\" srcset=\"http:\/\/lesjardinsdelaroussiere.fr\/wp-content\/uploads\/2016\/05\/Illustration_pollution.jpg 550w, http:\/\/lesjardinsdelaroussiere.fr\/wp-content\/uploads\/2016\/05\/Illustration_pollution-300x201.jpg 300w, http:\/\/lesjardinsdelaroussiere.fr\/wp-content\/uploads\/2016\/05\/Illustration_pollution-448x300.jpg 448w\" sizes=\"(max-width: 550px) 100vw, 550px\" \/><\/a><\/p>\n<p style=\"text-align: justify;\">Cette catastrophe n&rsquo;est qu&rsquo;un des \u00e9l\u00e9ments de l&rsquo;\u00e9quation, il convient d&rsquo;ajouter l&rsquo;usage de quantit\u00e9s impressionnantes d&rsquo;engrais, de fertilisants, d&rsquo;herbicides et de pesticides pour doper les cultures, mais \u00e9galement les mutations qui s&rsquo;op\u00e8rent sur la soci\u00e9t\u00e9 de consommation notamment l&rsquo;explosion des grandes surfaces qui font peu \u00e0 peu reculer les petits commerces au d\u00e9triment des multiples interm\u00e9diaires de la nouvelle cha\u00eene de commercialisation.<\/p>\n<p style=\"text-align: justify;\">Nous n&rsquo;en sommes pas encore \u00e0 l&rsquo;explosion des nouvelles technologies de l&rsquo;information et de la Communication (N.T.I.C) , mais on constate d\u00e9j\u00e0 un d\u00e9litement du tissu relationnel qui s&rsquo;\u00e9tait patiemment tiss\u00e9 pendant des si\u00e8cles entre les producteurs (agriculteurs ou commer\u00e7ants et artisans) et les consommateurs !<\/p>\n<p style=\"text-align: justify;\">D&rsquo;un rapport humain, on passe \u00e0 une vaste toile anonyme o\u00f9 les interactions sont sans cesse plus br\u00e8ves et o\u00f9\u00a0la rentabilit\u00e9\u00a0prend une place pr\u00e9pond\u00e9rante.<\/p>\n<p style=\"text-align: justify;\">Enfin, et c&rsquo;est plus sp\u00e9cialement vrai au Japon, le boom Izanagi se traduit par une urbanisation galopante qui vide peu \u00e0 peu les campagnes, une augmentation du trafic routier, l&rsquo;apparition de la d\u00e9linquance,\u00a0et une explosion d\u00e9mographique sans pr\u00e9c\u00e8dent qui explique d&rsquo;ailleurs en partie l&rsquo;ampleur de ce ph\u00e9nom\u00e8ne !<\/p>\n<p style=\"text-align: justify;\">Pour un pays comme\u00a0le Japon o\u00f9 la culture ancestrale reste profond\u00e9ment ancr\u00e9e et le ciment de la famille, tout cela fait perdre les rep\u00e8res pour certains qui souhaitent pr\u00e9server ces valeurs sans pour autant parler de nostalgie&#8230;<\/p>\n<p style=\"text-align: justify;\">Tous ces facteurs et quelques autres encore, composeront le \u00ab\u00a0terreau\u00a0\u00bb o\u00f9 na\u00eetra le syst\u00e8me \u00ab\u00a0<em>teikei<\/em>\u00a0\u00bb qui en japonais signifie \u00ab\u00a0partenariat \/ coop\u00e9ration \/ collaboration\u00a0\u00bb.<br \/>\nTout est dit !<\/p>\n<p style=\"text-align: justify;\">En 1970, apr\u00e8s de nombreuses r\u00e9unions, na\u00eet l&rsquo;Association Japonaise pour l&rsquo;Agriculture Biologique, fond\u00e9e par Ichiraku TERUO, et paradoxalement ce ne sont pas des personnes issues de l&rsquo;agriculture qui composent majoritairement celle-ci, les profils sont tr\u00e8s vari\u00e9s puisque l&rsquo;on trouve des \u00e9tudiants, des fonctionnaires, des scientifiques, des ing\u00e9nieurs !<br \/>\nCette association encadrera et dynamisera par la suite les groupes de <em>teikei<\/em>.<\/p>\n<p style=\"text-align: justify;\">On retrouve les m\u00eames bases qu&rsquo;\u00e9voqu\u00e9es en d\u00e9but de cet article, une relation directe entre le producteur et le consommateur, pas de contr\u00f4le bureaucratique, des prix comp\u00e9titifs.<\/p>\n<p style=\"text-align: justify;\">Le <em>teikei<\/em> est bas\u00e9 sur 10 principes tels que les a \u00e9dict\u00e9s Ishiraku TERUO\u00a0et vous constaterez que ce sont ceux qui perdurent aujourd&rsquo;hui dans nos AMAP :<\/p>\n<ul>\n<li style=\"text-align: justify;\">\u00a01. \u00c9tablir des liens cordiaux et cr\u00e9atifs, pas seulement des relations \u00e9conomiques<\/li>\n<li style=\"text-align: justify;\">\u00a02. Produire selon une charte \u00e9tablie par les producteurs et les consommateurs<\/li>\n<li style=\"text-align: justify;\">\u00a03. Accepter les produits propos\u00e9s par le producteur<\/li>\n<li style=\"text-align: justify;\">\u00a04. \u00c9tablir un prix qui conviennent aux deux parties<\/li>\n<li style=\"text-align: justify;\">\u00a05. Favoriser la communication afin d\u2019assurer le respect et la confiance mutuels<\/li>\n<li style=\"text-align: justify;\">\u00a06. Organiser la distribution, soit par les consommateurs eux-m\u00eames ou par les producteurs<\/li>\n<li style=\"text-align: justify;\">\u00a07. Respecter la d\u00e9mocratie dans toutes les activit\u00e9s<\/li>\n<li style=\"text-align: justify;\">\u00a08. S\u2019informer sur tous les sujets concernant l\u2019agriculture biologique<\/li>\n<li style=\"text-align: justify;\">\u00a09. Maintenir un nombre d\u2019adh\u00e9rents suffisant dans chaque groupe<\/li>\n<li style=\"text-align: justify;\">10.Progresser, m\u00eame lentement, vers l\u2019objectif final qui est d\u2019instaurer l\u2019agriculture biologique et l\u2019\u00e9cologie.<\/li>\n<\/ul>\n<p style=\"text-align: justify;\">Il faut pr\u00e9ciser qu&rsquo;au Japon, la naissance de l&rsquo;agriculture \u00ab\u00a0moderne\u00a0\u00bb est issue de la r\u00e9forme agraire qui a eu lieu en 1946 et a \u00e9t\u00e9 suivie par la \u00ab\u00a0la loi fondamentale agraire\u00a0\u00bb en 1961.<\/p>\n<p>Les 3 caract\u00e9ristiques des <em>teikei<\/em> sont selon les sp\u00e9cialistes :<\/p>\n<ul>\n<li>Le principe du respect du cycle de vie biologique et physique<\/li>\n<li>le principe de coop\u00e9ration entre producteurs et consommateurs<\/li>\n<li>le principe d&rsquo;autosuffisance locale<\/li>\n<\/ul>\n<p style=\"text-align: justify;\">Le deuxi\u00e8me principe constituera l&rsquo;un des noyaux durs du d\u00e9veloppement des C.S.A (Community Supported Agriculture) aux USA et des AMAP en France.<\/p>\n<p style=\"text-align: justify;\">Au Japon, il sera la base de la refonte de la relation qui s&rsquo;\u00e9tait progressivement substitu\u00e9e \u00e0 cette derni\u00e8re du fait de l&rsquo;apparition des nouveaux circuits de production et de distribution.<\/p>\n<p style=\"text-align: justify;\">Ce que souhaitaient les pr\u00e9curseurs, outre le fait de faire prendre conscience que les probl\u00e9matiques sociales et environnementales d\u00e9coulaient de ces nouveaux sch\u00e9mas, c&rsquo;\u00e9tait de faire voler en \u00e9clats le nouveau mod\u00e8le impos\u00e9 par l&rsquo;acte marchand, celui o\u00f9 l&rsquo;argent pr\u00e9domine, o\u00f9 la position de force fait pr\u00e9valoir l&rsquo;issue de la n\u00e9gociation,\u00a0au d\u00e9triment de l&rsquo;\u00e9change initial, vu plut\u00f4t comme une aide !<\/p>\n<p style=\"text-align: justify;\">Bien \u00e9videmment, cette d\u00e9marche locale il faut le rappeler, sans aucune aide de l&rsquo;\u00e9tat, ne s&rsquo;est pas op\u00e9r\u00e9e en un jour, il a fallu trouver ses marques.<\/p>\n<p style=\"text-align: justify;\">Un exemple qui revient souvent dans les articles consacr\u00e9s aux <em>teiki<\/em> et assez repr\u00e9sentatif de cet empirisme est celui de la ferme de Kaneko Yoshinori \u00e0 Ogawa.<\/p>\n<p style=\"text-align: justify;\"><a href=\"http:\/\/www.lesjardinsdelaroussiere.fr\/?attachment_id=7603\" rel=\"attachment wp-att-7603\"><img decoding=\"async\" loading=\"lazy\" class=\"aligncenter size-full wp-image-7603\" src=\"http:\/\/lesjardinsdelaroussiere.fr\/wp-content\/uploads\/2016\/05\/Producteur_teikei_annees_70.png\" alt=\"Producteur_teikei_annees_70\" width=\"500\" height=\"333\" srcset=\"http:\/\/lesjardinsdelaroussiere.fr\/wp-content\/uploads\/2016\/05\/Producteur_teikei_annees_70.png 500w, http:\/\/lesjardinsdelaroussiere.fr\/wp-content\/uploads\/2016\/05\/Producteur_teikei_annees_70-300x200.png 300w, http:\/\/lesjardinsdelaroussiere.fr\/wp-content\/uploads\/2016\/05\/Producteur_teikei_annees_70-450x300.png 450w\" sizes=\"(max-width: 500px) 100vw, 500px\" \/><\/a><\/p>\n<p style=\"text-align: justify;\">En 1971, il d\u00e9cide de cr\u00e9er une \u00ab\u00a0zone d&rsquo;autosuffisance\u00a0\u00bb fond\u00e9e sur un principe de partenariat afin de restaurer le lien de confiance entre le producteur et le consommateur en produisant les meilleurs produits au co\u00fbt le plus bas possible.<\/p>\n<p style=\"text-align: justify;\">Pour lui il ne fallait pas m\u00e9langer ces produits avec n&rsquo;importe quel autre, des couches culottes, des v\u00eatements, etc..<\/p>\n<p style=\"text-align: justify;\">La ferme a commenc\u00e9 en 1975 avec 10 \u00ab\u00a0abonn\u00e9s\u00a0\u00bb, des m\u00e8res de famille essentiellement, auxquelles il assurait deux livraisons par semaine, essentiellement en riz.<\/p>\n<p style=\"text-align: justify;\">C&rsquo;\u00e9tait le r\u00e9sultat de ses calculs de production compte tenu de la surface de terrain de sa ferme.<br \/>\nAfin de recruter ses \u00ab\u00a0abonn\u00e9(e)s\u00a0\u00bb, il invitait les m\u00e9nag\u00e8res \u00e0 rejoindre des cercles de lecture au sein desquels \u00e9taient abord\u00e9s des th\u00e8mes comme \u00ab\u00a0l&rsquo;unicit\u00e9 du corps et l&rsquo;environnement\u00a0\u00bb, \u00ab\u00a0La valeur de la nourriture et les vertus di\u00e9t\u00e9tiques du repas traditionnel japonais\u00a0\u00bb&#8230;<\/p>\n<p style=\"text-align: justify;\">Les \u00ab\u00a0abonn\u00e9s\u00a0\u00bb devaient participer aux travaux agricoles, notamment le\u00a0d\u00e9sherbage afin qu&rsquo;ils d\u00e9couvrent la vie sur une exploitation, bref une fa\u00e7on p\u00e9dagogique d&rsquo;impliquer les consommateurs par la d\u00e9couverte active&#8230;<\/p>\n<p style=\"text-align: justify;\">Le hic, c&rsquo;est que quels que soient les niveaux de production, selon les al\u00e9as climatiques ou techniques, il fallait payer le m\u00eame prix, de plus la cotisation \u00e9tait bien\u00a0trop \u00e9lev\u00e9e par rapport \u00e0 ce\u00a0qu&rsquo;il fallait payer en supermarch\u00e9 !<\/p>\n<p style=\"text-align: justify;\">Des consid\u00e9rations politiques sont venues apport\u00e9es le coup de gr\u00e2ce, mais elles sortent de ce contexte, et 25 mois plus tard, Kaneko d\u00fbt abandonner&#8230;<\/p>\n<p style=\"text-align: justify;\">Pers\u00e9v\u00e9rant, tirant les le\u00e7ons de son \u00e9chec, exploitant une autre subtilit\u00e9 de la r\u00e9gion, Kaneko est parti sur un autre mod\u00e8le mais qui respectait toujours les principes de base, \u00e0 savoir un lien direct, un partage et non une transaction mon\u00e9taire.<\/p>\n<p style=\"text-align: justify;\">Il s&rsquo;agissait d&rsquo;un mod\u00e8le tout \u00e0 fait original bas\u00e9 sur la&#8230; gratitude, appel\u00e9 \u00ab\u00a0<em>oreisei<\/em>\u00a0\u00bb en japonais.<br \/>\nDans ce mod\u00e8le, ce sont les consommateurs eux-m\u00eames qui d\u00e9terminent le prix des l\u00e9gumes, de m\u00eame fixent-ils les dates auxquelles ils souhaitent \u00eatre livr\u00e9s\u00a0!<br \/>\nDans cette optique, le paiement est vu non pas comme un \u00ab\u00a0juste prix\u00a0\u00bb, mais plus comme une forme de remerciement, un\u00a0cadeau !<\/p>\n<p style=\"text-align: justify;\">Comme \u00e9voqu\u00e9 un peu plus haut, il convient de pr\u00e9ciser que ce mod\u00e8le a \u00e9t\u00e9 accept\u00e9 facilement dans la mesure o\u00f9 dans ce village existe un autre syst\u00e8me ancien dont l&rsquo;origine est inconnue et qui veut que par exemple la famille de producteur A produise des tomates mais n&rsquo;a pas le droit de produire des pommes de terre, la ferme B produira des pommes de terre mais pas de tomates et gardera la part de A, et r\u00e9ciproquement.<\/p>\n<p style=\"text-align: justify;\">S&rsquo;installe d\u00e8s lors un syst\u00e8me de troc ou de dons qui ne l\u00e8se personne.<br \/>\nCe fut la source d&rsquo;inspiration de de Kaneko pour son syst\u00e8me <em>oreisei<\/em>.<\/p>\n<p style=\"text-align: justify;\">Au final, au del\u00e0 du tabou \u00e9voqu\u00e9 ci-dessus, persistait la valeur fondamentale, l&rsquo;esprit d&rsquo;entraide, la pr\u00e9servation des liens communautaires, les valeurs humaines qui ont toujours exist\u00e9 depuis les premiers \u00e9changes.<\/p>\n<p style=\"text-align: justify;\">Ce qui prime dans cette philosophie c&rsquo;est de voir cette transaction non pas comme une valeur d&rsquo;\u00e9change avec un prix,\u00a0 mais comme une valeur d&rsquo;usage.<\/p>\n<p style=\"text-align: justify;\">Le syst\u00e8me de don n&rsquo;instaure pas une\u00a0division de la richesse, mais un partage.<\/p>\n<p style=\"text-align: justify;\">Il fallut de longues ann\u00e9es pour que le syst\u00e8me soit compris et fasse des \u00e9mules car longtemps Kaneko a \u00e9t\u00e9 pris pour un ahuri !<\/p>\n<p style=\"text-align: justify;\">Kaneko avait pouss\u00e9 tr\u00e8s loin son id\u00e9e originelle d&rsquo;autosuffisance car il est parvenu progressivement \u00e0 l&rsquo;appliquer \u00e0 l&rsquo;ensemble de son exploitation.<\/p>\n<p style=\"text-align: justify;\">Il a eu recourt bien \u00e9videmment aux \u00e9nergies renouvelables, le photovolta\u00efque pour alimenter entre autre les cl\u00f4tures contre les animaux sauvages, le compost par fermentation des&#8230; excr\u00e9ments humains et les eaux us\u00e9es envoy\u00e9s vers une usine de biogaz, un syst\u00e8me en circuit ferm\u00e9 pour la production de m\u00e9thanol, des fertilisants liquides pour fumer les terres, un tracteur fonctionnant aux huiles de r\u00e9cup\u00e9ration, une chaudi\u00e8re au bois pour chauffer le sol et son eau chaude, etc&#8230;<\/p>\n<p style=\"text-align: justify;\">Ce qui a fait la force des <em>teikei<\/em>, c&rsquo;est donc le fait de favoriser une agriculture locale , \u00e0 dimension humaine (30 \u00e0 100 familles locales en r\u00e8gle g\u00e9n\u00e9rale) cultivant des l\u00e9gumes tr\u00e8s vari\u00e9s, parfois jusqu&rsquo;\u00e0 80 sortes diff\u00e9rentes, la mise en place de syst\u00e8mes complexes de rotation des cultures qui ont par la m\u00eame occasion permis de conserver la diversit\u00e9 naturelle disparaissant autrement avec les monocultures intensives ou l&rsquo;usage des hybrides.<br \/>\nLe circuit court r\u00e9sout les probl\u00e8mes de pollution li\u00e9s au transport des marchandises parfois situ\u00e9es \u00e0 l&rsquo;autre bout du monde, les co\u00fbts li\u00e9s aux emballages, au marketing, disparaissent \u00e9galement,\u00a0l&rsquo;autosuffisance ancestrale\u00a0s&rsquo;instaure.<\/p>\n<p style=\"text-align: justify;\">Qu&rsquo;en est-il des <em>teikei<\/em> aujourd&rsquo;hui ?<\/p>\n<p style=\"text-align: justify;\">Depuis qu&rsquo;ils ont \u00e9t\u00e9 cr\u00e9\u00e9s ceux-ci ont toujours gard\u00e9 leur autonomie vis \u00e0 vis de l&rsquo;Etat, du monde des affaires, il n&rsquo;y a jamais eu de contr\u00f4les contraignants, de normes castratrices, mais h\u00e9las, avec l&rsquo;expansion prise par la production bio, le gouvernement ne peut plus consid\u00e9rer ceux-ci comme une production marginale, des lois rendent dor\u00e9navant obligatoires les contr\u00f4les, le respect de normes \u00e9dict\u00e9es par un organisme officiel sous peine de ne plus pouvoir arborer le label \u00ab\u00a0biologique\u00a0\u00bb.<\/p>\n<p style=\"text-align: justify;\">Mais ce qui pose probl\u00e8me, c&rsquo;est que la plupart des normes sont reprises sur celles appliqu\u00e9es en Europe ou aux Etats-Unis, pour des climats qui ne sont absolument pas assujettis \u00e0 la mousson des pays asiatiques, les frais d&rsquo;inspection et de certification menacent de remettre en cause le fragile \u00e9quilibre \u00e9conomique cr\u00e9\u00e9 et les prix raisonnables risquent de subir une flamb\u00e9e n\u00e9faste&#8230;<\/p>\n<p style=\"text-align: justify;\">Ceci pourrait \u00e0 terme signifier la fin d&rsquo;un mod\u00e8le original car en voulant substituer un contr\u00f4le de l&rsquo;Etat \u00e0 une confiance et un engagement qui \u00e9taient tacites, on brise cette saine relation.<\/p>\n<p style=\"text-align: justify;\">Peut-\u00eatre est-ce la goutte d&rsquo;eau de trop sachant que ces derni\u00e8res ann\u00e9es, du fait de la croissance urbaine, les consommateurs se sont petit \u00e0 petit group\u00e9s en coop\u00e9ratives de consommation commercialisant les produits issus de l&rsquo;agriculture biologique et la catastrophe de Fukushima a \u00e9galement apport\u00e9 son lot de scandales et de remises en question pour les agriculteurs qui ont tent\u00e9 de vendre leurs produits&#8230;<\/p>\n<p style=\"text-align: justify;\">Le temps o\u00f9 les <em>teikei<\/em> repr\u00e9sentaient 1 foyer sur 4 semble (environ 16 millions de personnes) r\u00e9volu&#8230;<\/p>\n<p style=\"text-align: justify;\">Nos AMAP qui ont d\u00fb tr\u00e8s t\u00f4t faire face \u00e0 une partie des probl\u00e9matiques \u00e9voqu\u00e9es (nonobstant la catastrophe de Fukushima) ont su trouver leur voie, il est vrai qu&rsquo;historiquement l&rsquo;agriculture a gard\u00e9 une place pr\u00e9pond\u00e9rante et les contraintes tant g\u00e9ographiques que climatiques\u00a0ne sont pas les\u00a0m\u00eames !<\/p>\n<p style=\"text-align: justify;\">Cette fili\u00e8re relativement jeune, car il faut le rappeler, le mouvement est n\u00e9 chez nous en 2001, ne repr\u00e9sente aujourd&rsquo;hui en France \u00ab\u00a0que\u00a0\u00bb 4 milliards d&rsquo;euros pour une part d&rsquo;un peu plus de 2,5% de l&rsquo;ensemble de la consommation des m\u00e9nages fran\u00e7ais dans l&rsquo;alimentaire, mais c&rsquo;est un formidable maillage\u00a0 plus de 1 600 AMAPs qui approvisionne un peu plus de 50 000 familles, soit environ 200 000 personnes, en constante progression&#8230;<\/p>\n<p style=\"text-align: justify;\"><em>Le Webmaster<\/em>.<\/p>\n<p style=\"text-align: justify;\"><strong>Sources :<\/strong><\/p>\n<ul>\n<li style=\"text-align: justify;\"><a href=\"https:\/\/fr.wikipedia.org\/wiki\/Localisme\" target=\"_blank\">https:\/\/fr.wikipedia.org\/wiki\/Localisme<\/a><\/li>\n<li style=\"text-align: justify;\"><a href=\"https:\/\/gc.revues.org\/2900\" target=\"_blank\">https:\/\/gc.revues.org\/2900<\/a><\/li>\n<li style=\"text-align: justify;\"><a href=\"http:\/\/www.japoninfos.com\/Les-Teikeis-au-Japon.html\" target=\"_blank\">http:\/\/www.japoninfos.com\/Les-Teikeis-au-Japon.html<\/a><\/li>\n<li style=\"text-align: justify;\"><a href=\"http:\/\/ourworld.unu.edu\/en\/field-trip-to-an-agroecological-teikei-family-farm\" target=\"_blank\">http:\/\/ourworld.unu.edu\/en\/field-trip-to-an-agroecological-teikei-family-farm<\/a><\/li>\n<\/ul>\n<p style=\"text-align: justify;\">\n","protected":false},"excerpt":{"rendered":"<p>Bonjour \u00e0 toutes et \u00e0 tous, Vous \u00eates AMAPienne ou AMAPien, vous vous \u00eates probablement renseign\u00e9 sur ce qu&rsquo;est une AMAP, ou vous avez particip\u00e9 \u00e0 des r\u00e9unions, obtenu des informations en discutant avec nos producteurs. L&rsquo;AMAP est issue, comme &hellip; <a href=\"https:\/\/www.lesjardinsdelaroussiere.fr\/?p=7597\">Continuer la lecture <span class=\"meta-nav\">&rarr;<\/span><\/a><\/p>\n","protected":false},"author":2,"featured_media":0,"comment_status":"open","ping_status":"open","sticky":false,"template":"","format":"standard","meta":[],"categories":[6],"tags":[356,358,359,357,355,360,361,354],"views":2963,"_links":{"self":[{"href":"https:\/\/www.lesjardinsdelaroussiere.fr\/index.php?rest_route=\/wp\/v2\/posts\/7597"}],"collection":[{"href":"https:\/\/www.lesjardinsdelaroussiere.fr\/index.php?rest_route=\/wp\/v2\/posts"}],"about":[{"href":"https:\/\/www.lesjardinsdelaroussiere.fr\/index.php?rest_route=\/wp\/v2\/types\/post"}],"author":[{"embeddable":true,"href":"https:\/\/www.lesjardinsdelaroussiere.fr\/index.php?rest_route=\/wp\/v2\/users\/2"}],"replies":[{"embeddable":true,"href":"https:\/\/www.lesjardinsdelaroussiere.fr\/index.php?rest_route=%2Fwp%2Fv2%2Fcomments&post=7597"}],"version-history":[{"count":10,"href":"https:\/\/www.lesjardinsdelaroussiere.fr\/index.php?rest_route=\/wp\/v2\/posts\/7597\/revisions"}],"predecessor-version":[{"id":7622,"href":"https:\/\/www.lesjardinsdelaroussiere.fr\/index.php?rest_route=\/wp\/v2\/posts\/7597\/revisions\/7622"}],"wp:attachment":[{"href":"https:\/\/www.lesjardinsdelaroussiere.fr\/index.php?rest_route=%2Fwp%2Fv2%2Fmedia&parent=7597"}],"wp:term":[{"taxonomy":"category","embeddable":true,"href":"https:\/\/www.lesjardinsdelaroussiere.fr\/index.php?rest_route=%2Fwp%2Fv2%2Fcategories&post=7597"},{"taxonomy":"post_tag","embeddable":true,"href":"https:\/\/www.lesjardinsdelaroussiere.fr\/index.php?rest_route=%2Fwp%2Fv2%2Ftags&post=7597"}],"curies":[{"name":"wp","href":"https:\/\/api.w.org\/{rel}","templated":true}]}}