{"id":7541,"date":"2016-04-24T17:18:52","date_gmt":"2016-04-24T15:18:52","guid":{"rendered":"http:\/\/www.lesjardinsdelaroussiere.fr\/?p=7541"},"modified":"2016-05-09T17:22:22","modified_gmt":"2016-05-09T15:22:22","slug":"assemblee-generale-du-24-avril","status":"publish","type":"post","link":"https:\/\/www.lesjardinsdelaroussiere.fr\/?p=7541","title":{"rendered":"Assembl\u00e9e G\u00e9n\u00e9rale du 24 Avril"},"content":{"rendered":"<p>Bonjour \u00e0 toutes et \u00e0 tous,<\/p>\n<p style=\"text-align: justify;\">Chaque ann\u00e9e l\u2019association tend \u00e0 innover sur l\u2019organisation de l\u2019Assembl\u00e9e G\u00e9n\u00e9rale annuelle.<\/p>\n<p style=\"text-align: justify;\">Ainsi, cette ann\u00e9e elle fut organis\u00e9e le dimanche 24 Avril, chez S\u00e9verine notre mara\u00eech\u00e8re et autour d\u2019un bon repas confectionn\u00e9 par des membres du C.A.<\/p>\n<p style=\"text-align: justify;\">53 adultes et 16 enfants se sont donc retrouv\u00e9 dans une grange de la \u201cHaute Roussi\u00e8re\u201d am\u00e9nag\u00e9e pour l\u2019occasion.<\/p>\n<p style=\"text-align: justify;\"><a href=\"http:\/\/www.lesjardinsdelaroussiere.fr\/?attachment_id=7545\" rel=\"attachment wp-att-7545\"><img decoding=\"async\" loading=\"lazy\" class=\"aligncenter size-full wp-image-7545\" src=\"http:\/\/lesjardinsdelaroussiere.fr\/wp-content\/uploads\/2016\/05\/24042016_Participants_AG_02.jpg\" alt=\"24042016_Participants_AG_02\" width=\"600\" height=\"391\" srcset=\"http:\/\/lesjardinsdelaroussiere.fr\/wp-content\/uploads\/2016\/05\/24042016_Participants_AG_02.jpg 600w, http:\/\/lesjardinsdelaroussiere.fr\/wp-content\/uploads\/2016\/05\/24042016_Participants_AG_02-300x196.jpg 300w, http:\/\/lesjardinsdelaroussiere.fr\/wp-content\/uploads\/2016\/05\/24042016_Participants_AG_02-460x300.jpg 460w\" sizes=\"(max-width: 600px) 100vw, 600px\" \/><\/a><!--more--><\/p>\n<p style=\"text-align: justify;\"><a href=\"http:\/\/www.lesjardinsdelaroussiere.fr\/?attachment_id=7544\" rel=\"attachment wp-att-7544\"><img decoding=\"async\" loading=\"lazy\" class=\"aligncenter size-full wp-image-7544\" src=\"http:\/\/lesjardinsdelaroussiere.fr\/wp-content\/uploads\/2016\/05\/24042016_Participants_AG_01.jpg\" alt=\"24042016_Participants_AG_01\" width=\"600\" height=\"397\" srcset=\"http:\/\/lesjardinsdelaroussiere.fr\/wp-content\/uploads\/2016\/05\/24042016_Participants_AG_01.jpg 600w, http:\/\/lesjardinsdelaroussiere.fr\/wp-content\/uploads\/2016\/05\/24042016_Participants_AG_01-300x199.jpg 300w, http:\/\/lesjardinsdelaroussiere.fr\/wp-content\/uploads\/2016\/05\/24042016_Participants_AG_01-453x300.jpg 453w\" sizes=\"(max-width: 600px) 100vw, 600px\" \/><\/a><\/p>\n<p style=\"text-align: justify;\">Apr\u00e8s un sympathique ap\u00e9ro d\u2019accueil sous le soleil printanier, nous avons d\u00e9gust\u00e9 un \u201c<strong><a href=\"http:\/\/www.finisteretourisme.com\/recette-du-kig-ha-farz\" target=\"_blank\">kig ha farz<\/a><\/strong>\u201d (pot au feu breton avec une farce), puis un entremet de la Ronde des fruits, le tout agr\u00e9ment\u00e9 d\u2019un vin bio local.<\/p>\n<p style=\"text-align: justify;\"><a href=\"http:\/\/www.lesjardinsdelaroussiere.fr\/?attachment_id=7542\" rel=\"attachment wp-att-7542\"><img decoding=\"async\" loading=\"lazy\" class=\"aligncenter size-full wp-image-7542\" src=\"http:\/\/lesjardinsdelaroussiere.fr\/wp-content\/uploads\/2016\/05\/24042016_Kig_ha_farz.jpg\" alt=\"24042016_Kig_ha_farz\" width=\"600\" height=\"397\" srcset=\"http:\/\/lesjardinsdelaroussiere.fr\/wp-content\/uploads\/2016\/05\/24042016_Kig_ha_farz.jpg 600w, http:\/\/lesjardinsdelaroussiere.fr\/wp-content\/uploads\/2016\/05\/24042016_Kig_ha_farz-300x199.jpg 300w, http:\/\/lesjardinsdelaroussiere.fr\/wp-content\/uploads\/2016\/05\/24042016_Kig_ha_farz-453x300.jpg 453w\" sizes=\"(max-width: 600px) 100vw, 600px\" \/><\/a><\/p>\n<p style=\"text-align: justify;\"><a href=\"http:\/\/www.lesjardinsdelaroussiere.fr\/?attachment_id=7546\" rel=\"attachment wp-att-7546\"><img decoding=\"async\" loading=\"lazy\" class=\"aligncenter size-full wp-image-7546\" src=\"http:\/\/lesjardinsdelaroussiere.fr\/wp-content\/uploads\/2016\/05\/24042016_Repas_AG.jpg\" alt=\"24042016_Repas_AG\" width=\"600\" height=\"397\" srcset=\"http:\/\/lesjardinsdelaroussiere.fr\/wp-content\/uploads\/2016\/05\/24042016_Repas_AG.jpg 600w, http:\/\/lesjardinsdelaroussiere.fr\/wp-content\/uploads\/2016\/05\/24042016_Repas_AG-300x199.jpg 300w, http:\/\/lesjardinsdelaroussiere.fr\/wp-content\/uploads\/2016\/05\/24042016_Repas_AG-453x300.jpg 453w\" sizes=\"(max-width: 600px) 100vw, 600px\" \/><\/a><\/p>\n<p style=\"text-align: justify;\">Lors de la phase \u201cA.G\u201d de cette journ\u00e9e, un bilan de l\u2019ann\u00e9e 2015 a \u00e9t\u00e9 pr\u00e9sent\u00e9 et tous les producteurs pr\u00e9sents ont pu \u00e9voquer leurs probl\u00e8mes ou satisfactions de l\u2019ann\u00e9e.<\/p>\n<p style=\"text-align: justify;\"><a href=\"http:\/\/www.lesjardinsdelaroussiere.fr\/?attachment_id=7547\" rel=\"attachment wp-att-7547\"><img decoding=\"async\" loading=\"lazy\" class=\"aligncenter size-full wp-image-7547\" src=\"http:\/\/lesjardinsdelaroussiere.fr\/wp-content\/uploads\/2016\/05\/24042016_Severine_AG.jpg\" alt=\"24042016_Severine_AG\" width=\"393\" height=\"600\" srcset=\"http:\/\/lesjardinsdelaroussiere.fr\/wp-content\/uploads\/2016\/05\/24042016_Severine_AG.jpg 393w, http:\/\/lesjardinsdelaroussiere.fr\/wp-content\/uploads\/2016\/05\/24042016_Severine_AG-197x300.jpg 197w\" sizes=\"(max-width: 393px) 100vw, 393px\" \/><\/a><\/p>\n<p style=\"text-align: justify;\"><a href=\"http:\/\/www.lesjardinsdelaroussiere.fr\/?attachment_id=7543\" rel=\"attachment wp-att-7543\"><img decoding=\"async\" loading=\"lazy\" class=\"aligncenter size-full wp-image-7543\" src=\"http:\/\/lesjardinsdelaroussiere.fr\/wp-content\/uploads\/2016\/05\/24042016_Mickael_AG.jpg\" alt=\"24042016_Mickael_AG\" width=\"600\" height=\"397\" srcset=\"http:\/\/lesjardinsdelaroussiere.fr\/wp-content\/uploads\/2016\/05\/24042016_Mickael_AG.jpg 600w, http:\/\/lesjardinsdelaroussiere.fr\/wp-content\/uploads\/2016\/05\/24042016_Mickael_AG-300x199.jpg 300w, http:\/\/lesjardinsdelaroussiere.fr\/wp-content\/uploads\/2016\/05\/24042016_Mickael_AG-453x300.jpg 453w\" sizes=\"(max-width: 600px) 100vw, 600px\" \/><\/a><\/p>\n<p style=\"text-align: justify;\">L\u2019Assembl\u00e9e G\u00e9n\u00e9rale est aussi le moment d\u2019\u00e9lire les membres du C.A, qui pour rappel, est compos\u00e9 des producteurs et des adh\u00e9rents \u00e9lus.<br \/>\nL&rsquo;\u2019ensemble de l\u2019\u00e9quipe b\u00e9n\u00e9vole actuelle a \u00e9t\u00e9 \u00e9lue, merci \u00e0:<\/p>\n<ul>\n<li>Evelyne<\/li>\n<li>C\u00e9cile<\/li>\n<li>Alice<\/li>\n<li>Nathalie<\/li>\n<li>Magalie<\/li>\n<li>Catherine<\/li>\n<li>Delphine<\/li>\n<li>Michel<\/li>\n<li>R\u00e9mi<\/li>\n<li>Luc<\/li>\n<li>Daniel<\/li>\n<li>Alain<\/li>\n<li>Philippe<\/li>\n<li>Dominique<\/li>\n<\/ul>\n<p>Et pour une bonne digestion, S\u00e9verine a organis\u00e9 une visite de ses serres et Micha\u00ebl de ses plantations de fruits rouges ainsi que de son poulailler.<\/p>\n<p><em>Le C.A<\/em><\/p>\n","protected":false},"excerpt":{"rendered":"<p>Bonjour \u00e0 toutes et \u00e0 tous, Chaque ann\u00e9e l\u2019association tend \u00e0 innover sur l\u2019organisation de l\u2019Assembl\u00e9e G\u00e9n\u00e9rale annuelle. Ainsi, cette ann\u00e9e elle fut organis\u00e9e le dimanche 24 Avril, chez S\u00e9verine notre mara\u00eech\u00e8re et autour d\u2019un bon repas confectionn\u00e9 par des &hellip; <a href=\"https:\/\/www.lesjardinsdelaroussiere.fr\/?p=7541\">Continuer la lecture <span class=\"meta-nav\">&rarr;<\/span><\/a><\/p>\n","protected":false},"author":3,"featured_media":0,"comment_status":"open","ping_status":"open","sticky":false,"template":"","format":"standard","meta":[],"categories":[3],"tags":[160,345,343,344],"views":1960,"_links":{"self":[{"href":"https:\/\/www.lesjardinsdelaroussiere.fr\/index.php?rest_route=\/wp\/v2\/posts\/7541"}],"collection":[{"href":"https:\/\/www.lesjardinsdelaroussiere.fr\/index.php?rest_route=\/wp\/v2\/posts"}],"about":[{"href":"https:\/\/www.lesjardinsdelaroussiere.fr\/index.php?rest_route=\/wp\/v2\/types\/post"}],"author":[{"embeddable":true,"href":"https:\/\/www.lesjardinsdelaroussiere.fr\/index.php?rest_route=\/wp\/v2\/users\/3"}],"replies":[{"embeddable":true,"href":"https:\/\/www.lesjardinsdelaroussiere.fr\/index.php?rest_route=%2Fwp%2Fv2%2Fcomments&post=7541"}],"version-history":[{"count":4,"href":"https:\/\/www.lesjardinsdelaroussiere.fr\/index.php?rest_route=\/wp\/v2\/posts\/7541\/revisions"}],"predecessor-version":[{"id":7551,"href":"https:\/\/www.lesjardinsdelaroussiere.fr\/index.php?rest_route=\/wp\/v2\/posts\/7541\/revisions\/7551"}],"wp:attachment":[{"href":"https:\/\/www.lesjardinsdelaroussiere.fr\/index.php?rest_route=%2Fwp%2Fv2%2Fmedia&parent=7541"}],"wp:term":[{"taxonomy":"category","embeddable":true,"href":"https:\/\/www.lesjardinsdelaroussiere.fr\/index.php?rest_route=%2Fwp%2Fv2%2Fcategories&post=7541"},{"taxonomy":"post_tag","embeddable":true,"href":"https:\/\/www.lesjardinsdelaroussiere.fr\/index.php?rest_route=%2Fwp%2Fv2%2Ftags&post=7541"}],"curies":[{"name":"wp","href":"https:\/\/api.w.org\/{rel}","templated":true}]}}