{"id":7494,"date":"2016-05-07T14:02:19","date_gmt":"2016-05-07T12:02:19","guid":{"rendered":"http:\/\/www.lesjardinsdelaroussiere.fr\/?p=7494"},"modified":"2016-05-30T19:11:50","modified_gmt":"2016-05-30T17:11:50","slug":"la-mitraillette-est-enrayee-chez-mickael","status":"publish","type":"post","link":"https:\/\/www.lesjardinsdelaroussiere.fr\/?p=7494","title":{"rendered":"La \u00ab\u00a0mitraillette\u00a0\u00bb est enray\u00e9e chez Micka\u00ebl !"},"content":{"rendered":"<p>Bonjour \u00e0 toutes et \u00e0 tous,<\/p>\n<p style=\"text-align: justify;\">D\u00e9cid\u00e9ment, la Nature peut-\u00eatre vraiment fac\u00e9tieuse avec nos producteurs de l&rsquo;AMAP, ce qui ne leur donne que plus de m\u00e9rite de devoir se battre contre les parasites ou les al\u00e9as climatiques !<\/p>\n<p style=\"text-align: justify;\">Apr\u00e8s les mouches <em>Drosophila Suzuki<\/em> <strong><a href=\"http:\/\/www.lesjardinsdelaroussiere.fr\/?p=5399\">dont nous avions parl\u00e9 il y a 3\u00a0ans<\/a><\/strong>, le gel, la s\u00e9cheresse, c&rsquo;est au tour des t\u00e6nias, charan\u00e7ons et bruches\u00a0de s&rsquo;attaquer aux c\u00e9r\u00e9ales\u00a0stock\u00e9es dans les \u00ab\u00a0cellules\u00a0\u00bb pour \u00eatre consomm\u00e9es par les poules \u00ab\u00a0punk\u00a0\u00bb de Micka\u00ebl !<\/p>\n<p style=\"text-align: justify;\">Je me suis rendu cette semaine \u00e0 la Membrolle, par ce temps magnifique pour enqu\u00eater sur les mis\u00e8res de la Ronde des fruits.<a href=\"http:\/\/www.lesjardinsdelaroussiere.fr\/?attachment_id=7496\" rel=\"attachment wp-att-7496\"><img decoding=\"async\" loading=\"lazy\" class=\"aligncenter size-full wp-image-7496\" src=\"http:\/\/lesjardinsdelaroussiere.fr\/wp-content\/uploads\/2016\/05\/DSC_3136_600x350.jpg\" alt=\"Micka\u00ebl sur son tracteur 04\/05\/2016\" width=\"600\" height=\"399\" srcset=\"http:\/\/lesjardinsdelaroussiere.fr\/wp-content\/uploads\/2016\/05\/DSC_3136_600x350.jpg 600w, http:\/\/lesjardinsdelaroussiere.fr\/wp-content\/uploads\/2016\/05\/DSC_3136_600x350-300x200.jpg 300w, http:\/\/lesjardinsdelaroussiere.fr\/wp-content\/uploads\/2016\/05\/DSC_3136_600x350-451x300.jpg 451w\" sizes=\"(max-width: 600px) 100vw, 600px\" \/><\/a><\/p>\n<p style=\"text-align: justify;\"><!--more-->Lorsque je suis arriv\u00e9 ce matin l\u00e0, Micka\u00ebl finissait de passer le tracteur sur un lopin de terre coinc\u00e9 entre deux rang\u00e9es de groseilliers qui avaient d&rsquo;ailleurs \u00e9t\u00e9 partiellement touch\u00e9s par les derni\u00e8res gel\u00e9es d&rsquo;Avril particuli\u00e8rement dures.<\/p>\n<p style=\"text-align: justify;\">Cela a concern\u00e9\u00a0de nombreuses r\u00e9gions en France, de fa\u00e7on in\u00e9gale, mais avec une perte plus ou moins importante \u00e0 la clef quoi qu&rsquo;il en soit !<\/p>\n<p style=\"text-align: justify;\">Lorsqu&rsquo;il est venu me saluer, il avait la petite voix du Micka\u00ebl qui en a \u00ab\u00a0gros sur la patate\u00a0\u00bb et qui aimerait trouver une solution rapide au probl\u00e8me !<\/p>\n<p style=\"text-align: justify;\">Nous avons chemin\u00e9 ensemble vers le hangar de stockage des aliments pour les poules, non loin de l\u00e0, \u00a0afin de comprendre l&rsquo;origine m\u00eame du probl\u00e8me telle qu&rsquo;il l&rsquo;a expliqu\u00e9e en d\u00e9tail dans le dernier courrier de l&rsquo;AMAP.<\/p>\n<p style=\"text-align: justify;\">Les aliments composant les repas des poules de la race Lohmann se r\u00e9partissent en 7 types de v\u00e9g\u00e9taux et min\u00e9raux sch\u00e9matiquement :<\/p>\n<ul>\n<li>Les grains de triticale et les pois<\/li>\n<li>Le tourteau de tournesol<\/li>\n<li>Le tourteau de soja<\/li>\n<li>Les grains de ma\u00efs<\/li>\n<li>Les sels min\u00e9raux<\/li>\n<li>Le carbonate de calcium<\/li>\n<\/ul>\n<p>Les 5\u00a0premiers sont stock\u00e9s dans d&rsquo;\u00e9normes sacs pouvant contenir plusieurs centaines de kilos d&rsquo;aliments (<em>voir clich\u00e9 ci-dessous<\/em>).<\/p>\n<p><a href=\"http:\/\/www.lesjardinsdelaroussiere.fr\/?attachment_id=7499\" rel=\"attachment wp-att-7499\"><img decoding=\"async\" loading=\"lazy\" class=\"aligncenter size-full wp-image-7499\" src=\"http:\/\/lesjardinsdelaroussiere.fr\/wp-content\/uploads\/2016\/05\/00_Hangar_stockage_aliments_poules.jpg\" alt=\"00_Hangar_stockage_aliments_poules\" width=\"600\" height=\"399\" srcset=\"http:\/\/lesjardinsdelaroussiere.fr\/wp-content\/uploads\/2016\/05\/00_Hangar_stockage_aliments_poules.jpg 600w, http:\/\/lesjardinsdelaroussiere.fr\/wp-content\/uploads\/2016\/05\/00_Hangar_stockage_aliments_poules-300x200.jpg 300w, http:\/\/lesjardinsdelaroussiere.fr\/wp-content\/uploads\/2016\/05\/00_Hangar_stockage_aliments_poules-451x300.jpg 451w\" sizes=\"(max-width: 600px) 100vw, 600px\" \/><\/a><\/p>\n<p style=\"text-align: justify;\">Pour ceux qui n&rsquo;en ont jamais vu, voici \u00e0 quoi ressemble le m\u00e9lange de triticale (plante annuelle, hybride artificiel entre le bl\u00e9 et le seigle dont la culture a d\u00e9but\u00e9 dans les ann\u00e9es 60) et les pois :<\/p>\n<p><a href=\"http:\/\/www.lesjardinsdelaroussiere.fr\/?attachment_id=7500\" rel=\"attachment wp-att-7500\"><img decoding=\"async\" loading=\"lazy\" class=\"aligncenter size-full wp-image-7500\" src=\"http:\/\/lesjardinsdelaroussiere.fr\/wp-content\/uploads\/2016\/05\/01_Tritical_pois.jpg\" alt=\"01_Tritical_pois\" width=\"600\" height=\"399\" srcset=\"http:\/\/lesjardinsdelaroussiere.fr\/wp-content\/uploads\/2016\/05\/01_Tritical_pois.jpg 600w, http:\/\/lesjardinsdelaroussiere.fr\/wp-content\/uploads\/2016\/05\/01_Tritical_pois-300x200.jpg 300w, http:\/\/lesjardinsdelaroussiere.fr\/wp-content\/uploads\/2016\/05\/01_Tritical_pois-451x300.jpg 451w\" sizes=\"(max-width: 600px) 100vw, 600px\" \/><\/a><\/p>\n<p>Les points noirs sont des graines autres r\u00e9colt\u00e9es en m\u00eame temps mais qui n&rsquo;ont pas de valeur nutritive sp\u00e9ciale.<\/p>\n<p style=\"text-align: justify;\">Le tourteau de tournesol se pr\u00e9sente de cette mani\u00e8re apr\u00e8s que les graines aient \u00e9t\u00e9 press\u00e9es et que l&rsquo;on en ait\u00a0extrait l&rsquo;huile servant \u00e0 notre alimentation \/ cuisine :<\/p>\n<p><a href=\"http:\/\/www.lesjardinsdelaroussiere.fr\/?attachment_id=7503\" rel=\"attachment wp-att-7503\"><img decoding=\"async\" loading=\"lazy\" class=\"aligncenter size-full wp-image-7503\" src=\"http:\/\/lesjardinsdelaroussiere.fr\/wp-content\/uploads\/2016\/05\/04_Tourteaux_tournesol.jpg\" alt=\"04_Tourteaux_tournesol\" width=\"600\" height=\"399\" srcset=\"http:\/\/lesjardinsdelaroussiere.fr\/wp-content\/uploads\/2016\/05\/04_Tourteaux_tournesol.jpg 600w, http:\/\/lesjardinsdelaroussiere.fr\/wp-content\/uploads\/2016\/05\/04_Tourteaux_tournesol-300x200.jpg 300w, http:\/\/lesjardinsdelaroussiere.fr\/wp-content\/uploads\/2016\/05\/04_Tourteaux_tournesol-451x300.jpg 451w\" sizes=\"(max-width: 600px) 100vw, 600px\" \/><\/a><\/p>\n<p style=\"text-align: justify;\">Il s&rsquo;agit de plaques noires d&rsquo;une dizaine de centim\u00e8tres de long, friables lorsqu&rsquo;on les triturent, car il ne reste que la mati\u00e8re \u00ab\u00a0s\u00e8che\u00a0\u00bb ou presque.<br \/>\nL&rsquo;huile brute correspondant \u00e0 environ \u00e0 43% du poids de la graine et le tourteau repr\u00e9sente environ 55% de cette derni\u00e8re.<br \/>\nApr\u00e8s lavage, s\u00e9chage et conditionnement, le tourteau de tournesol contient environ 10 \u00e0 12% d&rsquo;humidit\u00e9.<\/p>\n<p style=\"text-align: justify;\">Le tourteau de soja quant \u00e0 lui se pr\u00e9sente sous la forme d&rsquo;une poudre plus ou moins agglom\u00e9r\u00e9e qui ressemble de loin \u00e0 du sable ou de la terre s\u00e9ch\u00e9e !<\/p>\n<p style=\"text-align: justify;\"><a href=\"http:\/\/www.lesjardinsdelaroussiere.fr\/?attachment_id=7504\" rel=\"attachment wp-att-7504\"><img decoding=\"async\" loading=\"lazy\" class=\"aligncenter size-full wp-image-7504\" src=\"http:\/\/lesjardinsdelaroussiere.fr\/wp-content\/uploads\/2016\/05\/05_Tourteaux_soja.jpg\" alt=\"05_Tourteaux_soja\" width=\"600\" height=\"399\" srcset=\"http:\/\/lesjardinsdelaroussiere.fr\/wp-content\/uploads\/2016\/05\/05_Tourteaux_soja.jpg 600w, http:\/\/lesjardinsdelaroussiere.fr\/wp-content\/uploads\/2016\/05\/05_Tourteaux_soja-300x200.jpg 300w, http:\/\/lesjardinsdelaroussiere.fr\/wp-content\/uploads\/2016\/05\/05_Tourteaux_soja-451x300.jpg 451w\" sizes=\"(max-width: 600px) 100vw, 600px\" \/><\/a><\/p>\n<p style=\"text-align: justify;\">Le soja apporte surtout des prot\u00e9ines mais aussi et surtout un acide amin\u00e9 essentiel appel\u00e9 <em>lysine<\/em> qui est tr\u00e8s important dans l\u2019\u00e9levage des porcs et volailles.<br \/>\nCette poudre est \u00e9galement le r\u00e9sultat obtenu apr\u00e8s pressage mais \u00e0 l&rsquo;inverse des autres c\u00e9r\u00e9ales, il n&rsquo;est extrait qu&rsquo;une vingtaine de pour cents du poids de la graine afin de\u00a0produire l&rsquo;huile, puisque le tourteau repr\u00e9sente environ 80% du poids de celles-ci.<br \/>\nLe tourteau est compos\u00e9 de 47% environ de prot\u00e9ines digestes pour les animaux, ce qui en fait bien \u00e9videmment un aliment extr\u00eamement int\u00e9ressant d&rsquo;un point de vue \u00e9nerg\u00e9tique pour leur \u00e9levage !<\/p>\n<p style=\"text-align: justify;\">Enfin, la derni\u00e8re c\u00e9r\u00e9ale que tout le monde connait pour en avoir d\u00e9j\u00e0 vu dans les fermes, le ma\u00efs :<\/p>\n<p style=\"text-align: justify;\"><a href=\"http:\/\/www.lesjardinsdelaroussiere.fr\/?attachment_id=7502\" rel=\"attachment wp-att-7502\"><img decoding=\"async\" loading=\"lazy\" class=\"aligncenter size-full wp-image-7502\" src=\"http:\/\/lesjardinsdelaroussiere.fr\/wp-content\/uploads\/2016\/05\/03_Grains_mais.jpg\" alt=\"03_Grains_mais\" width=\"600\" height=\"399\" srcset=\"http:\/\/lesjardinsdelaroussiere.fr\/wp-content\/uploads\/2016\/05\/03_Grains_mais.jpg 600w, http:\/\/lesjardinsdelaroussiere.fr\/wp-content\/uploads\/2016\/05\/03_Grains_mais-300x200.jpg 300w, http:\/\/lesjardinsdelaroussiere.fr\/wp-content\/uploads\/2016\/05\/03_Grains_mais-451x300.jpg 451w\" sizes=\"(max-width: 600px) 100vw, 600px\" \/><\/a><\/p>\n<p style=\"text-align: justify;\">Quant aux autres aliments, il s&rsquo;agit de min\u00e9raux (carbonate de calcium provenant de coquilles concass\u00e9es) et de sels min\u00e9raux qui sont stock\u00e9s dans des sacs de quelques dizaines de kilos mais qui ne subissent pas de dommages de la part des parasites.<\/p>\n<p style=\"text-align: justify;\"><a href=\"http:\/\/www.lesjardinsdelaroussiere.fr\/?attachment_id=7498\" rel=\"attachment wp-att-7498\"><img decoding=\"async\" loading=\"lazy\" class=\"aligncenter size-full wp-image-7498\" src=\"http:\/\/lesjardinsdelaroussiere.fr\/wp-content\/uploads\/2016\/05\/06_Mineraux.jpg\" alt=\"06_Mineraux\" width=\"600\" height=\"399\" srcset=\"http:\/\/lesjardinsdelaroussiere.fr\/wp-content\/uploads\/2016\/05\/06_Mineraux.jpg 600w, http:\/\/lesjardinsdelaroussiere.fr\/wp-content\/uploads\/2016\/05\/06_Mineraux-300x200.jpg 300w, http:\/\/lesjardinsdelaroussiere.fr\/wp-content\/uploads\/2016\/05\/06_Mineraux-451x300.jpg 451w\" sizes=\"(max-width: 600px) 100vw, 600px\" \/><\/a><\/p>\n<p style=\"text-align: justify;\">Les deux ennemis de Micka\u00ebl sont tout comme les terribles <em>Drosophila Suzuki<\/em> pour les fruits rouges, de minuscules insectes mais qui en se multipliant commettent\u00a0de gros d\u00e9g\u00e2ts dans les r\u00e9serves&#8230;<\/p>\n<p style=\"text-align: justify;\">Voici le charan\u00e7on dans les sacs de Micka\u00ebl, pourtant si petit mais si destructeur en colonies :<\/p>\n<p style=\"text-align: justify;\"><a href=\"http:\/\/www.lesjardinsdelaroussiere.fr\/?attachment_id=7501\" rel=\"attachment wp-att-7501\"><img decoding=\"async\" loading=\"lazy\" class=\"aligncenter size-full wp-image-7501\" src=\"http:\/\/lesjardinsdelaroussiere.fr\/wp-content\/uploads\/2016\/05\/02_Charancons.jpg\" alt=\"02_Charancons\" width=\"600\" height=\"399\" srcset=\"http:\/\/lesjardinsdelaroussiere.fr\/wp-content\/uploads\/2016\/05\/02_Charancons.jpg 600w, http:\/\/lesjardinsdelaroussiere.fr\/wp-content\/uploads\/2016\/05\/02_Charancons-300x200.jpg 300w, http:\/\/lesjardinsdelaroussiere.fr\/wp-content\/uploads\/2016\/05\/02_Charancons-451x300.jpg 451w\" sizes=\"(max-width: 600px) 100vw, 600px\" \/><\/a><\/p>\n<p style=\"text-align: justify;\"><a href=\"http:\/\/www.lesjardinsdelaroussiere.fr\/?attachment_id=7505\" rel=\"attachment wp-att-7505\"><img decoding=\"async\" loading=\"lazy\" class=\"aligncenter size-full wp-image-7505\" src=\"http:\/\/lesjardinsdelaroussiere.fr\/wp-content\/uploads\/2016\/05\/07_Charencon.jpg\" alt=\"07_Charencon\" width=\"600\" height=\"379\" srcset=\"http:\/\/lesjardinsdelaroussiere.fr\/wp-content\/uploads\/2016\/05\/07_Charencon.jpg 600w, http:\/\/lesjardinsdelaroussiere.fr\/wp-content\/uploads\/2016\/05\/07_Charencon-300x190.jpg 300w, http:\/\/lesjardinsdelaroussiere.fr\/wp-content\/uploads\/2016\/05\/07_Charencon-475x300.jpg 475w\" sizes=\"(max-width: 600px) 100vw, 600px\" \/><\/a><\/p>\n<p style=\"text-align: justify;\">L&rsquo;autre ennemi, poids plume \u00e9galement par la taille, mais tout aussi nuisible, j&rsquo;ai nomm\u00e9 la Bruche du pois \u00a0!<\/p>\n<p style=\"text-align: justify;\"><a href=\"http:\/\/www.lesjardinsdelaroussiere.fr\/?attachment_id=7509\" rel=\"attachment wp-att-7509\"><img decoding=\"async\" loading=\"lazy\" class=\"aligncenter size-full wp-image-7509\" src=\"http:\/\/lesjardinsdelaroussiere.fr\/wp-content\/uploads\/2016\/05\/08_Bruche_du_pois.jpg\" alt=\"08_Bruche_du_pois\" width=\"600\" height=\"327\" srcset=\"http:\/\/lesjardinsdelaroussiere.fr\/wp-content\/uploads\/2016\/05\/08_Bruche_du_pois.jpg 600w, http:\/\/lesjardinsdelaroussiere.fr\/wp-content\/uploads\/2016\/05\/08_Bruche_du_pois-300x164.jpg 300w, http:\/\/lesjardinsdelaroussiere.fr\/wp-content\/uploads\/2016\/05\/08_Bruche_du_pois-500x273.jpg 500w\" sizes=\"(max-width: 600px) 100vw, 600px\" \/><\/a><\/p>\n<p style=\"text-align: justify;\">Voici ce qu&rsquo;il reste des graines ayant subi les attaques de ces charmants col\u00e9opt\u00e8res :<\/p>\n<p style=\"text-align: justify;\"><a href=\"http:\/\/www.lesjardinsdelaroussiere.fr\/?attachment_id=7510\" rel=\"attachment wp-att-7510\"><img decoding=\"async\" loading=\"lazy\" class=\"aligncenter size-full wp-image-7510\" src=\"http:\/\/lesjardinsdelaroussiere.fr\/wp-content\/uploads\/2016\/05\/09_Grains_vides_par_Bruche.jpg\" alt=\"09_Grains_vides_par_Bruche\" width=\"359\" height=\"255\" srcset=\"http:\/\/lesjardinsdelaroussiere.fr\/wp-content\/uploads\/2016\/05\/09_Grains_vides_par_Bruche.jpg 359w, http:\/\/lesjardinsdelaroussiere.fr\/wp-content\/uploads\/2016\/05\/09_Grains_vides_par_Bruche-300x213.jpg 300w\" sizes=\"(max-width: 359px) 100vw, 359px\" \/><\/a><\/p>\n<p style=\"text-align: justify;\">Il est clair qu&rsquo;il ne reste pas grand chose !<\/p>\n<p style=\"text-align: justify;\">Bien \u00e9videmment toutes les graines ne sont pas concern\u00e9es, cela prend du temps pour \u00ab\u00a0\u00e9vider\u00a0\u00bb toutes celles-ci, mais en plus des d\u00e9g\u00e2ts provoqu\u00e9s par ces col\u00e9opt\u00e8res, il reste \u00e9galement les excr\u00e9ments qu&rsquo;ils produisent et la pourriture qui s&rsquo;installe, formant des agglom\u00e9rats de mati\u00e8res peu ragoutants&#8230;<\/p>\n<p style=\"text-align: justify;\">Les cellules \u00e0 grains de Micka\u00ebl sont situ\u00e9es sous le hangar \u00e9voqu\u00e9 en d\u00e9but de cet article :<\/p>\n<p style=\"text-align: justify;\"><a href=\"http:\/\/www.lesjardinsdelaroussiere.fr\/?attachment_id=7511\" rel=\"attachment wp-att-7511\"><img decoding=\"async\" loading=\"lazy\" class=\"aligncenter size-full wp-image-7511\" src=\"http:\/\/lesjardinsdelaroussiere.fr\/wp-content\/uploads\/2016\/05\/10_Cellules_a_grains.jpg\" alt=\"10_Cellules_a_grains\" width=\"600\" height=\"399\" srcset=\"http:\/\/lesjardinsdelaroussiere.fr\/wp-content\/uploads\/2016\/05\/10_Cellules_a_grains.jpg 600w, http:\/\/lesjardinsdelaroussiere.fr\/wp-content\/uploads\/2016\/05\/10_Cellules_a_grains-300x200.jpg 300w, http:\/\/lesjardinsdelaroussiere.fr\/wp-content\/uploads\/2016\/05\/10_Cellules_a_grains-451x300.jpg 451w\" sizes=\"(max-width: 600px) 100vw, 600px\" \/><\/a><\/p>\n<p style=\"text-align: justify;\">Compl\u00e8tement remplies, elles permettent de stocker le ma\u00efs pour au moins 3 ou 4 ann\u00e9es soit l&rsquo;\u00e9quivalent de plusieurs tonnes !<\/p>\n<p style=\"text-align: justify;\">Lorsque Micka\u00ebl a besoin de se ravitailler, comme le silo \u00ab\u00a0tampon\u00a0\u00bb situ\u00e9 pr\u00e8s des poulaillers, est lui aussi compl\u00e8tement inutilisable pour les m\u00eames raisons, il vient extraire le n\u00e9cessaire \u00e0 l&rsquo;aide d&rsquo;un dispositif bas\u00e9 sur le principe de la vis d&rsquo;Archim\u00e8de ou \u00ab\u00a0vis sans fin\u00a0\u00bb qui remplit les sacs n\u00e9cessaires au fur \u00e0 mesure :<\/p>\n<p style=\"text-align: justify;\"><a href=\"http:\/\/www.lesjardinsdelaroussiere.fr\/?attachment_id=7512\" rel=\"attachment wp-att-7512\"><img decoding=\"async\" loading=\"lazy\" class=\"aligncenter size-full wp-image-7512\" src=\"http:\/\/lesjardinsdelaroussiere.fr\/wp-content\/uploads\/2016\/05\/11_Vis_darchimede_pour_extraction_cereales.jpg\" alt=\"11_Vis_d'archimede_pour_extraction_cereales\" width=\"600\" height=\"399\" srcset=\"http:\/\/lesjardinsdelaroussiere.fr\/wp-content\/uploads\/2016\/05\/11_Vis_darchimede_pour_extraction_cereales.jpg 600w, http:\/\/lesjardinsdelaroussiere.fr\/wp-content\/uploads\/2016\/05\/11_Vis_darchimede_pour_extraction_cereales-300x200.jpg 300w, http:\/\/lesjardinsdelaroussiere.fr\/wp-content\/uploads\/2016\/05\/11_Vis_darchimede_pour_extraction_cereales-451x300.jpg 451w\" sizes=\"(max-width: 600px) 100vw, 600px\" \/><\/a><\/p>\n<p style=\"text-align: justify;\">J&rsquo;ai demand\u00e9 \u00e0 Micka\u00ebl si l&rsquo;on pouvait voir l&rsquo;int\u00e9rieur des cellules, j&rsquo;ai mis mon appareil en bandouli\u00e8re et j&rsquo;ai gravi avec pr\u00e9caution l&rsquo;\u00e9chelle pour atteindre les 3 ou 4 m\u00e8tres nous s\u00e9parant du sol.<\/p>\n<p style=\"text-align: justify;\">Voici ce que l&rsquo;on aper\u00e7oit en haut :<\/p>\n<p style=\"text-align: justify;\"><a href=\"http:\/\/www.lesjardinsdelaroussiere.fr\/?attachment_id=7513\" rel=\"attachment wp-att-7513\"><img decoding=\"async\" loading=\"lazy\" class=\"aligncenter size-full wp-image-7513\" src=\"http:\/\/lesjardinsdelaroussiere.fr\/wp-content\/uploads\/2016\/05\/12_Haut_cellules_a_grains.jpg\" alt=\"12_Haut_cellules_a_grains\" width=\"600\" height=\"399\" srcset=\"http:\/\/lesjardinsdelaroussiere.fr\/wp-content\/uploads\/2016\/05\/12_Haut_cellules_a_grains.jpg 600w, http:\/\/lesjardinsdelaroussiere.fr\/wp-content\/uploads\/2016\/05\/12_Haut_cellules_a_grains-300x200.jpg 300w, http:\/\/lesjardinsdelaroussiere.fr\/wp-content\/uploads\/2016\/05\/12_Haut_cellules_a_grains-451x300.jpg 451w\" sizes=\"(max-width: 600px) 100vw, 600px\" \/><\/a><\/p>\n<p style=\"text-align: justify;\">En prenant appui d&rsquo;une main sur le bord de la cellule de gauche et en tenant mon lourd boitier et son flash de l&rsquo;autre, voici l\u2019int\u00e9rieur d&rsquo;une des cellules qu&rsquo;il va falloir vider de son contenu et surtout nettoyer&#8230;<\/p>\n<p style=\"text-align: justify;\"><a href=\"http:\/\/www.lesjardinsdelaroussiere.fr\/?attachment_id=7514\" rel=\"attachment wp-att-7514\"><img decoding=\"async\" loading=\"lazy\" class=\"aligncenter size-full wp-image-7514\" src=\"http:\/\/lesjardinsdelaroussiere.fr\/wp-content\/uploads\/2016\/05\/13_Cellule_vue_du_haut.jpg\" alt=\"13_Cellule_vue_du_haut\" width=\"600\" height=\"399\" srcset=\"http:\/\/lesjardinsdelaroussiere.fr\/wp-content\/uploads\/2016\/05\/13_Cellule_vue_du_haut.jpg 600w, http:\/\/lesjardinsdelaroussiere.fr\/wp-content\/uploads\/2016\/05\/13_Cellule_vue_du_haut-300x200.jpg 300w, http:\/\/lesjardinsdelaroussiere.fr\/wp-content\/uploads\/2016\/05\/13_Cellule_vue_du_haut-451x300.jpg 451w\" sizes=\"(max-width: 600px) 100vw, 600px\" \/><\/a><\/p>\n<p style=\"text-align: justify;\">Les t\u00e2ches noires que vous apercevez au fond de la cellule dans le dernier quart de grains ce sont les points de pourriture\/moisissure du ma\u00efs&#8230;<br \/>\nUn petit coup de zoom et voil\u00e0 ce que cela donne&#8230;<\/p>\n<p style=\"text-align: justify;\"><a href=\"http:\/\/www.lesjardinsdelaroussiere.fr\/?attachment_id=7515\" rel=\"attachment wp-att-7515\"><img decoding=\"async\" loading=\"lazy\" class=\"aligncenter size-full wp-image-7515\" src=\"http:\/\/lesjardinsdelaroussiere.fr\/wp-content\/uploads\/2016\/05\/14_Pourriture_mais.jpg\" alt=\"14_Pourriture_mais\" width=\"600\" height=\"450\" srcset=\"http:\/\/lesjardinsdelaroussiere.fr\/wp-content\/uploads\/2016\/05\/14_Pourriture_mais.jpg 600w, http:\/\/lesjardinsdelaroussiere.fr\/wp-content\/uploads\/2016\/05\/14_Pourriture_mais-300x225.jpg 300w, http:\/\/lesjardinsdelaroussiere.fr\/wp-content\/uploads\/2016\/05\/14_Pourriture_mais-400x300.jpg 400w\" sizes=\"(max-width: 600px) 100vw, 600px\" \/><\/a><\/p>\n<p style=\"text-align: justify;\">Il s&rsquo;agit h\u00e9las d&rsquo;une perte s\u00e8che, car tout ce ma\u00efs partira \u00e0 la destruction, il faut quand m\u00eame savoir que celui-ci repr\u00e9sente la plus grosse partie de l&rsquo;alimentation des poules, soit environ 30%, vient ensuite le triticale pour 20%, le soja et le tournesol pour 15%, \u00a0les pois pour 10% et enfin le carbonate de calcium pour 7% et les min\u00e9raux pour 3%.<\/p>\n<p style=\"text-align: justify;\">Afin de nettoyer les cellules, il faudra donc les vider compl\u00e8tement de leur grain, fort heureusement, ils n&rsquo;\u00e9taient pas pleins, il faudra ensuite utiliser un bact\u00e9ricide v\u00e9g\u00e9tal dilu\u00e9 contenant principalement de l\u2019huile de pin, des terp\u00e8nes et des huiles essentielles de basilic, carvi, eucalyptus, lavande, sarriette, sauge, thym ainsi que du\u00a0vinaigre de cidre.<\/p>\n<p style=\"text-align: justify;\">Ensuite il faudra racheter de nouveau l&rsquo;\u00e9quivalent d&rsquo;un hectare de production de ma\u00efs pour une ann\u00e9e de nourriture pour les poules et croiser les doigts pour que dame nature soit plus cl\u00e9mente !<\/p>\n<p style=\"text-align: justify;\">Nous quittons le hangar maintenant pour nous rendre vers les poulaillers afin de d\u00e9couvrir ; du moins red\u00e9couvrir pour moi ; le \u00ab\u00a0home sweet home\u00a0\u00bb des poules \u00ab\u00a0punks\u00a0\u00bb de Micka\u00ebl !<\/p>\n<p style=\"text-align: justify;\">Le silo qui partira \u00e0 la d\u00e9chetterie nous toise de ses 6\u00a0\u00e0 7\u00a0m\u00e8tres \u00e0 vue de nez, une masse gris argent\u00e9 filiforme en contre jour sous ce magnifique soleil de Mai&#8230;<\/p>\n<p style=\"text-align: justify;\"><a href=\"http:\/\/www.lesjardinsdelaroussiere.fr\/?attachment_id=7518\" rel=\"attachment wp-att-7518\"><img decoding=\"async\" loading=\"lazy\" class=\"aligncenter size-full wp-image-7518\" src=\"http:\/\/lesjardinsdelaroussiere.fr\/wp-content\/uploads\/2016\/05\/15_Poulailler.jpg\" alt=\"15_Poulailler\" width=\"600\" height=\"399\" srcset=\"http:\/\/lesjardinsdelaroussiere.fr\/wp-content\/uploads\/2016\/05\/15_Poulailler.jpg 600w, http:\/\/lesjardinsdelaroussiere.fr\/wp-content\/uploads\/2016\/05\/15_Poulailler-300x200.jpg 300w, http:\/\/lesjardinsdelaroussiere.fr\/wp-content\/uploads\/2016\/05\/15_Poulailler-451x300.jpg 451w\" sizes=\"(max-width: 600px) 100vw, 600px\" \/><\/a><\/p>\n<p style=\"text-align: justify;\">Micka\u00ebl m&rsquo;ouvre le poulailler, l\u2019odeur forte vous titille les narines, mais au bout de quelques minutes on s&rsquo;habitue&#8230;<\/p>\n<p style=\"text-align: justify;\">Une partie de ces dames sont encore pr\u00e9sentes, celles qui continuent de pondre \u00e0 vrai dire !<\/p>\n<p style=\"text-align: justify;\"><a href=\"http:\/\/www.lesjardinsdelaroussiere.fr\/?attachment_id=7519\" rel=\"attachment wp-att-7519\"><img decoding=\"async\" loading=\"lazy\" class=\"aligncenter size-full wp-image-7519\" src=\"http:\/\/lesjardinsdelaroussiere.fr\/wp-content\/uploads\/2016\/05\/16_Interieur_poulailler.jpg\" alt=\"16_Interieur_poulailler\" width=\"600\" height=\"399\" srcset=\"http:\/\/lesjardinsdelaroussiere.fr\/wp-content\/uploads\/2016\/05\/16_Interieur_poulailler.jpg 600w, http:\/\/lesjardinsdelaroussiere.fr\/wp-content\/uploads\/2016\/05\/16_Interieur_poulailler-300x200.jpg 300w, http:\/\/lesjardinsdelaroussiere.fr\/wp-content\/uploads\/2016\/05\/16_Interieur_poulailler-451x300.jpg 451w\" sizes=\"(max-width: 600px) 100vw, 600px\" \/><\/a><\/p>\n<p style=\"text-align: justify;\">Une ou deux poules sont encore \u00e0 couver dans leur espace, et l&rsquo;une d&rsquo;elles nous montre effectivement ses \u00ab\u00a0parties charnues\u00a0\u00bb peinturlur\u00e9es de cette encre mauve qui a accompagn\u00e9 nos journ\u00e9es sur les bancs en bois \u00e0 l&rsquo;\u00e9cole primaire, celle dans laquelle nous trempions nos plumes qui craquaient sur le papier et qu&rsquo;il fallait manipuler avec d\u00e9licatesse sous peine de former des t\u00e2ches qu&rsquo;il fallait tamponner ensuite avec le papier buvard, sans oublier les doigts macul\u00e9s\u00a0par cette encre violette trahissant les plus maladroits&#8230;<\/p>\n<p style=\"text-align: justify;\"><a href=\"http:\/\/www.lesjardinsdelaroussiere.fr\/?attachment_id=7520\" rel=\"attachment wp-att-7520\"><img decoding=\"async\" loading=\"lazy\" class=\"aligncenter size-full wp-image-7520\" src=\"http:\/\/lesjardinsdelaroussiere.fr\/wp-content\/uploads\/2016\/05\/17_Posterieur_poule_pondeuse.jpg\" alt=\"17_Posterieur_poule_pondeuse\" width=\"4256\" height=\"2832\" srcset=\"http:\/\/lesjardinsdelaroussiere.fr\/wp-content\/uploads\/2016\/05\/17_Posterieur_poule_pondeuse.jpg 4256w, http:\/\/lesjardinsdelaroussiere.fr\/wp-content\/uploads\/2016\/05\/17_Posterieur_poule_pondeuse-300x200.jpg 300w, http:\/\/lesjardinsdelaroussiere.fr\/wp-content\/uploads\/2016\/05\/17_Posterieur_poule_pondeuse-768x511.jpg 768w, http:\/\/lesjardinsdelaroussiere.fr\/wp-content\/uploads\/2016\/05\/17_Posterieur_poule_pondeuse-1024x681.jpg 1024w, http:\/\/lesjardinsdelaroussiere.fr\/wp-content\/uploads\/2016\/05\/17_Posterieur_poule_pondeuse-600x399.jpg 600w, http:\/\/lesjardinsdelaroussiere.fr\/wp-content\/uploads\/2016\/05\/17_Posterieur_poule_pondeuse-451x300.jpg 451w\" sizes=\"(max-width: 4256px) 100vw, 4256px\" \/><\/a><\/p>\n<p style=\"text-align: justify;\">Nous quittons le poulailler principal pour nous rendre sur une autre parcelle plant\u00e9e de pommiers sous lesquels picorent d&rsquo;autres poules sous l\u2019\u0153il vigilant du coq&#8230;<\/p>\n<p style=\"text-align: justify;\">Ce poulailler secondaire est l&rsquo;antichambre des futures poules qui finiront \u00e0 la casserole ou dans les broyeuses des industriels&#8230;<\/p>\n<p style=\"text-align: justify;\"><a href=\"http:\/\/www.lesjardinsdelaroussiere.fr\/?attachment_id=7522\" rel=\"attachment wp-att-7522\"><img decoding=\"async\" loading=\"lazy\" class=\"aligncenter size-full wp-image-7522\" src=\"http:\/\/lesjardinsdelaroussiere.fr\/wp-content\/uploads\/2016\/05\/DSC_3167.jpg\" alt=\"DSC_3167\" width=\"4256\" height=\"2832\" srcset=\"http:\/\/lesjardinsdelaroussiere.fr\/wp-content\/uploads\/2016\/05\/DSC_3167.jpg 4256w, http:\/\/lesjardinsdelaroussiere.fr\/wp-content\/uploads\/2016\/05\/DSC_3167-300x200.jpg 300w, http:\/\/lesjardinsdelaroussiere.fr\/wp-content\/uploads\/2016\/05\/DSC_3167-768x511.jpg 768w, http:\/\/lesjardinsdelaroussiere.fr\/wp-content\/uploads\/2016\/05\/DSC_3167-1024x681.jpg 1024w, http:\/\/lesjardinsdelaroussiere.fr\/wp-content\/uploads\/2016\/05\/DSC_3167-600x399.jpg 600w, http:\/\/lesjardinsdelaroussiere.fr\/wp-content\/uploads\/2016\/05\/DSC_3167-451x300.jpg 451w\" sizes=\"(max-width: 4256px) 100vw, 4256px\" \/><\/a><\/p>\n<p style=\"text-align: justify;\">A l&rsquo;int\u00e9rieur, les poules s&rsquo;\u00e9cartent sur notre passage, Micka\u00ebl en profite pour r\u00e9cup\u00e9rer les quelques rares \u0153ufs pondus&#8230;<\/p>\n<p style=\"text-align: justify;\"><a href=\"http:\/\/www.lesjardinsdelaroussiere.fr\/?attachment_id=7523\" rel=\"attachment wp-att-7523\"><img decoding=\"async\" loading=\"lazy\" class=\"aligncenter size-full wp-image-7523\" src=\"http:\/\/lesjardinsdelaroussiere.fr\/wp-content\/uploads\/2016\/05\/DSC_3169.jpg\" alt=\"DSC_3169\" width=\"4256\" height=\"2832\" srcset=\"http:\/\/lesjardinsdelaroussiere.fr\/wp-content\/uploads\/2016\/05\/DSC_3169.jpg 4256w, http:\/\/lesjardinsdelaroussiere.fr\/wp-content\/uploads\/2016\/05\/DSC_3169-300x200.jpg 300w, http:\/\/lesjardinsdelaroussiere.fr\/wp-content\/uploads\/2016\/05\/DSC_3169-768x511.jpg 768w, http:\/\/lesjardinsdelaroussiere.fr\/wp-content\/uploads\/2016\/05\/DSC_3169-1024x681.jpg 1024w, http:\/\/lesjardinsdelaroussiere.fr\/wp-content\/uploads\/2016\/05\/DSC_3169-600x399.jpg 600w, http:\/\/lesjardinsdelaroussiere.fr\/wp-content\/uploads\/2016\/05\/DSC_3169-451x300.jpg 451w\" sizes=\"(max-width: 4256px) 100vw, 4256px\" \/><\/a><\/p>\n<p style=\"text-align: justify;\">Les emplacements des poules sont tous macul\u00e9s d&rsquo;encre violette comme si une partie endiabl\u00e9e\u00a0de paint ball avait eu lieu !<\/p>\n<p style=\"text-align: justify;\"><a href=\"http:\/\/www.lesjardinsdelaroussiere.fr\/?attachment_id=7524\" rel=\"attachment wp-att-7524\"><img decoding=\"async\" loading=\"lazy\" class=\"aligncenter size-full wp-image-7524\" src=\"http:\/\/lesjardinsdelaroussiere.fr\/wp-content\/uploads\/2016\/05\/DSC_3170.jpg\" alt=\"DSC_3170\" width=\"4256\" height=\"2832\" srcset=\"http:\/\/lesjardinsdelaroussiere.fr\/wp-content\/uploads\/2016\/05\/DSC_3170.jpg 4256w, http:\/\/lesjardinsdelaroussiere.fr\/wp-content\/uploads\/2016\/05\/DSC_3170-300x200.jpg 300w, http:\/\/lesjardinsdelaroussiere.fr\/wp-content\/uploads\/2016\/05\/DSC_3170-768x511.jpg 768w, http:\/\/lesjardinsdelaroussiere.fr\/wp-content\/uploads\/2016\/05\/DSC_3170-1024x681.jpg 1024w, http:\/\/lesjardinsdelaroussiere.fr\/wp-content\/uploads\/2016\/05\/DSC_3170-600x399.jpg 600w, http:\/\/lesjardinsdelaroussiere.fr\/wp-content\/uploads\/2016\/05\/DSC_3170-451x300.jpg 451w\" sizes=\"(max-width: 4256px) 100vw, 4256px\" \/><\/a><\/p>\n<p style=\"text-align: justify;\">Nous ressortons du poulailler, je continue de questionner Micka\u00ebl&#8230;<\/p>\n<p style=\"text-align: justify;\">L&rsquo;exploitation tournait jusqu\u2019ici avec environ 250 poules, mais avec les 180 qui ne pondent plus ou peu, la rotation ne s&rsquo;est pas op\u00e9r\u00e9e et ce sont dor\u00e9navant pr\u00e8s de 500 poules qu&rsquo;il convient de nourrir !<\/p>\n<p style=\"text-align: justify;\">Or une poule qu&rsquo;il faut nourrir et qui ne pond pas, c&rsquo;est une perte financi\u00e8re, m\u00eame au pays de l&rsquo;\u00e9cologie il y a des imp\u00e9ratifs \u00e9conomiques bien \u00e9videmment, la seule chose qui change, c&rsquo;est que vis \u00e0 vis de l&rsquo;industriel, il y a une \u00e2me et un c\u0153ur&#8230;<\/p>\n<p style=\"text-align: justify;\">Une poule en bonne sant\u00e9 pond entre un et deux \u0153ufs quotidiennement, dans les bonnes p\u00e9riodes, ce sont donc environ 250 \u0153ufs qui devraient \u00eatre collect\u00e9s, mais aujourd&rsquo;hui, avec 60 \u0153ufs, nous sommes\u00a0loin du compte !<\/p>\n<p style=\"text-align: justify;\">Comme l&rsquo;expliquait Micka\u00ebl dans son dernier courrier qu&rsquo;il vous a envoy\u00e9, l&rsquo;autopsie d&rsquo;une poule pratiqu\u00e9e par un v\u00e9t\u00e9rinaire \u00e0 mis en exergue la pr\u00e9sence de t\u00e6nias (<em>voir clich\u00e9 ci-dessous<\/em>), ver parasite end\u00e9mique et auquel les aviculteurs sont habitu\u00e9s car l&rsquo;organisme d&rsquo;une poule en bonne sant\u00e9 parvient \u00e0 cohabiter tant bien que mal avec ce dernier.<\/p>\n<p style=\"text-align: justify;\"><a href=\"http:\/\/www.lesjardinsdelaroussiere.fr\/?attachment_id=7526\" rel=\"attachment wp-att-7526\"><img decoding=\"async\" loading=\"lazy\" class=\"aligncenter size-full wp-image-7526\" src=\"http:\/\/lesjardinsdelaroussiere.fr\/wp-content\/uploads\/2016\/05\/22_Taenia.jpg\" alt=\"22_Taenia\" width=\"600\" height=\"357\" srcset=\"http:\/\/lesjardinsdelaroussiere.fr\/wp-content\/uploads\/2016\/05\/22_Taenia.jpg 600w, http:\/\/lesjardinsdelaroussiere.fr\/wp-content\/uploads\/2016\/05\/22_Taenia-300x179.jpg 300w, http:\/\/lesjardinsdelaroussiere.fr\/wp-content\/uploads\/2016\/05\/22_Taenia-500x298.jpg 500w\" sizes=\"(max-width: 600px) 100vw, 600px\" \/><\/a><\/p>\n<p style=\"text-align: justify;\">Les poules ont \u00e9galement \u00e9t\u00e9 victimes de bronchites ce qui n&rsquo;a pas arrang\u00e9 les affaires.<\/p>\n<p style=\"text-align: justify;\">Le cumul d\u2019une nourriture devenue inappropri\u00e9e, car ayant perdu une partie de ses valeurs nutritives, le t\u00e6nia qui en profite pour reprendre le dessus, une bronchite, vous avez l&rsquo;\u00e9quation compl\u00e8te qui expliquerait la chute brutale de ponte des \u00ab\u00a0mitraillettes\u00a0\u00bb telles qu&rsquo;elles sont surnomm\u00e9es dans le milieu, comme me l&rsquo;apprend malicieusement Micka\u00ebl !<\/p>\n<p style=\"text-align: justify;\">En temps normal, 95% environ des poules produisent leur \u0153uf tout au long de l&rsquo;ann\u00e9e, la part de l&rsquo;atelier ne repr\u00e9sente fort heureusement que 10% environ du chiffre d&rsquo;affaires, mais les poules ont \u00e9t\u00e9 s\u00e9lectionn\u00e9es car elles font partie d&rsquo;un cercle vertueux et elles jouent notamment leur r\u00f4le dans les vergers en venant lutter contre un autre parasite mais pour les fruitiers cette fois-ci, le carpocapse (<em>voir clich\u00e9s ci-dessous, stade du papillon et de la\u00a0chenille<\/em>).<\/p>\n<p style=\"text-align: justify;\">C&rsquo;est le stade larvaire qui cause le plus de d\u00e9g\u00e2ts, car \u00e0 l&rsquo;origine il s&rsquo;agit de l\u2019\u0153uf pondu par un l\u00e9pidopt\u00e8re (papillons), de la famille des tordeuses, de 2 cm environ, qui vient pondre sur les tiges ou les feuilles des arbres fruitiers pendant la nuit.<\/p>\n<p style=\"text-align: justify;\"><a href=\"http:\/\/www.lesjardinsdelaroussiere.fr\/?attachment_id=7527\" rel=\"attachment wp-att-7527\"><img decoding=\"async\" loading=\"lazy\" class=\"aligncenter size-full wp-image-7527\" src=\"http:\/\/lesjardinsdelaroussiere.fr\/wp-content\/uploads\/2016\/05\/23_Carpocapse.jpg\" alt=\"23_Carpocapse\" width=\"600\" height=\"450\" srcset=\"http:\/\/lesjardinsdelaroussiere.fr\/wp-content\/uploads\/2016\/05\/23_Carpocapse.jpg 600w, http:\/\/lesjardinsdelaroussiere.fr\/wp-content\/uploads\/2016\/05\/23_Carpocapse-300x225.jpg 300w, http:\/\/lesjardinsdelaroussiere.fr\/wp-content\/uploads\/2016\/05\/23_Carpocapse-400x300.jpg 400w\" sizes=\"(max-width: 600px) 100vw, 600px\" \/><\/a><\/p>\n<p style=\"text-align: justify;\">Mais ce n&rsquo;est pas la premi\u00e8re g\u00e9n\u00e9ration qui est la plus destructrice (cela ne les emp\u00eache pas de p\u00e9n\u00e9trer dans certains fruits et de les consommer de l\u2019int\u00e9rieur, <em>voir 2\u00e8me clich\u00e9 ci-dessous<\/em>), c&rsquo;est la seconde qui appara\u00eet en ao\u00fbt, car, \u00e0 maturit\u00e9, certains quittent l&rsquo;abri de l&rsquo;\u00e9corce de l&rsquo;arbre pour aller se cacher dans le sol afin de\u00a0se transformer en nymphe dans un cocon blanch\u00e2tre le printemps suivant pour que le cycle complet recommence, et c&rsquo;est l\u00e0 que les poules interviennent !<\/p>\n<p style=\"text-align: justify;\"><a href=\"http:\/\/www.lesjardinsdelaroussiere.fr\/?attachment_id=7534\" rel=\"attachment wp-att-7534\"><img decoding=\"async\" loading=\"lazy\" class=\"aligncenter size-full wp-image-7534\" src=\"http:\/\/lesjardinsdelaroussiere.fr\/wp-content\/uploads\/2016\/05\/24_Carpocapse_chenille.jpg\" alt=\"24_Carpocapse_chenille\" width=\"600\" height=\"450\" srcset=\"http:\/\/lesjardinsdelaroussiere.fr\/wp-content\/uploads\/2016\/05\/24_Carpocapse_chenille.jpg 600w, http:\/\/lesjardinsdelaroussiere.fr\/wp-content\/uploads\/2016\/05\/24_Carpocapse_chenille-300x225.jpg 300w, http:\/\/lesjardinsdelaroussiere.fr\/wp-content\/uploads\/2016\/05\/24_Carpocapse_chenille-400x300.jpg 400w\" sizes=\"(max-width: 600px) 100vw, 600px\" \/><\/a><\/p>\n<p style=\"text-align: justify;\"><a href=\"http:\/\/www.lesjardinsdelaroussiere.fr\/?attachment_id=7539\" rel=\"attachment wp-att-7539\"><img decoding=\"async\" loading=\"lazy\" class=\"aligncenter size-full wp-image-7539\" src=\"http:\/\/lesjardinsdelaroussiere.fr\/wp-content\/uploads\/2016\/05\/25_Carpocapse_degats_pomme.jpg\" alt=\"25_Carpocapse_degats_pomme\" width=\"600\" height=\"391\" srcset=\"http:\/\/lesjardinsdelaroussiere.fr\/wp-content\/uploads\/2016\/05\/25_Carpocapse_degats_pomme.jpg 600w, http:\/\/lesjardinsdelaroussiere.fr\/wp-content\/uploads\/2016\/05\/25_Carpocapse_degats_pomme-300x196.jpg 300w, http:\/\/lesjardinsdelaroussiere.fr\/wp-content\/uploads\/2016\/05\/25_Carpocapse_degats_pomme-460x300.jpg 460w\" sizes=\"(max-width: 600px) 100vw, 600px\" \/><\/a><\/p>\n<p style=\"text-align: justify;\">Les poules changent en outre de parcelle (o\u00f9 sont plant\u00e9s les arbres fruitiers) tous les 3 mois afin de ne pas \u00e9puiser les ressources et de continuer de b\u00e9n\u00e9ficier d&rsquo;une alimentation riche, vari\u00e9e, et compl\u00e8te.<\/p>\n<p style=\"text-align: justify;\">Micka\u00ebl ajoute que pour vivre de l&rsquo;aviculture, une exploitation doit comprendre environ 12 000 poules, on est donc bien en marge du stade de rentabilit\u00e9 en aviculture et c&rsquo;est donc bien le cercle vertueux uniquement qui est recherch\u00e9 comme \u00e9voqu\u00e9 plus haut.<\/p>\n<p style=\"text-align: justify;\">De plus il faut savoir que cette activit\u00e9 est tr\u00e8s demandeuse en main d&rsquo;oeuvre, et Micka\u00ebl m&rsquo;avoue discr\u00e8tement qu&rsquo;il est bien heureux lorsqu&rsquo;il a fini ses 6 mois pour passer le flambeau \u00e0 Jean-Luc qui poursuit le reste de l&rsquo;ann\u00e9e, et se consacrer \u00e0 plein temps aux fruits rouges&#8230;<\/p>\n<p style=\"text-align: justify;\">A la lumi\u00e8re de toutes ces explications fournies par Micka\u00ebl vous comprendrez un peu mieux ce qui l&rsquo;a pouss\u00e9 ainsi que Jean-Luc bien s\u00fbr, \u00e0 vendre au plus vite \u00e0 prix r\u00e9duit les poules pr\u00eates \u00e0 cuire&#8230;<\/p>\n<p style=\"text-align: justify;\">Esp\u00e9rons que le renouvellement des c\u00e9r\u00e9ales sera bien la clef du probl\u00e8me et que nos \u00ab\u00a0mitraillettes\u00a0\u00bb reprendront leur staccato d\u2019\u0153ufs pour le plus grand soulagement de nos amis de la Ronde des fruits et incidemment de l&rsquo;AMAP !<\/p>\n<p style=\"text-align: justify;\"><strong>Un mot pour la fin de la part de\u00a0Micka\u00ebl\u00a0:\u00a0<\/strong><\/p>\n<p style=\"text-align: justify;\"><strong>\u00ab\u00a0N<em>ous organisons un porte ouverte le 05 Juin prochain, deux\u00a0visites\u00a0seront\u00a0organis\u00e9es\u00a0le matin et l&rsquo;apr\u00e8s-midi, elles seront suivies d&rsquo;un\u00a0d\u00e9bat\u00a0sur la production bio !<\/em><\/strong><br \/>\n<strong><em>Nous vous attendons nombreuses et nombreux pour l&rsquo;occasion !\u00a0\u00bb.<\/em><\/strong><\/p>\n<p style=\"text-align: justify;\">Un autre article suivra probablement celui-ci afin d&rsquo;enqu\u00eater sur les mis\u00e8res de S\u00e9verine \u00e9galement, alors n&rsquo;oubliez pas de venir jeter un coup d\u2019\u0153il d&rsquo;ici peu ! \ud83d\ude09<\/p>\n<p style=\"text-align: justify;\"><em>Le webmaster.<\/em><\/p>\n","protected":false},"excerpt":{"rendered":"<p>Bonjour \u00e0 toutes et \u00e0 tous, D\u00e9cid\u00e9ment, la Nature peut-\u00eatre vraiment fac\u00e9tieuse avec nos producteurs de l&rsquo;AMAP, ce qui ne leur donne que plus de m\u00e9rite de devoir se battre contre les parasites ou les al\u00e9as climatiques ! Apr\u00e8s les &hellip; <a href=\"https:\/\/www.lesjardinsdelaroussiere.fr\/?p=7494\">Continuer la lecture <span class=\"meta-nav\">&rarr;<\/span><\/a><\/p>\n","protected":false},"author":2,"featured_media":0,"comment_status":"open","ping_status":"open","sticky":false,"template":"","format":"standard","meta":[],"categories":[6],"tags":[341,339,342,337,340,307,338],"views":2638,"_links":{"self":[{"href":"https:\/\/www.lesjardinsdelaroussiere.fr\/index.php?rest_route=\/wp\/v2\/posts\/7494"}],"collection":[{"href":"https:\/\/www.lesjardinsdelaroussiere.fr\/index.php?rest_route=\/wp\/v2\/posts"}],"about":[{"href":"https:\/\/www.lesjardinsdelaroussiere.fr\/index.php?rest_route=\/wp\/v2\/types\/post"}],"author":[{"embeddable":true,"href":"https:\/\/www.lesjardinsdelaroussiere.fr\/index.php?rest_route=\/wp\/v2\/users\/2"}],"replies":[{"embeddable":true,"href":"https:\/\/www.lesjardinsdelaroussiere.fr\/index.php?rest_route=%2Fwp%2Fv2%2Fcomments&post=7494"}],"version-history":[{"count":19,"href":"https:\/\/www.lesjardinsdelaroussiere.fr\/index.php?rest_route=\/wp\/v2\/posts\/7494\/revisions"}],"predecessor-version":[{"id":7674,"href":"https:\/\/www.lesjardinsdelaroussiere.fr\/index.php?rest_route=\/wp\/v2\/posts\/7494\/revisions\/7674"}],"wp:attachment":[{"href":"https:\/\/www.lesjardinsdelaroussiere.fr\/index.php?rest_route=%2Fwp%2Fv2%2Fmedia&parent=7494"}],"wp:term":[{"taxonomy":"category","embeddable":true,"href":"https:\/\/www.lesjardinsdelaroussiere.fr\/index.php?rest_route=%2Fwp%2Fv2%2Fcategories&post=7494"},{"taxonomy":"post_tag","embeddable":true,"href":"https:\/\/www.lesjardinsdelaroussiere.fr\/index.php?rest_route=%2Fwp%2Fv2%2Ftags&post=7494"}],"curies":[{"name":"wp","href":"https:\/\/api.w.org\/{rel}","templated":true}]}}