{"id":7359,"date":"2016-01-15T18:04:31","date_gmt":"2016-01-15T17:04:31","guid":{"rendered":"http:\/\/www.lesjardinsdelaroussiere.fr\/?p=7359"},"modified":"2016-01-30T09:00:36","modified_gmt":"2016-01-30T08:00:36","slug":"selection-participative-le-cas-pascal-poot","status":"publish","type":"post","link":"https:\/\/www.lesjardinsdelaroussiere.fr\/?p=7359","title":{"rendered":"Selection participative, le cas Pascal POOT"},"content":{"rendered":"<p style=\"text-align: justify;\">Bonjour \u00e0 toutes et \u00e0 tous,<\/p>\n<p style=\"text-align: justify;\">2050, les mauvaises herbes, Gregor Mendel, mais quel et le lien entre ces trois \u00e9l\u00e9ments, un jeu, un Quizz, une charade !?<\/p>\n<p style=\"text-align: justify;\"><a href=\"http:\/\/www.lesjardinsdelaroussiere.fr\/?attachment_id=7376\" rel=\"attachment wp-att-7376\"><img decoding=\"async\" loading=\"lazy\" class=\"aligncenter size-full wp-image-7376\" src=\"http:\/\/lesjardinsdelaroussiere.fr\/wp-content\/uploads\/2016\/01\/2050_Mendel_mauvaises_herbes.jpg\" alt=\"2050 Mendel mauvaises herbes\" width=\"667\" height=\"178\" srcset=\"http:\/\/lesjardinsdelaroussiere.fr\/wp-content\/uploads\/2016\/01\/2050_Mendel_mauvaises_herbes.jpg 667w, http:\/\/lesjardinsdelaroussiere.fr\/wp-content\/uploads\/2016\/01\/2050_Mendel_mauvaises_herbes-300x80.jpg 300w, http:\/\/lesjardinsdelaroussiere.fr\/wp-content\/uploads\/2016\/01\/2050_Mendel_mauvaises_herbes-600x160.jpg 600w, http:\/\/lesjardinsdelaroussiere.fr\/wp-content\/uploads\/2016\/01\/2050_Mendel_mauvaises_herbes-500x133.jpg 500w\" sizes=\"(max-width: 667px) 100vw, 667px\" \/><\/a><\/p>\n<p style=\"text-align: justify;\">Presque, pris s\u00e9par\u00e9ment, ces trois \u00e9l\u00e9ments semblent pointer sur la g\u00e9n\u00e9tique, l&rsquo;agriculture, le climat, mais en fait ils esquissent un sc\u00e9nario pour affronter un\u00a0avenir possible que je vous invite \u00e0 d\u00e9couvrir dans ce jeu de pistes !<!--more--><\/p>\n<p style=\"text-align: justify;\">2050, c&rsquo;est la date des mod\u00e8les math\u00e9matiques des climatologues fran\u00e7ais, qui indique que la hauteur du mercure sera le m\u00eame \u00e0 Paris que celle de Toulouse aujourd&rsquo;hui en plein \u00e9t\u00e9 si rien n&rsquo;est fait concr\u00e8tement d&rsquo;ici l\u00e0 !<\/p>\n<div id=\"attachment_7361\" style=\"width: 993px\" class=\"wp-caption alignnone\"><a href=\"http:\/\/www.lesjardinsdelaroussiere.fr\/?attachment_id=7361\" rel=\"attachment wp-att-7361\"><img aria-describedby=\"caption-attachment-7361\" decoding=\"async\" loading=\"lazy\" class=\"wp-image-7361 size-full\" src=\"http:\/\/lesjardinsdelaroussiere.fr\/wp-content\/uploads\/2016\/01\/Carte_France_meteo_2050.jpg\" alt=\"Carte France m\u00e9t\u00e9o 2050\" width=\"983\" height=\"587\" srcset=\"http:\/\/lesjardinsdelaroussiere.fr\/wp-content\/uploads\/2016\/01\/Carte_France_meteo_2050.jpg 983w, http:\/\/lesjardinsdelaroussiere.fr\/wp-content\/uploads\/2016\/01\/Carte_France_meteo_2050-300x179.jpg 300w, http:\/\/lesjardinsdelaroussiere.fr\/wp-content\/uploads\/2016\/01\/Carte_France_meteo_2050-768x459.jpg 768w, http:\/\/lesjardinsdelaroussiere.fr\/wp-content\/uploads\/2016\/01\/Carte_France_meteo_2050-600x358.jpg 600w, http:\/\/lesjardinsdelaroussiere.fr\/wp-content\/uploads\/2016\/01\/Carte_France_meteo_2050-500x300.jpg 500w\" sizes=\"(max-width: 983px) 100vw, 983px\" \/><\/a><p id=\"caption-attachment-7361\" class=\"wp-caption-text\">Projection des temp\u00e9ratures en \u00e9t\u00e9 en France en 2040 sans changement (Sources : <a href=\"http:\/\/meridianes.org\/2012\/03\/24\/quelle-france-en-2040-2050\/\">http:\/\/meridianes.org\/2012\/03\/24\/quelle-france-en-2040-2050\/<\/a> ).<\/p><\/div>\n<p style=\"text-align: justify;\">Les derniers \u00e9pisodes caniculaires qui se multiplient ; 1983, 1994, 1996, 2003, 2006 et 2013 ; sont l\u00e0 pour nous\u00a0rappeler plus d&rsquo;un si\u00e8cle d&rsquo;indigence et de n\u00e9gligence !<\/p>\n<p style=\"text-align: justify;\">Encore peut-on excuser nos a\u00efeux, car ils ne disposaient pas des outils modernes pour\u00a0constater les cons\u00e9quences de la R\u00e9volution Industrielle et l&rsquo;essor du XX\u00e8me si\u00e8cle !<\/p>\n<p style=\"text-align: justify;\">Bien \u00e9videmment <a href=\"https:\/\/www.ipcc.ch\/publications_and_data\/ar4\/syr\/fr\/spms3.html\" target=\"_blank\">tous ces chiffres et toutes ces projections sont sujets \u00e0 caution<\/a>, car de nombreux param\u00e8tres sont impliqu\u00e9s, certains sont du ressort de l&rsquo;homme, d&rsquo;autres sont li\u00e9s\u00a0\u00e0 la Nature tels que le ph\u00e9nom\u00e8ne El Ni\u00f1o, les \u00e9ruptions volcaniques, etc.<\/p>\n<p style=\"text-align: justify;\">Dame Nature nous a parfois surpris par sa capacit\u00e9 d&rsquo;adaptation, j&rsquo;en veux pour preuve <a href=\"http:\/\/www.planetoscope.com\/co2\/265-dissolution-de-co2-atmospherique-dans-l-eau-des-oceans-et-des-mers.html\" target=\"_blank\">l&rsquo;absorption du CO2 par les oc\u00e9ans<\/a> par exemple, qui n&rsquo;a \u00e9t\u00e9 prise en compte que fort r\u00e9cemment dans les mod\u00e9lisations, mais elle\u00a0ne pourra pas toujours compenser l&rsquo;incurie de l&rsquo;homme&#8230;<\/p>\n<p style=\"text-align: justify;\">Les traces \u00e9videntes de ces limites sont l\u00e0 aujourd&rsquo;hui \u00e0 travers le Monde pour le prouver, notamment la mont\u00e9e inexorable des eaux (je vous invite \u00e0 aller jeter un coup d\u2019\u0153il sur ce <a href=\"http:\/\/sboisse.free.fr\/planete\/simulateur-de-montee-des-oceans.php\" target=\"_blank\">simulateur de mont\u00e9e des oc\u00e9ans<\/a>, c&rsquo;est assez \u00e9difiant !) sans parler des for\u00eats qui se meurent dans les zones industrielles par la retomb\u00e9e de pluies acides.<\/p>\n<div id=\"attachment_7400\" style=\"width: 550px\" class=\"wp-caption aligncenter\"><a href=\"http:\/\/www.lesjardinsdelaroussiere.fr\/?attachment_id=7400\" rel=\"attachment wp-att-7400\"><img aria-describedby=\"caption-attachment-7400\" decoding=\"async\" loading=\"lazy\" class=\"size-full wp-image-7400\" src=\"http:\/\/lesjardinsdelaroussiere.fr\/wp-content\/uploads\/2016\/01\/Montee_des_oceans_la_France_en_2100.jpg\" alt=\"La mont\u00e9e des oc\u00e9ans : la France en 2100 avec 1 m d'eau en plus !\" width=\"540\" height=\"360\" srcset=\"http:\/\/lesjardinsdelaroussiere.fr\/wp-content\/uploads\/2016\/01\/Montee_des_oceans_la_France_en_2100.jpg 540w, http:\/\/lesjardinsdelaroussiere.fr\/wp-content\/uploads\/2016\/01\/Montee_des_oceans_la_France_en_2100-300x200.jpg 300w, http:\/\/lesjardinsdelaroussiere.fr\/wp-content\/uploads\/2016\/01\/Montee_des_oceans_la_France_en_2100-450x300.jpg 450w\" sizes=\"(max-width: 540px) 100vw, 540px\" \/><\/a><p id=\"caption-attachment-7400\" class=\"wp-caption-text\">La mont\u00e9e des oc\u00e9ans : la France en 2100 avec 1 m d&rsquo;eau en plus !<\/p><\/div>\n<p style=\"text-align: justify;\">Ok pour 2050, mais quel est le rapport avec les mauvaises herbes et ce Gregor Mendel ?<\/p>\n<p style=\"text-align: justify;\">Bien entendu, il est li\u00e9 \u00e0 la Nature, mais pour ceux qui ont entendu parler de ce moine hongrois, les pi\u00e8ces du puzzle commencent peut-\u00eatre \u00e0 s&rsquo;assembler&#8230;<\/p>\n<p style=\"text-align: justify;\">Pour tous les lyc\u00e9ens, cela rappelle bien entendu les souvenirs du manuel de Science Nat&rsquo;, pardon, des \u00ab\u00a0sciences de la Vie\u00a0\u00bb, lorsque l&rsquo;on aborde la gen\u00e8se\u00a0de la g\u00e9n\u00e9tique.<\/p>\n<p style=\"text-align: justify;\">De son vrai pr\u00e9nom, Johann, Mendel est n\u00e9 en Sil\u00e9sie en 1822.<\/p>\n<p style=\"text-align: justify;\"><a href=\"http:\/\/www.lesjardinsdelaroussiere.fr\/?attachment_id=7371\" rel=\"attachment wp-att-7371\"><img decoding=\"async\" loading=\"lazy\" class=\"aligncenter size-full wp-image-7371\" src=\"http:\/\/lesjardinsdelaroussiere.fr\/wp-content\/uploads\/2016\/01\/Gregor_MENDEL.jpg\" alt=\"Gregor MENDEL\" width=\"300\" height=\"304\" srcset=\"http:\/\/lesjardinsdelaroussiere.fr\/wp-content\/uploads\/2016\/01\/Gregor_MENDEL.jpg 300w, http:\/\/lesjardinsdelaroussiere.fr\/wp-content\/uploads\/2016\/01\/Gregor_MENDEL-296x300.jpg 296w\" sizes=\"(max-width: 300px) 100vw, 300px\" \/><\/a><\/p>\n<p style=\"text-align: justify;\">Apr\u00e8s une adolescence qui ne le pr\u00e9destinait pas \u00e0 la vie monacale, les contraintes financi\u00e8res de l&rsquo;\u00e9poque et l&rsquo;accident de son p\u00e8re dans\u00a0sa ferme, l&rsquo;ont amen\u00e9 \u00e0 entrer en d\u00e9sespoir de cause au monast\u00e8re de\u00a0Saint Thomas afin de poursuivre de brillantes \u00e9tudes universitaires\u00a0commenc\u00e9es avant l\u2019\u00e9v\u00e9nement.<\/p>\n<p style=\"text-align: justify;\">C&rsquo;\u00e9tait la seule mani\u00e8re de pouvoir continuer ses \u00e9tudes \u00e0 l&rsquo;\u00e9poque, sans aide financi\u00e8re !<\/p>\n<p style=\"text-align: justify;\">Latin, grec, math\u00e9matiques, physique, botanique, physiologie v\u00e9g\u00e9tale, entomologie, pal\u00e9ontologie, th\u00e9ologie, agriculture, viticulture, toutes ces mati\u00e8res lui apporteront de solides bases m\u00e9thodologiques qui contribueront \u00e0 faire germer dans l&rsquo;esprit de Gregor (le nom qu&rsquo;il prendra apr\u00e8s son noviciat au monast\u00e8re de Brno) ses 3 futures lois \u00e9ponymes.<\/p>\n<p style=\"text-align: justify;\">C&rsquo;est dans le jardin exp\u00e9rimental qu&rsquo;il installera en 1854 au monast\u00e8re, qu&rsquo;il effectuera patiemment toutes ses manipulations.<\/p>\n<div id=\"attachment_7365\" style=\"width: 645px\" class=\"wp-caption alignnone\"><a href=\"http:\/\/www.lesjardinsdelaroussiere.fr\/?attachment_id=7365\" rel=\"attachment wp-att-7365\"><img aria-describedby=\"caption-attachment-7365\" decoding=\"async\" loading=\"lazy\" class=\"wp-image-7365 size-full\" src=\"http:\/\/lesjardinsdelaroussiere.fr\/wp-content\/uploads\/2016\/01\/Sept_caracteres_etudies_par_Mendel.jpg\" alt=\"Sept caract\u00e8res etudi\u00e9s par Mendel\" width=\"635\" height=\"446\" srcset=\"http:\/\/lesjardinsdelaroussiere.fr\/wp-content\/uploads\/2016\/01\/Sept_caracteres_etudies_par_Mendel.jpg 635w, http:\/\/lesjardinsdelaroussiere.fr\/wp-content\/uploads\/2016\/01\/Sept_caracteres_etudies_par_Mendel-300x211.jpg 300w, http:\/\/lesjardinsdelaroussiere.fr\/wp-content\/uploads\/2016\/01\/Sept_caracteres_etudies_par_Mendel-600x421.jpg 600w, http:\/\/lesjardinsdelaroussiere.fr\/wp-content\/uploads\/2016\/01\/Sept_caracteres_etudies_par_Mendel-427x300.jpg 427w\" sizes=\"(max-width: 635px) 100vw, 635px\" \/><\/a><p id=\"caption-attachment-7365\" class=\"wp-caption-text\">Les 7 caract\u00e8res \u00e9tudi\u00e9s par Mendel sur les pois.<\/p><\/div>\n<p style=\"text-align: justify;\">Celles-ci commenceront avec les pois, puis se poursuivront un temps avec des souris qu&rsquo;il \u00e9levait dans sa chambre au monast\u00e8re&#8230;<\/p>\n<p style=\"text-align: justify;\">En 1869, il pr\u00e9sente son travail \u00e0 la s\u00e9ance des Sciences Naturelles de Brno, m\u00eame si ces travaux sur une plante commun\u00e9ment appel\u00e9e l&rsquo;\u00e9pervi\u00e8re ne concordent pas avec ceux sur les petits pois, ce qui ne l&#8217;emp\u00eachera pas de les publier.<\/p>\n<p style=\"text-align: justify;\">Mais \u00e0 partir de 1875, le contexte \u00e9conomique et politique l\u2019am\u00e8nent \u00e0 se retirer petit \u00e0 petit de ses activit\u00e9s de recherche, une insuffisance r\u00e9nale viendra compliquer sa vie en 1883, il s\u2019\u00e9teindra discr\u00e8tement en 1884 dans le monast\u00e8re de Brno.<\/p>\n<p style=\"text-align: justify;\">Les 3 lois de Mendel ne le deviendront que bien longtemps apr\u00e8s sa mort, ses travaux\u00a0ne seront en effet red\u00e9couverts qu&rsquo;au tout d\u00e9but du bouillonnant XX\u00e8me si\u00e8cle par Hugo de Vries, Carl Erich Correns et Von Tschermak, entre autres.<\/p>\n<p style=\"text-align: justify;\">Les lois de Mendel constituent en fait les pr\u00e9mices de la g\u00e9n\u00e9tique, mais disons que pour simplifier \u00e0 l&rsquo;extr\u00eame (le but de cet article n&rsquo;\u00e9tant pas de faire un cours sur la g\u00e9n\u00e9tique) que les g\u00e8nes sont transmis d&rsquo;une certaine fa\u00e7on par l&rsquo;ADN (mol\u00e9cule de support de l&rsquo;h\u00e9r\u00e9dit\u00e9 pr\u00e9sente dans chacune de nos cellules) \u00e0 la descendance, cela se traduit par des caract\u00e8res physiques mais \u00e9galement d&rsquo;autres aspects comme la r\u00e9sistance \u00e0 des parasites, au froid, au chaud, \u00e0 la s\u00e9cheresse, etc.<\/p>\n<p style=\"text-align: justify;\">En effet, il n&rsquo;y a pas que les mutations ayant lieu au moment de la reproduction ou suite \u00e0 des modifications accidentelles de l&rsquo;ADN, l&rsquo;environnement est \u00e9galement une des causes de ce ph\u00e9nom\u00e8ne, notamment par un stress important (s\u00e9cheresse, froid, acidit\u00e9 intenses, etc.) cela s&rsquo;appelle des \u00ab\u00a0<a href=\"http:\/\/www.agence-nationale-recherche.fr\/projet-anr\/?tx_lwmsuivibilan_pi2%5BCODE%5D=ANR-12-ADAP-0020\" target=\"_blank\">variations \u00e9pig\u00e9n\u00e9tiques<\/a>\u00ab\u00a0, c&rsquo;est ce qui fait la richesse de la Nature et ce qui a permis \u00e0 celle-ci de s\u2019adapter pendant plus de 4,5 milliards d&rsquo;ann\u00e9es d&rsquo;\u00e9volution.<\/p>\n<p style=\"text-align: justify;\">Tout cela, Mendel ne pouvait pas le savoir, ne disposant pas de la technologie pour le prouver, mais il en a peut-\u00eatre eu l&rsquo;intuition lors de ses nombreuses exp\u00e9rimentations.<br \/>\nQuoi qu&rsquo;il en soit, les lois de Mendel ont fortement contribu\u00e9 \u00e0 comprendre ce qui allait devenir la g\u00e9n\u00e9tique et ses cons\u00e9quences sur le monde du vivant.<\/p>\n<div id=\"attachment_7366\" style=\"width: 427px\" class=\"wp-caption alignnone\"><a href=\"http:\/\/www.lesjardinsdelaroussiere.fr\/?attachment_id=7366\" rel=\"attachment wp-att-7366\"><img aria-describedby=\"caption-attachment-7366\" decoding=\"async\" loading=\"lazy\" class=\"wp-image-7366 size-full\" src=\"http:\/\/lesjardinsdelaroussiere.fr\/wp-content\/uploads\/2016\/01\/Trois_lois_de_Mendel.jpg\" alt=\"Trois lois de Mendel\" width=\"417\" height=\"387\" srcset=\"http:\/\/lesjardinsdelaroussiere.fr\/wp-content\/uploads\/2016\/01\/Trois_lois_de_Mendel.jpg 417w, http:\/\/lesjardinsdelaroussiere.fr\/wp-content\/uploads\/2016\/01\/Trois_lois_de_Mendel-300x278.jpg 300w, http:\/\/lesjardinsdelaroussiere.fr\/wp-content\/uploads\/2016\/01\/Trois_lois_de_Mendel-323x300.jpg 323w\" sizes=\"(max-width: 417px) 100vw, 417px\" \/><\/a><p id=\"caption-attachment-7366\" class=\"wp-caption-text\">Les 3 lois de Mendel expliquant la diff\u00e9rence entre g\u00e9notype et ph\u00e9notype.<\/p><\/div>\n<p style=\"text-align: justify;\">C&rsquo;est bien joli tout cela, mais si l&rsquo;on revenait \u00e0 nos 3 indices de d\u00e9but de cet article !?<\/p>\n<p style=\"text-align: justify;\">Et puis qu&rsquo;est-ce que la \u00ab\u00a0s\u00e9lection participative\u00a0\u00bb et qui est ce Pascal POOT ?<\/p>\n<p style=\"text-align: justify;\">La s\u00e9cheresse, les mauvaises herbes, ce ne sont que deux facteurs qui ont contribu\u00e9 \u00e0 la d\u00e9marche de Pascal POOT, agriculteur dans le sud-est de la France \u00e0 Olmet-et-Villecun, fils d&rsquo;agriculteur qui n&rsquo;a pas fait de longues \u00e9tudes, mais qui a su brillamment tirer les le\u00e7ons des bouleversements climatiques, arm\u00e9 de son seul bon sens !<\/p>\n<div id=\"attachment_7369\" style=\"width: 660px\" class=\"wp-caption alignnone\"><a href=\"http:\/\/www.lesjardinsdelaroussiere.fr\/?attachment_id=7369\" rel=\"attachment wp-att-7369\"><img aria-describedby=\"caption-attachment-7369\" decoding=\"async\" loading=\"lazy\" class=\"wp-image-7369 size-full\" src=\"http:\/\/lesjardinsdelaroussiere.fr\/wp-content\/uploads\/2016\/01\/Pascal_POOT_champ.jpg\" alt=\"Pascal POOT dans ses champs\" width=\"650\" height=\"462\" srcset=\"http:\/\/lesjardinsdelaroussiere.fr\/wp-content\/uploads\/2016\/01\/Pascal_POOT_champ.jpg 650w, http:\/\/lesjardinsdelaroussiere.fr\/wp-content\/uploads\/2016\/01\/Pascal_POOT_champ-300x213.jpg 300w, http:\/\/lesjardinsdelaroussiere.fr\/wp-content\/uploads\/2016\/01\/Pascal_POOT_champ-600x426.jpg 600w, http:\/\/lesjardinsdelaroussiere.fr\/wp-content\/uploads\/2016\/01\/Pascal_POOT_champ-422x300.jpg 422w\" sizes=\"(max-width: 650px) 100vw, 650px\" \/><\/a><p id=\"caption-attachment-7369\" class=\"wp-caption-text\">Photo article Marianne 11 au 17 d\u00e9cembre 2015.<\/p><\/div>\n<p style=\"text-align: justify;\">Aujourd&rsquo;hui on apprend aux jeunes agriculteurs\u00a0que pour la culture il faut des semences high-tech, fruits de l\u2019ing\u00e9nierie g\u00e9n\u00e9tique et de l&rsquo;hybridation, de l&rsquo;eau, beaucoup d&rsquo;eau, de l&rsquo;engrais, beaucoup d&rsquo;engrais, et l&rsquo;aide du mat\u00e9riel agricole \u00e9galement high-tech, g\u00e9o-localis\u00e9, pour optimiser le rendement du moindre m\u00e8tre carr\u00e9.<\/p>\n<p style=\"text-align: justify;\">Pascal POOT, lui, est parti du constat que la Nature se d\u00e9brouillait tr\u00e8s bien par elle-m\u00eame, la preuve, si vous laissez un champ \u00e0 l&rsquo;abandon, bien vite, ce que l&rsquo;on s\u2019\u00e9vertue \u00e0 \u00e9radiquer, c&rsquo;est \u00e0 dire les \u00ab\u00a0mauvaises herbes\u00a0\u00bb, reviendra, et il n&rsquo;est pas besoin de leur apporter de l&rsquo;engrais, ni de les arroser abondamment, elles survivent et prosp\u00e8rent m\u00eame sous des temp\u00e9ratures pourtant caniculaires !<\/p>\n<p style=\"text-align: justify;\"><a href=\"http:\/\/www.lesjardinsdelaroussiere.fr\/?attachment_id=7373\" rel=\"attachment wp-att-7373\"><img decoding=\"async\" loading=\"lazy\" class=\"aligncenter size-full wp-image-7373\" src=\"http:\/\/lesjardinsdelaroussiere.fr\/wp-content\/uploads\/2016\/01\/Mauvaises_herbes.jpg\" alt=\"Mauvaises_herbes\" width=\"650\" height=\"433\" srcset=\"http:\/\/lesjardinsdelaroussiere.fr\/wp-content\/uploads\/2016\/01\/Mauvaises_herbes.jpg 650w, http:\/\/lesjardinsdelaroussiere.fr\/wp-content\/uploads\/2016\/01\/Mauvaises_herbes-300x200.jpg 300w, http:\/\/lesjardinsdelaroussiere.fr\/wp-content\/uploads\/2016\/01\/Mauvaises_herbes-600x400.jpg 600w, http:\/\/lesjardinsdelaroussiere.fr\/wp-content\/uploads\/2016\/01\/Mauvaises_herbes-450x300.jpg 450w\" sizes=\"(max-width: 650px) 100vw, 650px\" \/><\/a><\/p>\n<p style=\"text-align: justify;\">Petit \u00e0 petit, a germ\u00e9 cette intuition qu&rsquo;il serait peut-\u00eatre int\u00e9ressant d&rsquo;exploiter cette force de la Nature et de l&rsquo;appliquer aux cultures vivri\u00e8res !<\/p>\n<p style=\"text-align: justify;\">Cette id\u00e9e n&rsquo;est pas apparue spontan\u00e9ment, elle a \u00e9t\u00e9 le fruit de r\u00e9flexions bas\u00e9es sur l&rsquo;observation mais aussi sur les souvenirs des plus anciens qui ont connu les m\u00e9thodes agricoles\u00a0du d\u00e9but du si\u00e8cle dernier, de leurs parents, et grands-parents qui parvenaient \u00e0 faire pousser des l\u00e9gumes sans l&rsquo;aide de semences pointues fournies par les grands groupes semenciers, sans produits phytosanitaires de synth\u00e8se, et sans arroser \u00e0 outrance.<\/p>\n<p style=\"text-align: justify;\">Certes les rendements \u00e9taient loin d\u2019atteindre ceux d&rsquo;aujourd&rsquo;hui, mais au final, cela leur revenait moins cher qu&rsquo;aujourd&rsquo;hui, et surtout ils \u00e9taient ind\u00e9pendants ou presque des firmes qui font aujourd&rsquo;hui payer \u00e0 prix d&rsquo;or leurs produits et services !<\/p>\n<p style=\"text-align: justify;\">Nos a\u00efeuls\u00a0utilisaient des esp\u00e8ces qui sont tomb\u00e9es petit \u00e0 petit en d\u00e9su\u00e9tude, depuis l\u2019av\u00e8nement de la g\u00e9n\u00e9tique qui justement, en partant d&rsquo;un bon sentiment, est devenue un v\u00e9ritable outil capitalistique rendant les agriculteurs totalement tributaires des grands groupes, mais \u00e9galement des contraintes environnementales requises par ces fragiles vari\u00e9t\u00e9s manipul\u00e9es g\u00e9n\u00e9tiquement !<\/p>\n<p style=\"text-align: justify;\">Le chiffre d&rsquo;affaires des semences et plants s&rsquo;\u00e9l\u00e8ve aujourd&rsquo;hui \u00e0 plus de 3,2 milliards d&rsquo;euros rien qu&rsquo;en France, et ce ne sont pas moins de 59 300 tonnes de pesticides pour une valeur de 2 milliards d&rsquo;euros, qui sont utilis\u00e9es en France, chaque ann\u00e9e, pour le plus grand bonheur des actionnaires des Bayer, Singenta, Monsanto, DuPont et compagnies !<\/p>\n<p style=\"text-align: justify;\">Inutile de sortir de Science Po pour comprendre qu&rsquo;aujourd&rsquo;hui l\u2019agriculture a \u00e9t\u00e9 mise en coupe r\u00e9gl\u00e9e par ces grands groupes, mais ils ne sont pas les seuls\u00a0responsables.<\/p>\n<p style=\"text-align: justify;\">Ajoutez \u00e0\u00a0cela un enseignement enti\u00e8rement d\u00e9vou\u00e9 \u00e0 la sacro-sainte technologie, aux th\u00e9ories de\u00a0l&rsquo;\u00e9conomie ultra lib\u00e9rale en vogue, un mille feuilles indigeste de l\u00e9gislations locales, nationales et europ\u00e9ennes et vous disposez d&rsquo;une marge de libert\u00e9 de r\u00e9flexion r\u00e9duite quasiment \u00e0 z\u00e9ro !<\/p>\n<p style=\"text-align: justify;\">Sauf si vous \u00eates Pascal POOT, et que vous souhaitez mener vos exp\u00e9riences sur votre \u00ab\u00a0lopin de terre\u00a0\u00bb de 30 hectares !<\/p>\n<p style=\"text-align: justify;\">Il faut cependant une bonne dose de volont\u00e9 pour exp\u00e9rimenter ses id\u00e9es sous le regard goguenard des conf\u00e8res\u00a0et les blagues \u00e0 deux sous !<\/p>\n<p style=\"text-align: justify;\">Il a commenc\u00e9 son exp\u00e9rience il y a environ 30 ans sur cette terre dont personne ne voulait !<\/p>\n<p style=\"text-align: justify;\">Pensez donc, de la terre o\u00f9 \u00e0 5 cm de profondeur environ, les cailloux sont plus nombreux que les mauvaises herbes au-dessus, pas une goutte d&rsquo;eau \u00e0 l\u2019horizon, juste du thym et des ch\u00e8vres venant brouter\u00a0la maigre pitance et un bon 35\/40\u00b0C en \u00e9t\u00e9 !<\/p>\n<p style=\"text-align: justify;\">En observant les\u00a0mauvaises herbes de ces champs, Pascal POOT s&rsquo;est dit que finalement, moins on s&rsquo;occupe des plantes et mieux elles se portent !<\/p>\n<p style=\"text-align: justify;\">C&rsquo;est alors devenu son credo.<\/p>\n<p style=\"text-align: justify;\">Au d\u00e9but des ann\u00e9es 80 donc, Pascal POOT a commenc\u00e9 \u00e0 planter des tomates sur cette terre aust\u00e8re et \u00e0 la grande stup\u00e9faction des autres agriculteurs du cru, ann\u00e9e apr\u00e8s ann\u00e9e, il est parvenu \u00e0 faire pousser des r\u00e9coltes de plus en plus importantes de tomates alors qu&rsquo;eux luttaient avec le mildiou, les maladies cryptogamiques (un champignon) et tous les autres parasites habituels !<br \/>\nDe surcro\u00eet, elles\u00a0avaient une belle chaire et s\u2019av\u00e9raient tr\u00e8s goutteuses !<br \/>\nDes \u00e9tudes montreront plus tard que le taux de vitamine C de ses tomates explosait les compteurs, de m\u00eame pour les antioxydants dont les vertus ne sont plus \u00e0 d\u00e9montrer de nos jours !<\/p>\n<p style=\"text-align: justify;\"><a href=\"http:\/\/www.lesjardinsdelaroussiere.fr\/?attachment_id=7389\" rel=\"attachment wp-att-7389\"><img decoding=\"async\" loading=\"lazy\" class=\"aligncenter size-full wp-image-7389\" src=\"http:\/\/lesjardinsdelaroussiere.fr\/wp-content\/uploads\/2016\/01\/Tomates.jpg\" alt=\"Tomates\" width=\"640\" height=\"419\" srcset=\"http:\/\/lesjardinsdelaroussiere.fr\/wp-content\/uploads\/2016\/01\/Tomates.jpg 640w, http:\/\/lesjardinsdelaroussiere.fr\/wp-content\/uploads\/2016\/01\/Tomates-300x196.jpg 300w, http:\/\/lesjardinsdelaroussiere.fr\/wp-content\/uploads\/2016\/01\/Tomates-600x393.jpg 600w, http:\/\/lesjardinsdelaroussiere.fr\/wp-content\/uploads\/2016\/01\/Tomates-458x300.jpg 458w\" sizes=\"(max-width: 640px) 100vw, 640px\" \/><\/a><\/p>\n<p style=\"text-align: justify;\">Forc\u00e9ment, les gens se sont dit qu&rsquo;il y avait un truc, ce n&rsquo;\u00e9tait pas possible autrement !<\/p>\n<p style=\"text-align: justify;\">Eh bien non, ou plut\u00f4t si !<\/p>\n<p style=\"text-align: justify;\">La premi\u00e8re ann\u00e9e, Pascal POOT a plant\u00e9 des tomates tout ce qu&rsquo;il y a de plus normal, il y avait peu de fruits, 2 ou 3 par pied, de surcro\u00eet de petite taille, mais la mortalit\u00e9 est rest\u00e9e faible, moins de 2% !<\/p>\n<p style=\"text-align: justify;\">Surpris mais encourag\u00e9\u00a0par ce premier r\u00e9sultat, il a ensuite r\u00e9cup\u00e9r\u00e9 les graines et les a replant\u00e9es l&rsquo;ann\u00e9e suivante, produisant cette fois-ci quelques kilos, puis l\u2019ann\u00e9e suivante un peu plus d\u2019une dizaine de kg !<br \/>\nAujourd&rsquo;hui certains plants produisent plus de 25 kg chacun !!!<\/p>\n<p style=\"text-align: justify;\">Aucune supercherie, le secret r\u00e9side entre autre, dans la technique ancestrale de germination appel\u00e9e \u00ab\u00a0\u00e0 couche chaude\u00a0\u00bb.<\/p>\n<p style=\"text-align: justify;\">Les graines r\u00e9colt\u00e9es sont d\u00e9pos\u00e9es sous serre dans des pots remplis de terreau que l&rsquo;on positionne sur un gros tas de fumier dont la temp\u00e9rature pouvant monter jusqu&rsquo;\u00e0 70\u00b0C chauffe la serre et permet la germination des graines quelques jours apr\u00e8s.<br \/>\nPascal POOT les replante dehors, et ensuite il ne s&rsquo;en occupe plus ou presque, laissant la Nature op\u00e9rer seule !<br \/>\nSi l&rsquo;on qualifie sa terre \u00ab\u00a0d&rsquo;aust\u00e8re\u00a0\u00bb, elle n&rsquo;en \u00e9tait pas moins un minimum fertile, on ne peut bien\u00a0entendu\u00a0pas faire pousser quoi que ce soit dans le d\u00e9sert sans aide massive&#8230;<\/p>\n<p style=\"text-align: justify;\"><a href=\"http:\/\/www.lesjardinsdelaroussiere.fr\/?attachment_id=7378\" rel=\"attachment wp-att-7378\"><img decoding=\"async\" loading=\"lazy\" class=\"aligncenter size-full wp-image-7378\" src=\"http:\/\/lesjardinsdelaroussiere.fr\/wp-content\/uploads\/2016\/01\/Germination_a_couche_chaude.jpg\" alt=\"Germination \u00e0 couche chaude\" width=\"500\" height=\"488\" srcset=\"http:\/\/lesjardinsdelaroussiere.fr\/wp-content\/uploads\/2016\/01\/Germination_a_couche_chaude.jpg 500w, http:\/\/lesjardinsdelaroussiere.fr\/wp-content\/uploads\/2016\/01\/Germination_a_couche_chaude-300x293.jpg 300w, http:\/\/lesjardinsdelaroussiere.fr\/wp-content\/uploads\/2016\/01\/Germination_a_couche_chaude-307x300.jpg 307w\" sizes=\"(max-width: 500px) 100vw, 500px\" \/><\/a><\/p>\n<p style=\"text-align: justify;\">Bien \u00e9videmment, lorsque l&rsquo;\u00e9t\u00e9 arrive, les plantes sont soumises \u00e0 un stress important, et c&rsquo;est ce stress qui induit la r\u00e9sistance des plantes.<br \/>\nDe g\u00e9n\u00e9ration en g\u00e9n\u00e9ration, les caract\u00e8res acquis (la r\u00e9sistance \u00e0 la s\u00e9cheresse par exemple), sont transmis, am\u00e9liorant ainsi les rendements !<br \/>\nVous comprenez mieux maintenant mon petit passage sur la g\u00e9n\u00e9tique, les lois de Mendel et les variations \u00e9pig\u00e9n\u00e9tiques ? \ud83d\ude09<\/p>\n<p>La m\u00e9thode de r\u00e9colte\u00a0des graines ne n\u00e9cessite aucune comp\u00e9tence de haut vol, elle\u00a0se d\u00e9coupe sch\u00e9matiquement en 4 \u00e9tapes :<\/p>\n<ul>\n<li>On r\u00e9cup\u00e8re les tomates le plus tard possible, avant les gel\u00e9es, ce qui fait qu&rsquo;elles auront r\u00e9sist\u00e9 \u00e0 la s\u00e9cheresse mais \u00e9galement aux pluies abondantes d&rsquo;automne.<\/li>\n<li>On extrait les graines et on les laisse fermenter dans un r\u00e9cipient, entour\u00e9es de leur g\u00e9latine (elle emp\u00eache la germination de celle-ci dans le fruit) et jusqu\u2019\u00e0 ce que celle-ci pourrisse.<\/li>\n<li>Apr\u00e8s 6 \u00e0 24h, on fait en sorte que les graines elles, ne pourrissent pas, on s\u00e9pare ensuite les graines de leur g\u00e9latine.<\/li>\n<li>On rince les graines \u00e0 l&rsquo;eau et on fait s\u00e9cher avant de les replanter.<\/li>\n<\/ul>\n<p style=\"text-align: justify;\">L&rsquo;autre secret, ce sont les esp\u00e8ces de tomates.<\/p>\n<p style=\"text-align: justify;\">Pascal POOT a constitu\u00e9 ce que l&rsquo;on appelle un \u00ab\u00a0conservatoire\u00a0\u00bb, auquel\u00a0les graines issues de ses propres exp\u00e9riences ont \u00e9t\u00e9 ajout\u00e9es, mais \u00e9galement d&rsquo;autres esp\u00e8ces de France et du monde entier sauv\u00e9es de la disparition par des passionn\u00e9s ou par leur adaptation \u00e0 des conditions extr\u00eames, mais qui ont vite \u00e9t\u00e9 \u00ab\u00a0oubli\u00e9es\u00a0\u00bb pour leur r\u00e9sistance par les grands groupes industriels plus pr\u00e9occup\u00e9s de fournir le fruit le plus parfait possible avec le meilleur rendement, mais avec le besoin de les couver avec une panoplie juteuse\u00a0de produits phytosanitaires&#8230;<br \/>\nIls ne vont tout de m\u00eame pas scier la branche sur laquelle ils sont assis\u00a0!<\/p>\n<p style=\"text-align: justify;\">Le conservatoire de Pascal POOT comprend aujourd&rsquo;hui un peu plus de 150 l\u00e9gumes mais la tomate qui a \u00e9t\u00e9 son premier essai est repr\u00e9sent\u00e9e par plus\u00a0de 300 vari\u00e9t\u00e9s !<br \/>\nCes graines sont librement disponibles moyennant l&rsquo;achat au d\u00e9part, ce qui n&rsquo;est pas le cas des hybrides des semenciers&#8230;<\/p>\n<p style=\"text-align: justify;\">En effet, aujourd&rsquo;hui, et ce depuis 1962, toutes les semences produites par ceux-ci\u00a0sont inscrites \u00e0 un catalogue officiel des esp\u00e8ces et vari\u00e9t\u00e9s qui sont autoris\u00e9es \u00e0 la vente par le Minist\u00e8re de l&rsquo;Agriculture, soit un peu plus de 4 000 vari\u00e9t\u00e9s (le G.N.I.S,\u00a0Groupement national interprofessionnel des semences et plants).<br \/>\nC&rsquo;est la raison pour laquelle un agriculteur ne peut pas replanter les graines qui sont la propri\u00e9t\u00e9 exclusive de ces grands groupes !<\/p>\n<p style=\"text-align: justify;\">C&rsquo;est d&rsquo;ailleurs ce qui fait que <a href=\"http:\/\/www.lepotagerdesante.com\/\" target=\"_blank\">les graines que vend Pascal POOT<\/a> sont \u00ab\u00a0ill\u00e9gales\u00a0\u00bb car le passage oblig\u00e9 c&rsquo;est le catalogue du G.N.I.S , mais des d\u00e9marches sont en cours, qui risquent d&rsquo;\u00eatre longues face aux colosses qui vont se r\u00e9fugier derri\u00e8re leurs puissants lobbies pour \u00e9viter que la d\u00e9marche n&rsquo;ouvre une br\u00e8che&#8230;<br \/>\nLe G.N.I.S a beau jeu d&rsquo;exciper la \u00ab\u00a0protection du consommateur\u00a0\u00bb et les sacro saintes r\u00e9glementations, et il ne se prive pas de participer aux descentes d\u00e9l\u00e9gu\u00e9es par la D.G.C.C.R.F (Direction G\u00e9n\u00e9rale de la Concurrence, de la consommation et de la R\u00e9pression des Fraudes) sur <a href=\"http:\/\/www.lemonde.fr\/planete\/article\/2014\/03\/12\/l-ariege-veut-sauver-ses-plants-de-tomates-rustiques_4381489_3244.html#L5vSe86h44mZisck.99\" target=\"_blank\">le march\u00e9 de Lavelnet en Ari\u00e8ge, \u00a0en 2013<\/a>\u00a0&#8230;<\/p>\n<p style=\"text-align: justify;\">Non seulement cela, mais comme il s&rsquo;agit d&rsquo;hybrides, elles ne peuvent donc pas se reproduire !<br \/>\nLa boucle est boucl\u00e9e, l&rsquo;agriculteur ne peut plus sortir du cercle vicieux&#8230;<\/p>\n<p style=\"text-align: justify;\">La d\u00e9marche de Pascal POOT a fait l&rsquo;objet de nombreux reportages des m\u00e9dias, les scientifiques se sont pench\u00e9s sur la question et n\u2019ont pas forc\u00e9ment \u00e9t\u00e9 surpris des r\u00e9sultats, du moins \u00e0 partir des ann\u00e9es 2000 o\u00f9 la d\u00e9marche a commenc\u00e9 \u00e0 faire t\u00e2che d&rsquo;huile..<\/p>\n<p style=\"text-align: justify;\">Plus globalement, la d\u00e9marche de Pascal POOT s&rsquo;inscrit aujourd&rsquo;hui dans une exp\u00e9rimentation appel\u00e9e la \u00ab\u00a0s\u00e9lection participative\u00a0\u00bb en France, et plusieurs exp\u00e9riences sont en cours.<\/p>\n<p style=\"text-align: justify;\">Nous y voil\u00e0 !<\/p>\n<p style=\"text-align: justify;\">Cette volont\u00e9 est une fa\u00e7on de prendre \u00e0 rebours la relation \u00ab\u00a0classique\u00a0\u00bb \u00e9tablie aujourd&rsquo;hui entre les agriculteurs et les chercheurs\/semenciers.<br \/>\nPlut\u00f4t que de laisser la science fournir les graines et planter en fin de cha\u00eene,\u00a0il s&rsquo;agit de renouer le dialogue entre chercheurs et paysans et d&rsquo;assurer une interaction constante entre eux avec \u00e0 la clef un enrichissement mutuel.<br \/>\nAujourd&rsquo;hui le constat est consternant, les int\u00e9r\u00eats sont presque diam\u00e9tralement oppos\u00e9s \u00e0 force d&rsquo;ignorer les producteurs, ce n&rsquo;est pas pour rien que l&rsquo;agriculture biologique est en plein essor !<\/p>\n<p style=\"text-align: justify;\">Les exp\u00e9riences de participation s\u00e9lective ont commenc\u00e9 au d\u00e9but des ann\u00e9es 2000 avec les choux et choux fleurs en Bretagne\u00a0(Plateforme Agrobiologique d&rsquo;inter Bio Bretagne \u00e0 Suscinio (la PAIS), 6 hectares situ\u00e9s \u00e0 Morlaix\u00a0) dont 120 populations de chou-fleur d&rsquo;automne et 100 d&rsquo;hiver ont \u00e9t\u00e9 \u00e9valu\u00e9es, le bl\u00e9 dur avec l&rsquo;exp\u00e9rience CEBIOCA en Camargue, le bl\u00e9 tendre \u00e0 Auzeville, le ma\u00efs et le tournesol dans le P\u00e9rigord (ADAP, Association de D\u00e9veloppement de l&rsquo;agrobiologie), etc.<\/p>\n<p style=\"text-align: justify;\">Une douzaine de vari\u00e9t\u00e9s de\u00a0tomates du conservatoire de Pascal POOT ont \u00e9t\u00e9 \u00e9valu\u00e9es dans la r\u00e9gion Languedoc Roussillon par le SPBio-L.R (Semences et Plants Biologiques Languedoc-Roussillon) dans cette m\u00eame dynamique, en 2003, et\u00a0un rapprochement avec l&rsquo;INRA est en cours pour \u00ab\u00a0<em>organiser une \u00e9valuation des ressources g\u00e9n\u00e9tiques et d\u00e9boucher sur un programme de s\u00e9lection participative<\/em>\u00ab\u00a0.<\/p>\n<p style=\"text-align: justify;\">Dor\u00e9navant,\u00a0la volont\u00e9 est de poursuivre cette dynamique et de mod\u00e9liser les \u00e9tapes :<\/p>\n<ul>\n<li style=\"text-align: justify;\"><em>Constitution du groupe et d&rsquo;un espace d&rsquo;\u00e9changes : rencontres chercheurs\/paysans pour rassembler les moyens d&rsquo;une action collective et d\u00e9finir les outils de travail communs<\/em><\/li>\n<li style=\"text-align: justify;\"><em>D\u00e9finition du cr\u00e9neau de production prioritaire et recherche de ressources g\u00e9n\u00e9tiques<\/em><\/li>\n<li style=\"text-align: justify;\"><em>D\u00e9couverte et adaptation, \u00e9volution et s\u00e9lection dans les champs paysans, dans les contextes de culture d\u00e9finis par le groupe<\/em><\/li>\n<li style=\"text-align: justify;\"><em>Organisation de la production et de la distribution de semences dans un cadre collectif<\/em><\/li>\n<\/ul>\n<p style=\"text-align: justify;\">On constate tr\u00e8s clairement que l&rsquo;agriculteur passe du statut d\u2019ex\u00e9cutant dans lequel les semenciers l&rsquo;ont enferm\u00e9, au statut d&rsquo;acteur\/d\u00e9cideur dans une relation dynamique avec la recherche.<br \/>\nCe ne sont plus seulement les \u00e9prouvettes qui constituent le savoir, mais \u00e9galement la connaissance et l&rsquo;exp\u00e9rience acquise de l&rsquo;agriculteur, ce qui change radicalement la relation et redonne sa place \u00e0 ce dernier au sein de l&rsquo;\u00e9quation\u00a0!<\/p>\n<p style=\"text-align: justify;\">Les vari\u00e9t\u00e9s anciennes, la nouvelle dynamique de la s\u00e9lection participative, tout cela augure d&rsquo;une nouvelle harmonie, mais elle ne pourra s\u2019\u00e9panouir qu&rsquo;\u00e0 condition que le dernier membre de l&rsquo;\u00e9quation et non des moindres ; le consommateur ; y adh\u00e8re&#8230;<\/p>\n<p style=\"text-align: justify;\">Car au final, c&rsquo;est bien lui qui par l&rsquo;achat des produits issus de \u00a0la biodiversit\u00e9 assurera la p\u00e9rennit\u00e9 de cette exp\u00e9rience originale !<\/p>\n<p>Voil\u00e0, vous savez qui est Pascal POOT et ce que l&rsquo;on appelle la\u00a0s\u00e9lection participative !<\/p>\n<p style=\"text-align: justify;\">Je laisserai nos producteurs r\u00e9agir librement et accompagner de commentaires cet article si le c\u0153ur leur en dit, ce qui \u00e0 mon sens apportera des informations enrichissantes et de premi\u00e8re main de la part de nos \u00ab\u00a0sp\u00e9cialistes\u00a0\u00bb.<\/p>\n<p><em>Le Webmaster.<\/em><\/p>\n<p style=\"text-align: justify;\"><strong>Bibliographie : <\/strong><em>Marianne N\u00b0974 du 11 au 17 D\u00e9cembre 2015, Comment \u00e7a Marche N\u00b063 de Septembre 2015, Dossier de l&rsquo;environnement de l&rsquo;INRA N\u00b030, V\u00e9ronique Chable et Jean-Fran\u00e7ois Berthelllot, Quelle France en 2040-2050, site http:\/\/meridianes.org, site Rue89.obs :\u00a0http:\/\/rue89.nouvelobs.com\/2015\/03\/09\/tomates-sans-eau-ni-pesticide-cette-methode-fascine-les-biologistes-257958.<\/em><\/p>\n","protected":false},"excerpt":{"rendered":"<p>Bonjour \u00e0 toutes et \u00e0 tous, 2050, les mauvaises herbes, Gregor Mendel, mais quel et le lien entre ces trois \u00e9l\u00e9ments, un jeu, un Quizz, une charade !? Presque, pris s\u00e9par\u00e9ment, ces trois \u00e9l\u00e9ments semblent pointer sur la g\u00e9n\u00e9tique, l&rsquo;agriculture, &hellip; <a href=\"https:\/\/www.lesjardinsdelaroussiere.fr\/?p=7359\">Continuer la lecture <span class=\"meta-nav\">&rarr;<\/span><\/a><\/p>\n","protected":false},"author":2,"featured_media":0,"comment_status":"open","ping_status":"open","sticky":false,"template":"","format":"standard","meta":[],"categories":[6],"tags":[317,321,319,318,316,320],"views":5077,"_links":{"self":[{"href":"https:\/\/www.lesjardinsdelaroussiere.fr\/index.php?rest_route=\/wp\/v2\/posts\/7359"}],"collection":[{"href":"https:\/\/www.lesjardinsdelaroussiere.fr\/index.php?rest_route=\/wp\/v2\/posts"}],"about":[{"href":"https:\/\/www.lesjardinsdelaroussiere.fr\/index.php?rest_route=\/wp\/v2\/types\/post"}],"author":[{"embeddable":true,"href":"https:\/\/www.lesjardinsdelaroussiere.fr\/index.php?rest_route=\/wp\/v2\/users\/2"}],"replies":[{"embeddable":true,"href":"https:\/\/www.lesjardinsdelaroussiere.fr\/index.php?rest_route=%2Fwp%2Fv2%2Fcomments&post=7359"}],"version-history":[{"count":32,"href":"https:\/\/www.lesjardinsdelaroussiere.fr\/index.php?rest_route=\/wp\/v2\/posts\/7359\/revisions"}],"predecessor-version":[{"id":7449,"href":"https:\/\/www.lesjardinsdelaroussiere.fr\/index.php?rest_route=\/wp\/v2\/posts\/7359\/revisions\/7449"}],"wp:attachment":[{"href":"https:\/\/www.lesjardinsdelaroussiere.fr\/index.php?rest_route=%2Fwp%2Fv2%2Fmedia&parent=7359"}],"wp:term":[{"taxonomy":"category","embeddable":true,"href":"https:\/\/www.lesjardinsdelaroussiere.fr\/index.php?rest_route=%2Fwp%2Fv2%2Fcategories&post=7359"},{"taxonomy":"post_tag","embeddable":true,"href":"https:\/\/www.lesjardinsdelaroussiere.fr\/index.php?rest_route=%2Fwp%2Fv2%2Ftags&post=7359"}],"curies":[{"name":"wp","href":"https:\/\/api.w.org\/{rel}","templated":true}]}}