{"id":7347,"date":"2016-01-01T10:38:33","date_gmt":"2016-01-01T09:38:33","guid":{"rendered":"http:\/\/www.lesjardinsdelaroussiere.fr\/?p=7347"},"modified":"2016-01-02T18:54:15","modified_gmt":"2016-01-02T17:54:15","slug":"bonne-annee-2016","status":"publish","type":"post","link":"https:\/\/www.lesjardinsdelaroussiere.fr\/?p=7347","title":{"rendered":"Bonne Ann\u00e9e 2016"},"content":{"rendered":"<p>Bonjour \u00e0 toutes et \u00e0 tous,<\/p>\n<p style=\"text-align: justify;\">Cette ann\u00e9e 2015 s&rsquo;est termin\u00e9e comme elle a commenc\u00e9, dans la violence, chacun \u00e0 en t\u00eate les images qui ont choqu\u00e9 la France.<\/p>\n<p><a href=\"http:\/\/www.lesjardinsdelaroussiere.fr\/?attachment_id=7349\" rel=\"attachment wp-att-7349\"><img decoding=\"async\" loading=\"lazy\" class=\"alignnone size-full wp-image-7349\" src=\"http:\/\/lesjardinsdelaroussiere.fr\/wp-content\/uploads\/2016\/01\/Bonne_anne_2016.jpg\" alt=\"Bonne_anne_2016\" width=\"800\" height=\"381\" srcset=\"http:\/\/lesjardinsdelaroussiere.fr\/wp-content\/uploads\/2016\/01\/Bonne_anne_2016.jpg 800w, http:\/\/lesjardinsdelaroussiere.fr\/wp-content\/uploads\/2016\/01\/Bonne_anne_2016-300x143.jpg 300w, http:\/\/lesjardinsdelaroussiere.fr\/wp-content\/uploads\/2016\/01\/Bonne_anne_2016-768x366.jpg 768w, http:\/\/lesjardinsdelaroussiere.fr\/wp-content\/uploads\/2016\/01\/Bonne_anne_2016-600x286.jpg 600w, http:\/\/lesjardinsdelaroussiere.fr\/wp-content\/uploads\/2016\/01\/Bonne_anne_2016-500x238.jpg 500w\" sizes=\"(max-width: 800px) 100vw, 800px\" \/><\/a><\/p>\n<p style=\"text-align: justify;\">On ne peut pas oublier que m\u00eame si nous avons la chance de vivre dans un pays o\u00f9 la paix r\u00e8gne depuis maintenant plus de\u00a03\/4 de si\u00e8cle, d&rsquo;autres ne l&rsquo;ont pas.<!--more--><\/p>\n<p style=\"text-align: justify;\">Ces \u00e9v\u00e9nements nous rappellent \u00f4 combien notre vie tient \u00e0 un fil, mais elle nous rappelle \u00e9galement\u00a0\u00a0que chaque moment de bonheur, de joie, chaque instant o\u00f9 nous pouvons respirer la s\u00e9r\u00e9nit\u00e9, chaque minute pass\u00e9e sur une plan\u00e8te qui nous offre ce qu\u2019elle a de plus pr\u00e9cieux ; la Vie ; est un moment \u00e0 savourer.<\/p>\n<p style=\"text-align: justify;\">Outre la violence humaine, la Nature se rappelle parfois \u00e0 notre bon souvenir, car si le plus beau cadeau qu&rsquo;elle nous offre est la Vie, elle peut aussi le reprendre \u00e0\u00a0ceux suffisamment inconscients pour penser que la dompter est une pure formalit\u00e9 et que l&rsquo;on peut la braver en toute impunit\u00e9, prot\u00e9g\u00e9s que nous sommes par la technologie et le\u00a0savoir&#8230;<\/p>\n<p style=\"text-align: justify;\">Pourtant, Socrate lui m\u00eame l&rsquo;avouait : \u00ab\u00a0<em>je ne sais qu&rsquo;une chose, c&rsquo;est que je ne sais rien<\/em>\u00ab\u00a0&#8230;<\/p>\n<p style=\"text-align: justify;\">Arrogance, futilit\u00e9, vanit\u00e9, laissons cela aux d\u00e9miurges des temps modernes, restons lucides, d\u00e9fendons nos valeurs et nos droits, une fois ce socle assur\u00e9, tentons d&rsquo;apporter notre pierre \u00e0 l&rsquo;\u00e9difice de la Nature.<\/p>\n<p style=\"text-align: justify;\">Je n&rsquo;irai pas jusqu&rsquo;\u00e0 dire comme Horace : \u00ab\u00a0<em>carpe diem quam minimum credula postero<\/em>\u00a0\u00bb : \u00ab\u00a0cueille le jour pr\u00e9sent sans te soucier du lendemain\u00a0\u00bb, cela restera \u00e0 jamais une douce utopie.<br \/>\nMais continuons de croire plus modestement que ces trois mots affich\u00e9s au frontispice de tous les \u00e9tablissements publics sont des valeurs qui contribueront \u00e0 susciter\u00a0ce que l&rsquo;\u00eatre humain a\u00a0de meilleur, m\u00eame si jusqu&rsquo;\u00e0 il y a peu ils\u00a0\u00e9taient tomb\u00e9s dans l&rsquo;oubli, presque devenus d\u00e9suets tant nous tenions ceux-ci pour acquis : Libert\u00e9, Egalit\u00e9, Fraternit\u00e9 !<\/p>\n<p style=\"text-align: justify;\">D\u00e8s lors que ces valeurs sont d\u00e9fendues, le combat pour un avenir meilleur peut-\u00eatre sereinement envisag\u00e9, la\u00a0pr\u00e9servation de la Nature en est un parmi tant d&rsquo;autres, mais il est indispensable\u00a0pour le bien de notre Plan\u00e8te.<\/p>\n<p style=\"text-align: justify;\">Mais pour l&rsquo;heure, plus modestement et plus concr\u00e8tement, savourons cette nouvelle ann\u00e9e, nos meilleurs v\u0153ux vous accompagnent pour 2016, que ce mill\u00e9sime soit l&rsquo;aube d&rsquo;une \u00e8re meilleure !<\/p>\n<p>A tr\u00e8s bient\u00f4t,<\/p>\n<p>Les Jardins de la Roussi\u00e8re.<\/p>\n","protected":false},"excerpt":{"rendered":"<p>Bonjour \u00e0 toutes et \u00e0 tous, Cette ann\u00e9e 2015 s&rsquo;est termin\u00e9e comme elle a commenc\u00e9, dans la violence, chacun \u00e0 en t\u00eate les images qui ont choqu\u00e9 la France. On ne peut pas oublier que m\u00eame si nous avons la &hellip; <a href=\"https:\/\/www.lesjardinsdelaroussiere.fr\/?p=7347\">Continuer la lecture <span class=\"meta-nav\">&rarr;<\/span><\/a><\/p>\n","protected":false},"author":1,"featured_media":0,"comment_status":"open","ping_status":"open","sticky":false,"template":"","format":"standard","meta":[],"categories":[6],"tags":[315,20,312],"views":2142,"_links":{"self":[{"href":"https:\/\/www.lesjardinsdelaroussiere.fr\/index.php?rest_route=\/wp\/v2\/posts\/7347"}],"collection":[{"href":"https:\/\/www.lesjardinsdelaroussiere.fr\/index.php?rest_route=\/wp\/v2\/posts"}],"about":[{"href":"https:\/\/www.lesjardinsdelaroussiere.fr\/index.php?rest_route=\/wp\/v2\/types\/post"}],"author":[{"embeddable":true,"href":"https:\/\/www.lesjardinsdelaroussiere.fr\/index.php?rest_route=\/wp\/v2\/users\/1"}],"replies":[{"embeddable":true,"href":"https:\/\/www.lesjardinsdelaroussiere.fr\/index.php?rest_route=%2Fwp%2Fv2%2Fcomments&post=7347"}],"version-history":[{"count":6,"href":"https:\/\/www.lesjardinsdelaroussiere.fr\/index.php?rest_route=\/wp\/v2\/posts\/7347\/revisions"}],"predecessor-version":[{"id":7354,"href":"https:\/\/www.lesjardinsdelaroussiere.fr\/index.php?rest_route=\/wp\/v2\/posts\/7347\/revisions\/7354"}],"wp:attachment":[{"href":"https:\/\/www.lesjardinsdelaroussiere.fr\/index.php?rest_route=%2Fwp%2Fv2%2Fmedia&parent=7347"}],"wp:term":[{"taxonomy":"category","embeddable":true,"href":"https:\/\/www.lesjardinsdelaroussiere.fr\/index.php?rest_route=%2Fwp%2Fv2%2Fcategories&post=7347"},{"taxonomy":"post_tag","embeddable":true,"href":"https:\/\/www.lesjardinsdelaroussiere.fr\/index.php?rest_route=%2Fwp%2Fv2%2Ftags&post=7347"}],"curies":[{"name":"wp","href":"https:\/\/api.w.org\/{rel}","templated":true}]}}