{"id":700,"date":"2011-12-03T17:20:42","date_gmt":"2011-12-03T16:20:42","guid":{"rendered":"http:\/\/www.lesjardinsdelaroussiere.fr\/?p=700"},"modified":"2013-01-19T11:24:21","modified_gmt":"2013-01-19T10:24:21","slug":"assemblee-generale","status":"publish","type":"post","link":"https:\/\/www.lesjardinsdelaroussiere.fr\/?p=700","title":{"rendered":"Assembl\u00e9e G\u00e9n\u00e9rale"},"content":{"rendered":"<p style=\"text-align: center;\"><span style=\"color: #000000; font-size: x-large;\"><strong>A VOS AGENDAS !!!!<\/strong><\/span><\/p>\n<p style=\"text-align: center;\"><span style=\"color: #008000;\"><strong>mercredi 18 Janvier \u00e0 20H30 aura lieu l&rsquo;Assembl\u00e9e G\u00e9n\u00e9rale de l&rsquo;AMAP.<\/strong><\/span><\/p>\n<p style=\"text-align: justify;\">Un moment, certes statutaire, mais aussi convivial, d&rsquo;\u00e9changes, entre producteurs et consommateurs adh\u00e9rents.<\/p>\n<p>Par ailleurs, un th\u00e8me sera mis en d\u00e9bat ce soir l\u00e0 :<\/p>\n<p style=\"text-align: justify;\">La loi de <span style=\"color: #003300;\"><strong>Certificat d&rsquo;Obtention V\u00e9g\u00e9tale<\/strong><\/span>, ou quel avenir pour l&rsquo;agriculture\u00a0et notre alimentation. <br \/>Ce sujet sera pr\u00e9sent\u00e9 par un invit\u00e9 ext\u00e9rieur \u00e0 l&rsquo;AMAP, <strong>Jean-Pierre LEBRUN<\/strong>, ancien maraicher bio et membre du r\u00e9seau \u00ab\u00a0semences paysannes\u00a0\u00bb.<\/p>\n<p><a href=\"http:\/\/lesjardinsdelaroussiere.fr\/wp-content\/uploads\/2011\/12\/ag-PRESSE.jpg\"><img decoding=\"async\" loading=\"lazy\" class=\"aligncenter size-thumbnail wp-image-701\" alt=\"\" src=\"http:\/\/lesjardinsdelaroussiere.fr\/wp-content\/uploads\/2011\/12\/ag-PRESSE-150x150.jpg\" width=\"198\" height=\"196\" \/><\/a><\/p>\n<p>&nbsp;<\/p>\n","protected":false},"excerpt":{"rendered":"<p>A VOS AGENDAS !!!! mercredi 18 Janvier \u00e0 20H30 aura lieu l&rsquo;Assembl\u00e9e G\u00e9n\u00e9rale de l&rsquo;AMAP. Un moment, certes statutaire, mais aussi convivial, d&rsquo;\u00e9changes, entre producteurs et consommateurs adh\u00e9rents. Par ailleurs, un th\u00e8me sera mis en d\u00e9bat ce soir l\u00e0 : &hellip; <a href=\"https:\/\/www.lesjardinsdelaroussiere.fr\/?p=700\">Continuer la lecture <span class=\"meta-nav\">&rarr;<\/span><\/a><\/p>\n","protected":false},"author":3,"featured_media":0,"comment_status":"open","ping_status":"open","sticky":false,"template":"","format":"standard","meta":[],"categories":[3],"tags":[14,211,215,209,214,213,212],"views":2095,"_links":{"self":[{"href":"https:\/\/www.lesjardinsdelaroussiere.fr\/index.php?rest_route=\/wp\/v2\/posts\/700"}],"collection":[{"href":"https:\/\/www.lesjardinsdelaroussiere.fr\/index.php?rest_route=\/wp\/v2\/posts"}],"about":[{"href":"https:\/\/www.lesjardinsdelaroussiere.fr\/index.php?rest_route=\/wp\/v2\/types\/post"}],"author":[{"embeddable":true,"href":"https:\/\/www.lesjardinsdelaroussiere.fr\/index.php?rest_route=\/wp\/v2\/users\/3"}],"replies":[{"embeddable":true,"href":"https:\/\/www.lesjardinsdelaroussiere.fr\/index.php?rest_route=%2Fwp%2Fv2%2Fcomments&post=700"}],"version-history":[{"count":11,"href":"https:\/\/www.lesjardinsdelaroussiere.fr\/index.php?rest_route=\/wp\/v2\/posts\/700\/revisions"}],"predecessor-version":[{"id":703,"href":"https:\/\/www.lesjardinsdelaroussiere.fr\/index.php?rest_route=\/wp\/v2\/posts\/700\/revisions\/703"}],"wp:attachment":[{"href":"https:\/\/www.lesjardinsdelaroussiere.fr\/index.php?rest_route=%2Fwp%2Fv2%2Fmedia&parent=700"}],"wp:term":[{"taxonomy":"category","embeddable":true,"href":"https:\/\/www.lesjardinsdelaroussiere.fr\/index.php?rest_route=%2Fwp%2Fv2%2Fcategories&post=700"},{"taxonomy":"post_tag","embeddable":true,"href":"https:\/\/www.lesjardinsdelaroussiere.fr\/index.php?rest_route=%2Fwp%2Fv2%2Ftags&post=700"}],"curies":[{"name":"wp","href":"https:\/\/api.w.org\/{rel}","templated":true}]}}