{"id":678,"date":"2011-12-03T15:05:44","date_gmt":"2011-12-03T14:05:44","guid":{"rendered":"http:\/\/www.lesjardinsdelaroussiere.fr\/?p=678"},"modified":"2013-01-19T11:26:03","modified_gmt":"2013-01-19T10:26:03","slug":"forum-des-associations","status":"publish","type":"post","link":"https:\/\/www.lesjardinsdelaroussiere.fr\/?p=678","title":{"rendered":"Forum des Associations"},"content":{"rendered":"<p style=\"text-align: justify;\"><a href=\"http:\/\/lesjardinsdelaroussiere.fr\/wp-content\/uploads\/2011\/12\/FORUM-0041.jpg\"><img decoding=\"async\" loading=\"lazy\" class=\"alignleft size-thumbnail wp-image-679\" alt=\"\" src=\"http:\/\/lesjardinsdelaroussiere.fr\/wp-content\/uploads\/2011\/12\/FORUM-0041-150x150.jpg\" width=\"150\" height=\"150\" \/><\/a><\/p>\n<p style=\"text-align: justify;\">Le forum des associations de Montreuil-Juign\u00e9 s&rsquo;est tenu <strong>samedi 19 Novembre<\/strong> \u00e0 la salle Jacques Brel.<\/p>\n<p style=\"text-align: justify;\">L&rsquo;AMAP y \u00e9tait, bien s\u00fbr, pr\u00e9sente, <em>certains diront m\u00eame que c&rsquo;\u00e9tait le plus beau stand !!!<\/em><\/p>\n<p style=\"text-align: justify;\">Avec l&rsquo;appui de producteurs pr\u00e9sents sur le stand cela nous a permis de mieux faire conna\u00eetre aux montreuillais le principe et l&rsquo;organisation d&rsquo;une AMAP.<\/p>\n<p style=\"text-align: justify;\">Ainsi, a-t-on pu se rendre compte que tr\u00e8s souvent une AMAP se r\u00e9sume \u00e0 un march\u00e9 de l\u00e9gumes bio, ce fut donc l&rsquo;occasion de corriger cette id\u00e9e et pr\u00e9senter l&rsquo;ensemble des produits distribu\u00e9s.<\/p>\n<p><a href=\"http:\/\/lesjardinsdelaroussiere.fr\/wp-content\/uploads\/2011\/12\/FORUM-0021.jpg\"><img decoding=\"async\" loading=\"lazy\" class=\"aligncenter size-thumbnail wp-image-680\" alt=\"\" src=\"http:\/\/lesjardinsdelaroussiere.fr\/wp-content\/uploads\/2011\/12\/FORUM-0021-150x150.jpg\" width=\"150\" height=\"150\" \/><\/a><\/p>\n","protected":false},"excerpt":{"rendered":"<p>Le forum des associations de Montreuil-Juign\u00e9 s&rsquo;est tenu samedi 19 Novembre \u00e0 la salle Jacques Brel. L&rsquo;AMAP y \u00e9tait, bien s\u00fbr, pr\u00e9sente, certains diront m\u00eame que c&rsquo;\u00e9tait le plus beau stand !!! Avec l&rsquo;appui de producteurs pr\u00e9sents sur le stand &hellip; <a href=\"https:\/\/www.lesjardinsdelaroussiere.fr\/?p=678\">Continuer la lecture <span class=\"meta-nav\">&rarr;<\/span><\/a><\/p>\n","protected":false},"author":3,"featured_media":0,"comment_status":"open","ping_status":"open","sticky":false,"template":"","format":"standard","meta":[],"categories":[6],"tags":[217,216],"views":2177,"_links":{"self":[{"href":"https:\/\/www.lesjardinsdelaroussiere.fr\/index.php?rest_route=\/wp\/v2\/posts\/678"}],"collection":[{"href":"https:\/\/www.lesjardinsdelaroussiere.fr\/index.php?rest_route=\/wp\/v2\/posts"}],"about":[{"href":"https:\/\/www.lesjardinsdelaroussiere.fr\/index.php?rest_route=\/wp\/v2\/types\/post"}],"author":[{"embeddable":true,"href":"https:\/\/www.lesjardinsdelaroussiere.fr\/index.php?rest_route=\/wp\/v2\/users\/3"}],"replies":[{"embeddable":true,"href":"https:\/\/www.lesjardinsdelaroussiere.fr\/index.php?rest_route=%2Fwp%2Fv2%2Fcomments&post=678"}],"version-history":[{"count":6,"href":"https:\/\/www.lesjardinsdelaroussiere.fr\/index.php?rest_route=\/wp\/v2\/posts\/678\/revisions"}],"predecessor-version":[{"id":682,"href":"https:\/\/www.lesjardinsdelaroussiere.fr\/index.php?rest_route=\/wp\/v2\/posts\/678\/revisions\/682"}],"wp:attachment":[{"href":"https:\/\/www.lesjardinsdelaroussiere.fr\/index.php?rest_route=%2Fwp%2Fv2%2Fmedia&parent=678"}],"wp:term":[{"taxonomy":"category","embeddable":true,"href":"https:\/\/www.lesjardinsdelaroussiere.fr\/index.php?rest_route=%2Fwp%2Fv2%2Fcategories&post=678"},{"taxonomy":"post_tag","embeddable":true,"href":"https:\/\/www.lesjardinsdelaroussiere.fr\/index.php?rest_route=%2Fwp%2Fv2%2Ftags&post=678"}],"curies":[{"name":"wp","href":"https:\/\/api.w.org\/{rel}","templated":true}]}}