{"id":6386,"date":"2014-12-27T15:06:07","date_gmt":"2014-12-27T14:06:07","guid":{"rendered":"http:\/\/www.lesjardinsdelaroussiere.fr\/?p=6386"},"modified":"2014-12-27T15:11:09","modified_gmt":"2014-12-27T14:11:09","slug":"bonne-annee-2015","status":"publish","type":"post","link":"https:\/\/www.lesjardinsdelaroussiere.fr\/?p=6386","title":{"rendered":"Bonne Ann\u00e9e 2015"},"content":{"rendered":"<p>Bonjour \u00e0 toutes et \u00e0 tous !<\/p>\n<p>Chaque fin d&rsquo;ann\u00e9e est l&rsquo;occasion d&rsquo;effectuer un bilan de l&rsquo;ann\u00e9e pass\u00e9e.<\/p>\n<p><a href=\"http:\/\/lesjardinsdelaroussiere.fr\/wp-content\/uploads\/2014\/12\/Bonne_Annee_2015.jpg\"><img decoding=\"async\" loading=\"lazy\" class=\"alignnone wp-image-6387 size-full\" src=\"http:\/\/lesjardinsdelaroussiere.fr\/wp-content\/uploads\/2014\/12\/Bonne_Annee_2015.jpg\" alt=\"Bonne Ann\u00e9e 2015 !\" width=\"800\" height=\"450\" srcset=\"http:\/\/lesjardinsdelaroussiere.fr\/wp-content\/uploads\/2014\/12\/Bonne_Annee_2015.jpg 800w, http:\/\/lesjardinsdelaroussiere.fr\/wp-content\/uploads\/2014\/12\/Bonne_Annee_2015-300x169.jpg 300w, http:\/\/lesjardinsdelaroussiere.fr\/wp-content\/uploads\/2014\/12\/Bonne_Annee_2015-600x338.jpg 600w, http:\/\/lesjardinsdelaroussiere.fr\/wp-content\/uploads\/2014\/12\/Bonne_Annee_2015-500x281.jpg 500w\" sizes=\"(max-width: 800px) 100vw, 800px\" \/><\/a><\/p>\n<p style=\"text-align: justify;\">Cette ann\u00e9e aura \u00e9t\u00e9 pour l&rsquo;AMAP somme toute \u00ab\u00a0dans la moyenne\u00a0\u00bb, les exploitants ont d\u00fb faire face \u00e0 leur lot quotidien de doutes et d&rsquo;inqui\u00e9tudes face \u00e0 une dame Nature parfois bien fac\u00e9tieuse ou cruelle&#8230;<!--more--><br \/>\nLes choix effectu\u00e9s n&rsquo;ont pas \u00e9t\u00e9 catastrophiques, preuve en est que tous les paniers ont \u00e9t\u00e9 et restent parfaitement conformes aux pr\u00e9visions !<\/p>\n<p style=\"text-align: justify;\">C&rsquo;est la contrepartie d&rsquo;une production Bio, l&rsquo;industrialisation, l&rsquo;arsenal chimique, la biotechnologie, etc. ne sont pas l\u00e0 pour\u00a0niveler les risques !<\/p>\n<p style=\"text-align: justify;\">Bio ou non, bien malin serait celui qui pourrait pr\u00e9dire l&rsquo;avenir au moins tout le monde est sur le m\u00eame pied d&rsquo;\u00e9galit\u00e9 sur ce plan l\u00e0\u00a0!<\/p>\n<p style=\"text-align: justify;\">M\u00eame aujourd&rsquo;hui, avec tout l&rsquo;arsenal technologique \u00e0 notre port\u00e9e, cette possibilit\u00e9 reste encore l&rsquo;apanage des Oracles, et c&rsquo;est peut-\u00eatre mieux ainsi le temps que cela durera !<\/p>\n<p style=\"text-align: justify;\">L&rsquo;ann\u00e9e 2015 se profile et l&rsquo;on esp\u00e8re simplement que les catastrophes endur\u00e9es par les populations dans le sud de notre pays ne seront pas de la partie dans notre belle et douce r\u00e9gion, esp\u00e9rons que l&rsquo;hiver ne sera pas trop rigoureux, esp\u00e9rons \u00e9galement que nos producteurs auront la sant\u00e9 car il ne faut pas oublier que c&rsquo;est leur dur labeur, leur expertise, leurs intuitions qui permettent au final de remplir quotidiennement nos paniers.<\/p>\n<p style=\"text-align: justify;\">Pour conclure, laissez moi vous pr\u00e9senter au nom de tous les producteurs de l&rsquo;AMAP, tous nos v\u0153ux de bonheur, de r\u00e9ussite et surtout de sant\u00e9 pour vous et vos proches, que cette nouvelle ann\u00e9e 2015 soit la cons\u00e9cration de tous vos efforts, qu&rsquo;elle soit le d\u00e9but du renouveau pour ceux qui ont souffert d&rsquo;une mani\u00e8re ou d\u2019une autre de l&rsquo;ann\u00e9e 2014, enfin, plus globalement, que cette nouvelle ann\u00e9e 2015 voit la mis\u00e8re, la faim, la haine, l&rsquo;injustice, la violence reculer en ce monde.<\/p>\n<p style=\"text-align: justify;\">A tr\u00e8s bient\u00f4t, et encore bonne ann\u00e9e !<\/p>\n<p style=\"text-align: justify;\"><a href=\"http:\/\/lesjardinsdelaroussiere.fr\/wp-content\/uploads\/2014\/12\/Bonne_Annee_2015_mini.jpg\"><img decoding=\"async\" loading=\"lazy\" class=\"alignnone size-full wp-image-6388\" src=\"http:\/\/lesjardinsdelaroussiere.fr\/wp-content\/uploads\/2014\/12\/Bonne_Annee_2015_mini.jpg\" alt=\"Bonne Annee 2015 mini\" width=\"240\" height=\"240\" srcset=\"http:\/\/lesjardinsdelaroussiere.fr\/wp-content\/uploads\/2014\/12\/Bonne_Annee_2015_mini.jpg 240w, http:\/\/lesjardinsdelaroussiere.fr\/wp-content\/uploads\/2014\/12\/Bonne_Annee_2015_mini-150x150.jpg 150w\" sizes=\"(max-width: 240px) 100vw, 240px\" \/><\/a><\/p>\n","protected":false},"excerpt":{"rendered":"<p>Bonjour \u00e0 toutes et \u00e0 tous ! Chaque fin d&rsquo;ann\u00e9e est l&rsquo;occasion d&rsquo;effectuer un bilan de l&rsquo;ann\u00e9e pass\u00e9e. Cette ann\u00e9e aura \u00e9t\u00e9 pour l&rsquo;AMAP somme toute \u00ab\u00a0dans la moyenne\u00a0\u00bb, les exploitants ont d\u00fb faire face \u00e0 leur lot quotidien de &hellip; <a href=\"https:\/\/www.lesjardinsdelaroussiere.fr\/?p=6386\">Continuer la lecture <span class=\"meta-nav\">&rarr;<\/span><\/a><\/p>\n","protected":false},"author":2,"featured_media":0,"comment_status":"closed","ping_status":"open","sticky":false,"template":"","format":"standard","meta":[],"categories":[6],"tags":[311,312],"views":27926,"_links":{"self":[{"href":"https:\/\/www.lesjardinsdelaroussiere.fr\/index.php?rest_route=\/wp\/v2\/posts\/6386"}],"collection":[{"href":"https:\/\/www.lesjardinsdelaroussiere.fr\/index.php?rest_route=\/wp\/v2\/posts"}],"about":[{"href":"https:\/\/www.lesjardinsdelaroussiere.fr\/index.php?rest_route=\/wp\/v2\/types\/post"}],"author":[{"embeddable":true,"href":"https:\/\/www.lesjardinsdelaroussiere.fr\/index.php?rest_route=\/wp\/v2\/users\/2"}],"replies":[{"embeddable":true,"href":"https:\/\/www.lesjardinsdelaroussiere.fr\/index.php?rest_route=%2Fwp%2Fv2%2Fcomments&post=6386"}],"version-history":[{"count":4,"href":"https:\/\/www.lesjardinsdelaroussiere.fr\/index.php?rest_route=\/wp\/v2\/posts\/6386\/revisions"}],"predecessor-version":[{"id":6392,"href":"https:\/\/www.lesjardinsdelaroussiere.fr\/index.php?rest_route=\/wp\/v2\/posts\/6386\/revisions\/6392"}],"wp:attachment":[{"href":"https:\/\/www.lesjardinsdelaroussiere.fr\/index.php?rest_route=%2Fwp%2Fv2%2Fmedia&parent=6386"}],"wp:term":[{"taxonomy":"category","embeddable":true,"href":"https:\/\/www.lesjardinsdelaroussiere.fr\/index.php?rest_route=%2Fwp%2Fv2%2Fcategories&post=6386"},{"taxonomy":"post_tag","embeddable":true,"href":"https:\/\/www.lesjardinsdelaroussiere.fr\/index.php?rest_route=%2Fwp%2Fv2%2Ftags&post=6386"}],"curies":[{"name":"wp","href":"https:\/\/api.w.org\/{rel}","templated":true}]}}