{"id":6348,"date":"2014-12-23T11:02:07","date_gmt":"2014-12-23T10:02:07","guid":{"rendered":"http:\/\/www.lesjardinsdelaroussiere.fr\/?p=6348"},"modified":"2014-12-23T11:13:40","modified_gmt":"2014-12-23T10:13:40","slug":"joyeux-noel-2014","status":"publish","type":"post","link":"https:\/\/www.lesjardinsdelaroussiere.fr\/?p=6348","title":{"rendered":"Joyeux No\u00ebl 2014 !"},"content":{"rendered":"<p><span style=\"color: #000000;\">Bonjour \u00e0 toutes et \u00e0 tous !<\/span><\/p>\n<p style=\"text-align: justify;\"><span style=\"color: #000000;\">Au nom de tous les producteurs de l&rsquo;AMAP, nous vous souhaitons \u00e0 toutes et \u00e0 tous d&rsquo;excellentes f\u00eates de No\u00ebl.<\/span><\/p>\n<p><span style=\"color: #000000;\">L&rsquo;ann\u00e9e s\u2019ach\u00e8ve, l&rsquo;AMAP n&rsquo;en continue pas moins de vivre, les paniers se succ\u00e8dent, et nous rappelons \u00e0 cet \u00e9gard les dates mentionn\u00e9es dans notre derni\u00e8re newsletter pour<span style=\"color: #ff9900;\"><strong> la semaine de No\u00ebl o\u00f9 la distribution aura lieu le mardi 24 D\u00e9cembre<\/strong><\/span> en lieu et place de celle pr\u00e9vue normalement le jeudi 25 D\u00e9cembre !<\/span><\/p>\n<p><span style=\"color: #000000;\"><a style=\"color: #000000;\" href=\"http:\/\/lesjardinsdelaroussiere.fr\/wp-content\/uploads\/2014\/12\/12_Joyeux_Noel_2014.jpg\"><img decoding=\"async\" loading=\"lazy\" class=\"alignnone size-full wp-image-6349\" src=\"http:\/\/lesjardinsdelaroussiere.fr\/wp-content\/uploads\/2014\/12\/12_Joyeux_Noel_2014.jpg\" alt=\"Joyeux Noel 2014\" width=\"529\" height=\"338\" srcset=\"http:\/\/lesjardinsdelaroussiere.fr\/wp-content\/uploads\/2014\/12\/12_Joyeux_Noel_2014.jpg 529w, http:\/\/lesjardinsdelaroussiere.fr\/wp-content\/uploads\/2014\/12\/12_Joyeux_Noel_2014-300x192.jpg 300w, http:\/\/lesjardinsdelaroussiere.fr\/wp-content\/uploads\/2014\/12\/12_Joyeux_Noel_2014-470x300.jpg 470w\" sizes=\"(max-width: 529px) 100vw, 529px\" \/><\/a><\/span><!--more--><\/p>\n<p style=\"text-align: justify;\"><span style=\"color: #000000;\">Pour ceux qui n\u2019auraient pu prendre connaissance de la newsletter, nous rappelons qu&rsquo;il en sera de m\u00eame pour<span style=\"color: #ff9900;\"><strong> la semaine du 1er de l&rsquo;An o\u00f9 les paniers seront distribu\u00e9s le 30 D\u00e9cembre !<\/strong><\/span><\/span><\/p>\n<p style=\"text-align: justify;\"><span style=\"color: #000000;\">Nous esp\u00e9rons que\u00a0les f\u00eates de No\u00ebl vous permettront de profiter\u00a0en famille de cet \u00e9v\u00e9nement, dans le bonheur et la bonne humeur parmi les d\u00e9corations et les illuminations !<\/span><\/p>\n<p style=\"text-align: justify;\">Puissiez-vous profiter pleinement de toutes les douceurs de cette journ\u00e9e exceptionnelle ainsi que\u00a0de ce moment de magique\u00a0\u00e0 l&rsquo;ouverture des paquets cadeaux par nos chers enfants ou&#8230; petits enfants pour les grands parents AMAPiens !<\/p>\n<p style=\"text-align: justify;\"><span style=\"color: #000000;\">A tr\u00e8s bient\u00f4t !<\/span><\/p>\n<p>&nbsp;<\/p>\n","protected":false},"excerpt":{"rendered":"<p>Bonjour \u00e0 toutes et \u00e0 tous ! Au nom de tous les producteurs de l&rsquo;AMAP, nous vous souhaitons \u00e0 toutes et \u00e0 tous d&rsquo;excellentes f\u00eates de No\u00ebl. L&rsquo;ann\u00e9e s\u2019ach\u00e8ve, l&rsquo;AMAP n&rsquo;en continue pas moins de vivre, les paniers se succ\u00e8dent, &hellip; <a href=\"https:\/\/www.lesjardinsdelaroussiere.fr\/?p=6348\">Continuer la lecture <span class=\"meta-nav\">&rarr;<\/span><\/a><\/p>\n","protected":false},"author":2,"featured_media":0,"comment_status":"closed","ping_status":"open","sticky":false,"template":"","format":"standard","meta":[],"categories":[6],"tags":[310],"views":2593,"_links":{"self":[{"href":"https:\/\/www.lesjardinsdelaroussiere.fr\/index.php?rest_route=\/wp\/v2\/posts\/6348"}],"collection":[{"href":"https:\/\/www.lesjardinsdelaroussiere.fr\/index.php?rest_route=\/wp\/v2\/posts"}],"about":[{"href":"https:\/\/www.lesjardinsdelaroussiere.fr\/index.php?rest_route=\/wp\/v2\/types\/post"}],"author":[{"embeddable":true,"href":"https:\/\/www.lesjardinsdelaroussiere.fr\/index.php?rest_route=\/wp\/v2\/users\/2"}],"replies":[{"embeddable":true,"href":"https:\/\/www.lesjardinsdelaroussiere.fr\/index.php?rest_route=%2Fwp%2Fv2%2Fcomments&post=6348"}],"version-history":[{"count":5,"href":"https:\/\/www.lesjardinsdelaroussiere.fr\/index.php?rest_route=\/wp\/v2\/posts\/6348\/revisions"}],"predecessor-version":[{"id":6354,"href":"https:\/\/www.lesjardinsdelaroussiere.fr\/index.php?rest_route=\/wp\/v2\/posts\/6348\/revisions\/6354"}],"wp:attachment":[{"href":"https:\/\/www.lesjardinsdelaroussiere.fr\/index.php?rest_route=%2Fwp%2Fv2%2Fmedia&parent=6348"}],"wp:term":[{"taxonomy":"category","embeddable":true,"href":"https:\/\/www.lesjardinsdelaroussiere.fr\/index.php?rest_route=%2Fwp%2Fv2%2Fcategories&post=6348"},{"taxonomy":"post_tag","embeddable":true,"href":"https:\/\/www.lesjardinsdelaroussiere.fr\/index.php?rest_route=%2Fwp%2Fv2%2Ftags&post=6348"}],"curies":[{"name":"wp","href":"https:\/\/api.w.org\/{rel}","templated":true}]}}