{"id":597,"date":"2011-11-06T14:39:05","date_gmt":"2011-11-06T13:39:05","guid":{"rendered":"http:\/\/www.lesjardinsdelaroussiere.fr\/?p=597"},"modified":"2011-11-07T15:15:07","modified_gmt":"2011-11-07T14:15:07","slug":"le-site-officiel-de-est-en-ligne","status":"publish","type":"post","link":"https:\/\/www.lesjardinsdelaroussiere.fr\/?p=597","title":{"rendered":"Le site officiel est en ligne !"},"content":{"rendered":"<p style=\"text-align: justify;\">Le site officiel de l&rsquo;A.M.A.P des jardins de la Roussi\u00e8re vient d&rsquo;\u00eatre cr\u00e9\u00e9 !<\/p>\n<p style=\"text-align: justify;\">A la demande des membres du bureau, il a \u00e9t\u00e9 convenu de basculer l&rsquo;ensemble du contenu pr\u00e9sent sur le Blog que vous consultiez en vous rendant sur l&rsquo;adresse :\u00a0<\/p>\n<p>\u00a0\u00a0\u00a0\u00a0\u00a0\u00a0\u00a0\u00a0\u00a0\u00a0\u00a0\u00a0\u00a0\u00a0\u00a0\u00a0\u00a0\u00a0\u00a0\u00a0\u00a0\u00a0 <strong><a href=\"http:\/\/amap-jardinsdelaroussiere.blogspot.com\/\">http:\/\/amap-jardinsdelaroussiere.blogspot.com\/<\/a>\u00a0<\/strong>.<\/p>\n<p><a href=\"http:\/\/lesjardinsdelaroussiere.fr\/wp-content\/uploads\/2011\/11\/06112011_Capture_ecran_ancien_site_AMAP.png\"><img decoding=\"async\" loading=\"lazy\" class=\"aligncenter size-medium wp-image-601\" title=\"Capture \u00e9cran ancien site AMAP\" src=\"http:\/\/lesjardinsdelaroussiere.fr\/wp-content\/uploads\/2011\/11\/06112011_Capture_ecran_ancien_site_AMAP-300x206.png\" alt=\"Capture \u00e9cran ancien site AMAP\" width=\"300\" height=\"206\" srcset=\"http:\/\/lesjardinsdelaroussiere.fr\/wp-content\/uploads\/2011\/11\/06112011_Capture_ecran_ancien_site_AMAP-300x206.png 300w, http:\/\/lesjardinsdelaroussiere.fr\/wp-content\/uploads\/2011\/11\/06112011_Capture_ecran_ancien_site_AMAP.png 400w\" sizes=\"(max-width: 300px) 100vw, 300px\" \/><\/a><\/p>\n<p style=\"text-align: justify;\">Le nom de domaine \u00ab\u00a0<strong>lesjardinsdelaroussiere.fr<\/strong>\u00a0\u00bb a \u00e9t\u00e9 d\u00e9pos\u00e9 en bonne et due forme chez un registrar (Ovh.com), puis l&rsquo;h\u00e9bergement a \u00e9t\u00e9 souscrit pour y h\u00e9berger le site que vous avez actuellement sous les yeux !<\/p>\n<p style=\"text-align: justify;\"><!--more--><\/p>\n<p style=\"text-align: justify;\">Apr\u00e8s une p\u00e9riode de migration, param\u00e9trage, mise en place de fonctionnalit\u00e9s, le site est enfin op\u00e9rationnel !<\/p>\n<p><a href=\"http:\/\/lesjardinsdelaroussiere.fr\/wp-content\/uploads\/2011\/11\/06112011_Capture_ecran_nouveau_site_AMAP.png\"><img decoding=\"async\" loading=\"lazy\" class=\"aligncenter size-medium wp-image-603\" title=\"Capture \u00e9cran nouveau site AMAP\" src=\"http:\/\/lesjardinsdelaroussiere.fr\/wp-content\/uploads\/2011\/11\/06112011_Capture_ecran_nouveau_site_AMAP-300x196.png\" alt=\"Capture \u00e9cran nouveau site AMAP\" width=\"300\" height=\"196\" srcset=\"http:\/\/lesjardinsdelaroussiere.fr\/wp-content\/uploads\/2011\/11\/06112011_Capture_ecran_nouveau_site_AMAP-300x196.png 300w, http:\/\/lesjardinsdelaroussiere.fr\/wp-content\/uploads\/2011\/11\/06112011_Capture_ecran_nouveau_site_AMAP.png 400w\" sizes=\"(max-width: 300px) 100vw, 300px\" \/><\/a><\/p>\n<p style=\"text-align: justify;\">Pas de grands bouleversements dans le contenu qui \u00e9tait d\u00e9j\u00e0 assez complet, mais vous noterez un r\u00e9am\u00e9nagement de certaines sections ainsi que l&rsquo;apparition d&rsquo;une nouvelle, intitul\u00e9e \u00ab\u00a0<strong>Agenda\u00a0\u00bb<\/strong>, qui aura pour vocation d&rsquo;informer les usagers des diff\u00e9rents \u00e9v\u00e8nements rythmant la vie de l&rsquo;A.M.A.P \u00ab\u00a0<strong>Les Jardins de la Roussi\u00e8re<\/strong>\u00a0\u00bb !.<\/p>\n<p style=\"text-align: justify;\">A l&rsquo;heure o\u00f9 je r\u00e9dige ces lignes, il reste \u00e0 r\u00e9gler un bug masquant les \u00e9v\u00e8nements d\u00e9j\u00e0 disponibles !<br \/>Le probl\u00e8me est en cours d&rsquo;investigation.<\/p>\n<p style=\"text-align: justify;\">Le \u00ab\u00a0logiciel\u00a0\u00bb utilis\u00e9 pour convevoir le site est tr\u00e8s connu, puisqu&rsquo;il s&rsquo;agit de <strong><a href=\"http:\/\/www.wordpress-fr.net\/\" target=\"_blank\">WordPress<\/a><\/strong>.<\/p>\n<p style=\"text-align: justify;\">Il a \u00e9t\u00e9 \u00e0 l&rsquo;origine con\u00e7u pour cr\u00e9er des blogs, tout comme l&rsquo;ancien site, mais il b\u00e9n\u00e9ficie d&rsquo;une grande souplesse dans ses fonctionnalit\u00e9s et sa mise en forme qui n&rsquo;ont pour limite que l&rsquo;imagination des concepteurs !<\/p>\n<p style=\"text-align: justify;\">Le souhait des membres du bureau \u00e9tait de communiquer sur les \u00e9v\u00e8nements qui rythment la vie de l&rsquo;A.M.A.P, de fournir des documents en ligne (contrats et autres documents administratifs) constamment mis \u00e0 jour, et de faire vivre le site au travers d&rsquo;un \u00e9change constructif !<\/p>\n<p style=\"text-align: justify;\">Pour le moment, il n&rsquo;y a pas de forum d\u00e9di\u00e9, cela pourra faire l&rsquo;objet d&rsquo;un cr\u00e9ation ult\u00e9rieure si le besoin s&rsquo;en faisait sentir, mais il sera possible de \u00ab\u00a0poster\u00a0\u00bb des commentaires sur les articles et quelques\u00a0 pages du site.<\/p>\n<p style=\"text-align: justify;\">WordPress offre la r\u00e9ponse \u00e0 tous ces points, et il n&rsquo;\u00e9tait nullement n\u00e9cessaire de sortir \u00ab\u00a0l&rsquo;artillerie lourde\u00a0\u00bb avec des \u00ab\u00a0monstres\u00a0\u00bb comme Joomla! ou\u00a0Microsoft SharePoint\u00a0qui sont plus d\u00e9di\u00e9s \u00e0 du Content Mangament System (C.M.S), c&rsquo;est \u00e0 dire de la Gestion de Contenu Documentaire en bon fran\u00e7ais !<\/p>\n<p style=\"text-align: justify;\">Voil\u00e0, je ne vais pas monopiliser le devant de la sc\u00e8ne plus que de n\u00e9cessaire, cet article me semblait pertinent afin de comprendre les motivations sous-jacentes de cette cr\u00e9ation de site et le choix effectu\u00e9 pour la plateforme !<\/p>\n<p style=\"text-align: justify;\">Si vous avez des critiques \u00e0 formuler, pour peu qu&rsquo;elles soient constructives, sur la forme et le fond, des fonctionnalit\u00e9s que vous souhiateriez voir ajout\u00e9es, ou tout autre commentaire, je reste \u00e0 votre enti\u00e8re disposition !<\/p>\n<p style=\"text-align: justify;\">Vous pouvez me contacter directement \u00e0 cette adresse :<\/p>\n<p style=\"text-align: center;\"><strong><a href=\"mailto:webmaster@lesjardinsdelaroussiere.fr\">webmaster@lesjardinsdelaroussiere.fr<\/a><\/strong><\/p>\n<p style=\"text-align: justify;\">Si vous lisez ces lignes c&rsquo;est que vous avez \u00e9t\u00e9 inform\u00e9(e) de son adresse ou bien que vous l&rsquo;avez d\u00e9couverte par hasard en cherchant sur un moteur de recherche, mais retenez bien que l&rsquo;adresse officielle du site de l&rsquo;A.M.A.P des Jardins de la Roussi\u00e8re sera dor\u00e9navant la suivante :<\/p>\n<p style=\"text-align: center;\"><strong><a href=\"http:\/\/www.lesjardinsdelaroussiere.fr\">http:\/\/www.lesjardinsdelaroussiere.fr<\/a><\/strong><\/p>\n<p style=\"text-align: justify;\">Place maintenant aux acteurs, <strong>VOUS et les membres du bureau de l&rsquo;A.M.A.P<\/strong> !<\/p>\n<p style=\"text-align: justify;\">\u00a0<em>Le webmaster<\/em>.<\/p>\n","protected":false},"excerpt":{"rendered":"<p>Le site officiel de l&rsquo;A.M.A.P des jardins de la Roussi\u00e8re vient d&rsquo;\u00eatre cr\u00e9\u00e9 ! A la demande des membres du bureau, il a \u00e9t\u00e9 convenu de basculer l&rsquo;ensemble du contenu pr\u00e9sent sur le Blog que vous consultiez en vous rendant &hellip; <a href=\"https:\/\/www.lesjardinsdelaroussiere.fr\/?p=597\">Continuer la lecture <span class=\"meta-nav\">&rarr;<\/span><\/a><\/p>\n","protected":false},"author":2,"featured_media":0,"comment_status":"open","ping_status":"open","sticky":false,"template":"","format":"standard","meta":[],"categories":[6],"tags":[136,133,141,139,140,137,132,134,138,135],"views":2457,"_links":{"self":[{"href":"https:\/\/www.lesjardinsdelaroussiere.fr\/index.php?rest_route=\/wp\/v2\/posts\/597"}],"collection":[{"href":"https:\/\/www.lesjardinsdelaroussiere.fr\/index.php?rest_route=\/wp\/v2\/posts"}],"about":[{"href":"https:\/\/www.lesjardinsdelaroussiere.fr\/index.php?rest_route=\/wp\/v2\/types\/post"}],"author":[{"embeddable":true,"href":"https:\/\/www.lesjardinsdelaroussiere.fr\/index.php?rest_route=\/wp\/v2\/users\/2"}],"replies":[{"embeddable":true,"href":"https:\/\/www.lesjardinsdelaroussiere.fr\/index.php?rest_route=%2Fwp%2Fv2%2Fcomments&post=597"}],"version-history":[{"count":25,"href":"https:\/\/www.lesjardinsdelaroussiere.fr\/index.php?rest_route=\/wp\/v2\/posts\/597\/revisions"}],"predecessor-version":[{"id":629,"href":"https:\/\/www.lesjardinsdelaroussiere.fr\/index.php?rest_route=\/wp\/v2\/posts\/597\/revisions\/629"}],"wp:attachment":[{"href":"https:\/\/www.lesjardinsdelaroussiere.fr\/index.php?rest_route=%2Fwp%2Fv2%2Fmedia&parent=597"}],"wp:term":[{"taxonomy":"category","embeddable":true,"href":"https:\/\/www.lesjardinsdelaroussiere.fr\/index.php?rest_route=%2Fwp%2Fv2%2Fcategories&post=597"},{"taxonomy":"post_tag","embeddable":true,"href":"https:\/\/www.lesjardinsdelaroussiere.fr\/index.php?rest_route=%2Fwp%2Fv2%2Ftags&post=597"}],"curies":[{"name":"wp","href":"https:\/\/api.w.org\/{rel}","templated":true}]}}