{"id":5833,"date":"2014-10-09T10:51:21","date_gmt":"2014-10-09T08:51:21","guid":{"rendered":"http:\/\/www.lesjardinsdelaroussiere.fr\/?p=5833"},"modified":"2014-10-11T17:07:53","modified_gmt":"2014-10-11T15:07:53","slug":"visite-guidee-de-la-ronde-de-fruits-en-automne","status":"publish","type":"post","link":"https:\/\/www.lesjardinsdelaroussiere.fr\/?p=5833","title":{"rendered":"Visite guid\u00e9e de la Ronde des Fruits en automne"},"content":{"rendered":"<p>Bonjour \u00e0 toutes et \u00e0 tous,<\/p>\n<p style=\"text-align: justify;\">Cela faisait d\u00e9j\u00e0 quelques mois que je souhaitais poursuivre la s\u00e9rie entam\u00e9e sur nos producteurs de l&rsquo;AMAP des Jardins de la Roussi\u00e8re, le temps passait, je m&rsquo;\u00e9tais promis de le faire \u00e0 la belle saison, mais les jours, les mois ce sont \u00e9coul\u00e9s \u00e0 une vitesse folle !<\/p>\n<p style=\"text-align: justify;\">Ce week-end je m&rsquo;\u00e9tais jur\u00e9 de conclure, et voil\u00e0 qui est fait !<\/p>\n<p style=\"text-align: justify;\"><a href=\"http:\/\/lesjardinsdelaroussiere.fr\/wp-content\/uploads\/2014\/10\/10_La_ronde_des_fruits_00.jpg\"><img decoding=\"async\" loading=\"lazy\" class=\"aligncenter wp-image-5903 size-full\" src=\"http:\/\/lesjardinsdelaroussiere.fr\/wp-content\/uploads\/2014\/10\/10_La_ronde_des_fruits_00.jpg\" alt=\"10_La_ronde_des_fruits_00\" width=\"265\" height=\"162\" \/><\/a>Apr\u00e8s plus de 3 semaines sans presque une goutte de pluie, c&rsquo;est finalement sous la menace d&rsquo;averses que cela s&rsquo;est d\u00e9roul\u00e9.<\/p>\n<p style=\"text-align: justify;\">Apr\u00e8s tout, l&rsquo;automne n&rsquo;est pas forc\u00e9ment la saison \u00e0 laquelle on pense imm\u00e9diatement pour faire une visite, mais amateur de photo, je savais que la belle lumi\u00e8re diffuse et les couleurs \u00e9carlates de cette saison apporteraient un petit plus, et je n&rsquo;ai pas \u00e9t\u00e9 d\u00e9\u00e7u !<!--more--><\/p>\n<p style=\"text-align: justify;\">J&rsquo;ai pris rendez-vous avec Micka\u00ebl ce samedi, je l&rsquo;ai appel\u00e9 une heure avant et banco, il \u00e9tait disponible avant que le temps ne se g\u00e2te&#8230;<\/p>\n<p style=\"text-align: justify;\"><a href=\"http:\/\/lesjardinsdelaroussiere.fr\/wp-content\/uploads\/2013\/04\/Richard_MICKAEL_Les_Noyers_La_Membrolle_Sur_Longuenee.png\"><img decoding=\"async\" loading=\"lazy\" class=\"aligncenter wp-image-1492 size-full\" src=\"http:\/\/lesjardinsdelaroussiere.fr\/wp-content\/uploads\/2013\/04\/Richard_MICKAEL_Les_Noyers_La_Membrolle_Sur_Longuenee.png\" alt=\"Plan Richard MICKAEL Les Noyers La Membrolle Sur Longuenee\" width=\"350\" height=\"353\" srcset=\"http:\/\/lesjardinsdelaroussiere.fr\/wp-content\/uploads\/2013\/04\/Richard_MICKAEL_Les_Noyers_La_Membrolle_Sur_Longuenee.png 350w, http:\/\/lesjardinsdelaroussiere.fr\/wp-content\/uploads\/2013\/04\/Richard_MICKAEL_Les_Noyers_La_Membrolle_Sur_Longuenee-150x150.png 150w, http:\/\/lesjardinsdelaroussiere.fr\/wp-content\/uploads\/2013\/04\/Richard_MICKAEL_Les_Noyers_La_Membrolle_Sur_Longuenee-297x300.png 297w\" sizes=\"(max-width: 350px) 100vw, 350px\" \/><\/a>Arriv\u00e9 sur la petite route sinueuse menant \u00e0 la Ronde des Fruits, j&rsquo;ai perdu le fl\u00e9chage, j&rsquo;ai poursuivi sur quelques kilom\u00e8tres puis je suis tomb\u00e9 chez S\u00e9verine, qui par chance sortait de chez elle et m&rsquo;a remis sur le bon chemin !<\/p>\n<p style=\"text-align: justify;\">Au lieu-dit les Noyers, j&rsquo;ai emprunt\u00e9 un chemin goudronn\u00e9 avant de poursuivre sur du gravillon en entrant dans le corps de la ferme restaur\u00e9e.<\/p>\n<p style=\"text-align: justify;\"><a href=\"http:\/\/lesjardinsdelaroussiere.fr\/wp-content\/uploads\/2014\/10\/10_La_ronde_des_fruits_54.jpg\"><img decoding=\"async\" loading=\"lazy\" class=\"aligncenter wp-image-5901 size-full\" src=\"http:\/\/lesjardinsdelaroussiere.fr\/wp-content\/uploads\/2014\/10\/10_La_ronde_des_fruits_54.jpg\" alt=\"10_La_ronde_des_fruits_54\" width=\"397\" height=\"600\" srcset=\"http:\/\/lesjardinsdelaroussiere.fr\/wp-content\/uploads\/2014\/10\/10_La_ronde_des_fruits_54.jpg 397w, http:\/\/lesjardinsdelaroussiere.fr\/wp-content\/uploads\/2014\/10\/10_La_ronde_des_fruits_54-198x300.jpg 198w\" sizes=\"(max-width: 397px) 100vw, 397px\" \/><\/a>Une pancarte fix\u00e9e sur une barri\u00e8re en bois signalait la Ronde de fruits, mais ce n&rsquo;\u00e9tait en fait que la maison de Jean-Luc, l&rsquo;associ\u00e9 de Micka\u00ebl (\u00e0 gauche sur la photo ci-dessus) qui, un peu surpris de ma venue, m&rsquo;explique comment retrouver Micka\u00ebl \u00e0 quelques centaines de m\u00e8tres de l\u00e0 dans son atelier.<\/p>\n<p style=\"text-align: justify;\">Le ciel est gris mais lumineux, la temp\u00e9rature agr\u00e9able, 24\u00b0C, le temps id\u00e9al pour prendre des photos, mais j&rsquo;aper\u00e7ois au loin quelques nuages mena\u00e7ants qui s&rsquo;approchent, je sais que le temps m&rsquo;est compt\u00e9&#8230;<\/p>\n<p style=\"text-align: justify;\">Nous commen\u00e7ons le tour du propri\u00e9taire avec Micka\u00ebl apr\u00e8s que je me sois \u00e9quip\u00e9 de mes appareils, d&rsquo;une voix douce et pos\u00e9e il m&rsquo;explique comment fonctionne la Ronde des fruits.<\/p>\n<p style=\"text-align: justify;\">Mickael\u00a0commence par\u00a0la gen\u00e8se de la Ronde des Fruits et me cite les faits marquants.<\/p>\n<p style=\"text-align: justify;\"><strong>1998 :<\/strong> Jean-Luc s\u2019installe en tant qu\u2019arboriculteur sur la ferme des Noyers \u00e0 la Membrolle-Sur-Longuen\u00e9e.<br \/>\nD\u00e8s le d\u00e9but, il se sp\u00e9cialise dans la production biologique de petits fruits rouges et dans leurs transformations en confitures, gel\u00e9es, sirops, et coulis.<br \/>\nLa Ronde des Fruits est cr\u00e9\u00e9e.<\/p>\n<p style=\"text-align: justify;\"><strong>2002 :<\/strong> Jean-Luc d\u00e9cide d\u2019embaucher une salari\u00e9e \u00e0 temps partiel pour s\u2019occuper de la transformation des fruits.<\/p>\n<p style=\"text-align: justify;\"><strong>1998-2006 :<\/strong> La ferme se d\u00e9veloppe sur le plan d\u00e9partemental.<br \/>\nJean-Luc commercialise ses produits via les march\u00e9s, les magasins CABA et Biocoop de la r\u00e9gion.<br \/>\nUne partie de la production s\u2019en va \u00e9galement sur tout le territoire fran\u00e7ais via la plateforme nationale Biocap.<\/p>\n<p style=\"text-align: justify;\"><strong>2006 :<\/strong> Les r\u00e9sultats \u00e9conomiques de l\u2019entreprise ne sont pas bons.<br \/>\nIl faut agir rapidement.<br \/>\nLa vente de produits \u00e0 la plateforme ne permet pas de d\u00e9gager suffisamment de revenu.<br \/>\nJean-Luc d\u00e9cide alors d\u2019arr\u00eater la vente de ses produits sur toute la France pour se recentrer sur le d\u00e9veloppement local.<\/p>\n<p style=\"text-align: justify;\"><strong>2007 :<\/strong> Jean-Luc et Micha\u00ebl se rencontrent lors d&rsquo;une manifestation sur la vente directe.<br \/>\nMicha\u00ebl souhaite se former \u00e0 l\u2019arboriculture et fait un stage \u00e0 la Ronde des Fruits.<br \/>\nAu fil du temps les deux acteurs se rendent compte qu\u2019ils ont une \u00e9thique de l\u2019agriculture commune et d\u00e9cident de s\u2019associer.<\/p>\n<p style=\"text-align: justify;\"><strong>2008 :<\/strong> La r\u00e9alisation d\u2019une \u00e9tude pr\u00e9visionnelle sur 5 ans montre que l\u2019association est possible.<br \/>\nDans le m\u00eame temps, l\u2019installation d\u2019un mara\u00eecher bio et la cr\u00e9ation de l\u2019AMAP \u00ab\u00a0Les Voisins de Paniers\u00a0\u00bb \u00e0 la Membrolle dynamisent les deux producteurs.<br \/>\nUn atelier de poules pondeuses voit le jour sur la ferme.<\/p>\n<p style=\"text-align: justify;\"><strong>2009 :<\/strong> Au 1er janvier, la nouvelle soci\u00e9t\u00e9 EARL la Ronde des Fruits est cr\u00e9\u00e9e.<br \/>\nL\u2019enjeu est de taille : il faut maintenant d\u00e9gager deux revenus.<br \/>\nLe d\u00e9veloppement de la vente directe et locale est le fer de lance de la ferme.<br \/>\nLes AMAP, un nouvel atelier de vente \u00e0 cueillir ainsi que le d\u00e9veloppement des march\u00e9s devraient permettre \u00e0 Jean-Luc et Micha\u00ebl de vivre de leur m\u00e9tier.<\/p>\n<p style=\"text-align: justify;\">Tandis que nous avan\u00e7ons, nous parlons de <strong><a title=\"Visite de l'exploitation de S\u00e9verine au printemps 2013\" href=\"http:\/\/www.lesjardinsdelaroussiere.fr\/?p=2518%20\">l&rsquo;article que j&rsquo;avais consacr\u00e9 \u00e0 l&rsquo;exploitation de S\u00e9verine<\/a><\/strong>, je lui explique comment je compte relater notre visite et nous arrivons quelques minutes plus tard en vue du terrain l\u00e9g\u00e8rement en contrebas o\u00f9 s&rsquo;effectue la cueillette de m\u00fbres, framboises et autres fruits rouges par les AMAPiens.<\/p>\n<p style=\"text-align: justify;\">Cela ne constitue qu&rsquo;une infime partie des 2.5 hectares de l&rsquo;exploitation qui s&rsquo;\u00e9talent devant nos yeux sur un flanc de colline descendant en pente l\u00e9g\u00e8re et baign\u00e9 d&rsquo;une\u00a0 douce lumi\u00e8re.<\/p>\n<p style=\"text-align: justify;\">Les plants de muriers s&rsquo;\u00e9tirent sur des dizaines de m\u00e8tres, les pieds au frais dans un matelas \u00e9pais et douillet d&rsquo;herbes hirsutes d&rsquo;un vert tendre, parsem\u00e9 de ci et de l\u00e0 de quelques pieds de pissenlits, d&rsquo;orties ou de restes lignifi\u00e9s de chardons.<\/p>\n<p style=\"text-align: justify;\"><a href=\"http:\/\/lesjardinsdelaroussiere.fr\/wp-content\/uploads\/2014\/10\/10_La_ronde_des_fruits_01.jpg\"><img decoding=\"async\" loading=\"lazy\" class=\"alignnone size-full wp-image-5835\" src=\"http:\/\/lesjardinsdelaroussiere.fr\/wp-content\/uploads\/2014\/10\/10_La_ronde_des_fruits_01.jpg\" alt=\"10 La Ronde des fruits 01\" width=\"560\" height=\"373\" srcset=\"http:\/\/lesjardinsdelaroussiere.fr\/wp-content\/uploads\/2014\/10\/10_La_ronde_des_fruits_01.jpg 560w, http:\/\/lesjardinsdelaroussiere.fr\/wp-content\/uploads\/2014\/10\/10_La_ronde_des_fruits_01-300x199.jpg 300w, http:\/\/lesjardinsdelaroussiere.fr\/wp-content\/uploads\/2014\/10\/10_La_ronde_des_fruits_01-450x300.jpg 450w\" sizes=\"(max-width: 560px) 100vw, 560px\" \/><\/a><\/p>\n<p style=\"text-align: justify;\">Il est clair que l&rsquo;on est dans une AMAP sans pesticides ni engrais chimique comme le proclame fi\u00e8rement la pancarte \u00e0 l&rsquo;entr\u00e9e, et non dans un verger aux rangs align\u00e9s au GPS, manucur\u00e9s et au sol parfaitement immacul\u00e9 !<\/p>\n<p><a href=\"http:\/\/lesjardinsdelaroussiere.fr\/wp-content\/uploads\/2014\/10\/10_La_ronde_des_fruits_02.jpg\"><img decoding=\"async\" loading=\"lazy\" class=\"aligncenter wp-image-5836 size-full\" src=\"http:\/\/lesjardinsdelaroussiere.fr\/wp-content\/uploads\/2014\/10\/10_La_ronde_des_fruits_02.jpg\" alt=\"10 La Ronde des fruits 02\" width=\"373\" height=\"560\" srcset=\"http:\/\/lesjardinsdelaroussiere.fr\/wp-content\/uploads\/2014\/10\/10_La_ronde_des_fruits_02.jpg 373w, http:\/\/lesjardinsdelaroussiere.fr\/wp-content\/uploads\/2014\/10\/10_La_ronde_des_fruits_02-199x300.jpg 199w\" sizes=\"(max-width: 373px) 100vw, 373px\" \/><\/a>Nous longeons les quelques rangs puis nous arrivons sur ceux de framboisiers.<\/p>\n<p style=\"text-align: justify;\">C&rsquo;est clairement la fin de saison pour ceux-ci, il ne reste gu\u00e8re de fruits, la couleur vert des feuilles s\u2019efface pour laisser place aux couleurs chatoyantes de l\u2019automne, la chlorophylle c\u00e8de la place aux pigments carot\u00e9no\u00efdes qui couvrent toute la palette de couleurs du jaune p\u00e2le au orange vif !<br \/>\nQuelques reflets argent\u00e9s viennent parfois capter l\u2019attention pour peu que l&rsquo;on prenne la peine d&rsquo;observer ces milliers de feuilles qui petit \u00e0 petit se recroquevillent avant de tomber et nourrir le sol pour un autre cycle&#8230;<\/p>\n<p><a href=\"http:\/\/lesjardinsdelaroussiere.fr\/wp-content\/uploads\/2014\/10\/10_La_ronde_des_fruits_03.jpg\"><img decoding=\"async\" loading=\"lazy\" class=\"alignnone size-full wp-image-5838\" src=\"http:\/\/lesjardinsdelaroussiere.fr\/wp-content\/uploads\/2014\/10\/10_La_ronde_des_fruits_03.jpg\" alt=\"10_La_ronde_des_fruits_03\" width=\"600\" height=\"399\" srcset=\"http:\/\/lesjardinsdelaroussiere.fr\/wp-content\/uploads\/2014\/10\/10_La_ronde_des_fruits_03.jpg 600w, http:\/\/lesjardinsdelaroussiere.fr\/wp-content\/uploads\/2014\/10\/10_La_ronde_des_fruits_03-300x199.jpg 300w, http:\/\/lesjardinsdelaroussiere.fr\/wp-content\/uploads\/2014\/10\/10_La_ronde_des_fruits_03-451x300.jpg 451w\" sizes=\"(max-width: 600px) 100vw, 600px\" \/><\/a><\/p>\n<p><a href=\"http:\/\/lesjardinsdelaroussiere.fr\/wp-content\/uploads\/2014\/10\/10_La_ronde_des_fruits_04.jpg\"><img decoding=\"async\" loading=\"lazy\" class=\"alignnone size-full wp-image-5839\" src=\"http:\/\/lesjardinsdelaroussiere.fr\/wp-content\/uploads\/2014\/10\/10_La_ronde_des_fruits_04.jpg\" alt=\"10 La Ronde des fruits 04\" width=\"600\" height=\"399\" srcset=\"http:\/\/lesjardinsdelaroussiere.fr\/wp-content\/uploads\/2014\/10\/10_La_ronde_des_fruits_04.jpg 600w, http:\/\/lesjardinsdelaroussiere.fr\/wp-content\/uploads\/2014\/10\/10_La_ronde_des_fruits_04-300x199.jpg 300w, http:\/\/lesjardinsdelaroussiere.fr\/wp-content\/uploads\/2014\/10\/10_La_ronde_des_fruits_04-451x300.jpg 451w\" sizes=\"(max-width: 600px) 100vw, 600px\" \/><\/a><\/p>\n<p style=\"text-align: justify;\">Pourtant, ce dernier regard vers ces framboisiers qui vont sombrer dans le long sommeil hivernal contraste avec ces plants verdoyants qui, il y a quelques mois encore, ont rempli abondamment nos barquettes de fruits rouges, semaine apr\u00e8s semaine, pour le plus grand plaisir de nos palais !<\/p>\n<p style=\"text-align: justify;\">Un peu plus loin, nous arrivons vers les plants de fraises qui affichent avec insolence leur sant\u00e9 et leurs feuilles d&rsquo;un vert immacul\u00e9 !<\/p>\n<p style=\"text-align: justify;\">Je suis admiratif de voir ces centaines de pieds de fraisiers produire encore abondamment des fraises alors que nous venons d&rsquo;entamer l&rsquo;automne et que les temp\u00e9ratures le matin taquinent le 7 ou 8\u00b0C !<\/p>\n<p style=\"text-align: justify;\">Quelques pieds de Tournesol ayant perdu tout espoir de se gorger de la lumi\u00e8re du soleil, semblent garder ce pr\u00e9cieux tr\u00e9sor dans ce coin recul\u00e9 de l\u2019exploitation&#8230;<\/p>\n<p style=\"text-align: justify;\"><a href=\"http:\/\/lesjardinsdelaroussiere.fr\/wp-content\/uploads\/2014\/10\/10_La_ronde_des_fruits_05.jpg\"><img decoding=\"async\" loading=\"lazy\" class=\"alignnone size-full wp-image-5840\" src=\"http:\/\/lesjardinsdelaroussiere.fr\/wp-content\/uploads\/2014\/10\/10_La_ronde_des_fruits_05.jpg\" alt=\"10 La Ronde des fruits 05\" width=\"600\" height=\"399\" srcset=\"http:\/\/lesjardinsdelaroussiere.fr\/wp-content\/uploads\/2014\/10\/10_La_ronde_des_fruits_05.jpg 600w, http:\/\/lesjardinsdelaroussiere.fr\/wp-content\/uploads\/2014\/10\/10_La_ronde_des_fruits_05-300x199.jpg 300w, http:\/\/lesjardinsdelaroussiere.fr\/wp-content\/uploads\/2014\/10\/10_La_ronde_des_fruits_05-451x300.jpg 451w\" sizes=\"(max-width: 600px) 100vw, 600px\" \/><\/a><\/p>\n<p style=\"text-align: justify;\"><a href=\"http:\/\/lesjardinsdelaroussiere.fr\/wp-content\/uploads\/2014\/10\/10_La_ronde_des_fruits_14.jpg\"><img decoding=\"async\" loading=\"lazy\" class=\"alignnone size-full wp-image-5852\" src=\"http:\/\/lesjardinsdelaroussiere.fr\/wp-content\/uploads\/2014\/10\/10_La_ronde_des_fruits_14.jpg\" alt=\"10_La_ronde_des_fruits_14\" width=\"600\" height=\"399\" srcset=\"http:\/\/lesjardinsdelaroussiere.fr\/wp-content\/uploads\/2014\/10\/10_La_ronde_des_fruits_14.jpg 600w, http:\/\/lesjardinsdelaroussiere.fr\/wp-content\/uploads\/2014\/10\/10_La_ronde_des_fruits_14-300x199.jpg 300w, http:\/\/lesjardinsdelaroussiere.fr\/wp-content\/uploads\/2014\/10\/10_La_ronde_des_fruits_14-451x300.jpg 451w\" sizes=\"(max-width: 600px) 100vw, 600px\" \/><\/a><\/p>\n<p style=\"text-align: justify;\"><a href=\"http:\/\/lesjardinsdelaroussiere.fr\/wp-content\/uploads\/2014\/10\/10_La_ronde_des_fruits_06.jpg\"><img decoding=\"async\" loading=\"lazy\" class=\"alignnone size-full wp-image-5841\" src=\"http:\/\/lesjardinsdelaroussiere.fr\/wp-content\/uploads\/2014\/10\/10_La_ronde_des_fruits_06.jpg\" alt=\"10_La_ronde_des_fruits_06\" width=\"600\" height=\"397\" srcset=\"http:\/\/lesjardinsdelaroussiere.fr\/wp-content\/uploads\/2014\/10\/10_La_ronde_des_fruits_06.jpg 600w, http:\/\/lesjardinsdelaroussiere.fr\/wp-content\/uploads\/2014\/10\/10_La_ronde_des_fruits_06-300x198.jpg 300w, http:\/\/lesjardinsdelaroussiere.fr\/wp-content\/uploads\/2014\/10\/10_La_ronde_des_fruits_06-453x300.jpg 453w\" sizes=\"(max-width: 600px) 100vw, 600px\" \/><\/a><\/p>\n<p style=\"text-align: justify;\"><a href=\"http:\/\/lesjardinsdelaroussiere.fr\/wp-content\/uploads\/2014\/10\/10_La_ronde_des_fruits_07.jpg\"><img decoding=\"async\" loading=\"lazy\" class=\"alignnone size-full wp-image-5842\" src=\"http:\/\/lesjardinsdelaroussiere.fr\/wp-content\/uploads\/2014\/10\/10_La_ronde_des_fruits_07.jpg\" alt=\"10_La_ronde_des_fruits_07\" width=\"600\" height=\"397\" srcset=\"http:\/\/lesjardinsdelaroussiere.fr\/wp-content\/uploads\/2014\/10\/10_La_ronde_des_fruits_07.jpg 600w, http:\/\/lesjardinsdelaroussiere.fr\/wp-content\/uploads\/2014\/10\/10_La_ronde_des_fruits_07-300x198.jpg 300w, http:\/\/lesjardinsdelaroussiere.fr\/wp-content\/uploads\/2014\/10\/10_La_ronde_des_fruits_07-453x300.jpg 453w\" sizes=\"(max-width: 600px) 100vw, 600px\" \/><\/a><\/p>\n<p style=\"text-align: justify;\">Les stolons serpentent entre les rangs de fraisiers formant un lacis inextricable que Micka\u00ebl doit nettoyer r\u00e9guli\u00e8rement, une \u00e0 deux fois dans l&rsquo;ann\u00e9e, tandis que le long des b\u00e2ches en tissu tress\u00e9 noir, des grappes abondantes de fraises murissent encore par milliers !<\/p>\n<p style=\"text-align: justify;\">Miracle de cette nature qui s&rsquo;est gorg\u00e9e de soleil ces derni\u00e8res semaines dans notre belle r\u00e9gion&#8230;<\/p>\n<p style=\"text-align: justify;\">Mais dame Nature n&rsquo;est pas toujours aussi conciliante comme en t\u00e9moignent les \u00e9v\u00e8nements de ces derni\u00e8res semaines dans le sud de la France qui se retrouvait les pieds dans l&rsquo;eau avec des quantit\u00e9s ph\u00e9nom\u00e9nales tomb\u00e9es en quelques heures, 300 litres par m\u00e8tre carr\u00e9, tandis que nos r\u00e9gions n\u2019avaient pas vu une goutte ou presque depuis plusieurs semaines&#8230;<\/p>\n<p style=\"text-align: justify;\">Ciflorette, Belrubi, Maia, Cigaline, Manille, Gariguette, Favette, etc.,\u00a0il y a comme un accent du midi qui r\u00e9sonne dans ma t\u00eate, comme du Pagnol, en lisant les \u00e9tiquettes en t\u00eate de chaque rang, ces noms chantant \u00e0 mes oreilles illuminent mon imagination !<\/p>\n<p style=\"text-align: justify;\">J&rsquo;ai eu la chance de go\u00fbter sur place ces fraises, et croyez-moi, cette savoureuse chair sucr\u00e9e vous donne envie de poursuivre la d\u00e9gustation jusqu&rsquo;\u00e0 plus faim !<\/p>\n<p style=\"text-align: justify;\">Pourtant tout n&rsquo;est pas rose pour les fraises de Micka\u00ebl !<\/p>\n<p style=\"text-align: justify;\">Souvenez vous de<strong><a title=\"Article sur la Drosophile\" href=\"http:\/\/www.lesjardinsdelaroussiere.fr\/?p=5399\"> l&rsquo;article que j&rsquo;avais consacr\u00e9 \u00e0 la Drosophile en Novembre dernier<\/a><\/strong> !<\/p>\n<p style=\"text-align: justify;\"><a href=\"http:\/\/lesjardinsdelaroussiere.fr\/wp-content\/uploads\/2013\/11\/09112013_Drosophile_Suzukii.png\"><img decoding=\"async\" loading=\"lazy\" class=\"alignnone size-full wp-image-5405\" src=\"http:\/\/lesjardinsdelaroussiere.fr\/wp-content\/uploads\/2013\/11\/09112013_Drosophile_Suzukii.png\" alt=\"Drosophile Suzukii\" width=\"510\" height=\"353\" srcset=\"http:\/\/lesjardinsdelaroussiere.fr\/wp-content\/uploads\/2013\/11\/09112013_Drosophile_Suzukii.png 510w, http:\/\/lesjardinsdelaroussiere.fr\/wp-content\/uploads\/2013\/11\/09112013_Drosophile_Suzukii-300x207.png 300w, http:\/\/lesjardinsdelaroussiere.fr\/wp-content\/uploads\/2013\/11\/09112013_Drosophile_Suzukii-433x300.png 433w\" sizes=\"(max-width: 510px) 100vw, 510px\" \/><\/a><\/p>\n<p style=\"text-align: justify;\">Les pi\u00e8ges ont \u00e9t\u00e9 pos\u00e9s avec l&rsquo;aide de nombreux Amapiens (qu&rsquo;ils en soient ici encore remerci\u00e9s !), mais malgr\u00e9 tous ces efforts, l&rsquo;efficacit\u00e9 n&rsquo;a pas forc\u00e9ment \u00e9t\u00e9 au rendez-vous&#8230;<\/p>\n<p style=\"text-align: justify;\">Rassurons-nous, les pi\u00e8ges marchent, mais compte tenu du nombre de parasites \u00e0 attraper, cela reste limit\u00e9, n\u00e9anmoins ce ne fut pas en vain,\u00a0 il \u00e9tait n\u00e9cessaire d&rsquo;agir et les mouches captur\u00e9es n\u2019auront pas eu l&rsquo;occasion de g\u00e2ter les plants de fraisiers et framboisiers avec leurs larves !<\/p>\n<p style=\"text-align: justify;\">Micka\u00ebl semble pourtant serein et optimiste dans ses propos, pour lui, m\u00eame si les pi\u00e8ges n&rsquo;ont pas eu l&rsquo;efficacit\u00e9 escompt\u00e9e, il constate ; tout comme ses confr\u00e8res ; que la Nature finit toujours par atteindre un \u00e9quilibre au bout d&rsquo;un certain temps.<\/p>\n<p style=\"text-align: justify;\">Depuis deux ans, ce parasite s&rsquo;est install\u00e9 dans nos r\u00e9gions, des pesticides existent, mais cela s&rsquo;op\u00e8re toujours au d\u00e9triment du biotope, \u00e0 savoir que s&rsquo;ils sont efficaces contre une esp\u00e8ce, ils peuvent tr\u00e8s bien en affaiblir une autre qui elle est b\u00e9n\u00e9fique \u00e0 la culture de tel ou tel fruit ou l\u00e9gume.<\/p>\n<p style=\"text-align: justify;\">La question ne se pose de toute mani\u00e8re pas en ces termes pour l&rsquo;agriculture biologique, mais Micka\u00ebl pense que d&rsquo;autres insectes alli\u00e9s des producteurs bio, tels que les syrphes, gu\u00eapes parasito\u00efdes (la <em>Leptopilina heterotoma<\/em> par exemple, injecte ses \u0153ufs \u00e0 l&rsquo;int\u00e9rieur de la larve de Drosophile avec un venin qui inhibe la r\u00e9ponse des cellules immunitaires de cette derni\u00e8re), chrysopes, punaises anthocorides, araign\u00e9es sauteuses, araign\u00e9es crabes, staphylins\u00a0etc., finiront par apporter une r\u00e9ponse \u00e0 ce nouveau fl\u00e9au.<\/p>\n<div id=\"attachment_5845\" style=\"width: 554px\" class=\"wp-caption alignnone\"><a href=\"http:\/\/lesjardinsdelaroussiere.fr\/wp-content\/uploads\/2014\/10\/10_La_ronde_des_fruits_09.jpg\"><img aria-describedby=\"caption-attachment-5845\" decoding=\"async\" loading=\"lazy\" class=\"wp-image-5845 size-full\" src=\"http:\/\/lesjardinsdelaroussiere.fr\/wp-content\/uploads\/2014\/10\/10_La_ronde_des_fruits_09.jpg\" alt=\"10_La_ronde_des_fruits_09\" width=\"544\" height=\"324\" srcset=\"http:\/\/lesjardinsdelaroussiere.fr\/wp-content\/uploads\/2014\/10\/10_La_ronde_des_fruits_09.jpg 544w, http:\/\/lesjardinsdelaroussiere.fr\/wp-content\/uploads\/2014\/10\/10_La_ronde_des_fruits_09-300x178.jpg 300w, http:\/\/lesjardinsdelaroussiere.fr\/wp-content\/uploads\/2014\/10\/10_La_ronde_des_fruits_09-500x297.jpg 500w\" sizes=\"(max-width: 544px) 100vw, 544px\" \/><\/a><p id=\"caption-attachment-5845\" class=\"wp-caption-text\">Leptopilina heterotoma<\/p><\/div>\n<p style=\"text-align: justify;\">En r\u00e8gle g\u00e9nale, les r\u00e9pulsifs, le pi\u00e9geage et le refroidissement des fruits apr\u00e8s r\u00e9colte (entre 1\u00b0 et 2\u00b0C pendant 72 heures) sont encore les meilleures tactiques pour le moment en agriculture biologique.<\/p>\n<p style=\"text-align: justify;\">Sans cela, les dommages pourraient toucher pr\u00e8s de 50% des framboises et 10% des fraises r\u00e9colt\u00e9es, surtout celles d&rsquo;automne, car pour m\u00e9moire, c&rsquo;est fin juillet que les larves sont trouv\u00e9es dans les fruits.<\/p>\n<p style=\"text-align: justify;\">Mickael estime que cette ann\u00e9e, pour la Ronde des Fruits, plusieurs actions ont permis de g\u00e9rer la pression jusqu&rsquo;\u00e0 la mi-ao\u00fbt en tous cas : \u00ab\u00a0<em>le pi\u00e9geage pour 1\/3, les cueillettes rapproch\u00e9es (pour \u00e9viter les fruits en sur-maturit\u00e9 qui attirent davantage le parasite) pour 1\/3, et la gestion des fruits touch\u00e9s en transformation (ils sont des nids \u00e0 larves) pour le dernier 1\/3. <\/em><br \/>\n<em>Toutes ces actions ont permis de limiter autant que possible le d\u00e9veloppement de nouvelles g\u00e9n\u00e9rations.<\/em>\u00ab\u00a0<\/p>\n<p style=\"text-align: justify;\">Mais s&rsquo;il n&rsquo;y avait que cela, la Nature peut parfois sembler cruelle dans ses manifestations, puisque Micka\u00ebl a d\u00fb mettre en jach\u00e8re il n&rsquo;y a pas si longtemps une partie de sa production de pieds de framboisiers.<br \/>\nIl m&rsquo;explique que : \u00ab\u00a0<em>Phytophthora fragariae a contamin\u00e9 le sol, et il faudra attendre pr\u00e8s de 7 ans avant de pouvoir replanter des plants de framboisiers&#8230;<\/em><br \/>\n<em>Ce dernier\u00a0touche \u00e9galement le fraisier, c&rsquo;est en fait un champignon qui s&rsquo;attaque aux radicelles de la plante.<\/em><\/p>\n<address style=\"text-align: justify;\">\u00ab\u00a0Les sympt\u00f4mes\u00a0d\u00e9butent sur les feuilles basales, lesquelles jaunissent, rougissent et pr\u00e9sentent des br\u00fblures \u00e0 la marge et entre les nervures.<br \/>\nLes feuilles dess\u00e9ch\u00e9es demeurent attach\u00e9es au plant.<br \/>\n\u00c9ventuellement, le plant fl\u00e9trit et meurt. Sur les plants gravement atteints par le pourridi\u00e9 des racines, un sympt\u00f4me particuli\u00e8rement caract\u00e9ristique de cette maladie, et aidant au diagnostic, est celle d\u2019une coloration brune des tissus internes du collet. Pour v\u00e9rifier ce sympt\u00f4me, il s&rsquo;agit d&rsquo;enlever l&rsquo;\u00e9piderme au collet et d&rsquo;observer s&rsquo;il y a une coloration brune des tissus. Les racines pr\u00e9sentent \u00e9galement une anomalie de coloration (voir fl\u00e8ches) et une pourriture des racines variant de brun \u00e0 noir et dont l&rsquo;apparence des tissus affect\u00e9s est humide.\u00a0\u00bb<br \/>\nSources :\u00a0<strong><a href=\"http:\/\/www.iriisphytoprotection.qc.ca\/Prive\/Recherche\/FicheSymptome2.aspx?ID=3606&amp;TI=Shttp:\/\/www.iriisphytoprotection.qc.ca\/Prive\/Recherche\/FicheSymptome2.aspx?ID=3606&amp;TI=S\" target=\"_blank\">Site Iriis phytprotection<\/a><\/strong>.\u00a0<\/address>\n<div id=\"attachment_5907\" style=\"width: 460px\" class=\"wp-caption alignnone\"><a href=\"http:\/\/lesjardinsdelaroussiere.fr\/wp-content\/uploads\/2014\/10\/Pourriture_des_racines_framboisiers_01.jpg\"><img aria-describedby=\"caption-attachment-5907\" decoding=\"async\" loading=\"lazy\" class=\"wp-image-5907 size-full\" src=\"http:\/\/lesjardinsdelaroussiere.fr\/wp-content\/uploads\/2014\/10\/Pourriture_des_racines_framboisiers_01.jpg\" alt=\"Pourriture_des_racines_framboisiers_01\" width=\"450\" height=\"600\" srcset=\"http:\/\/lesjardinsdelaroussiere.fr\/wp-content\/uploads\/2014\/10\/Pourriture_des_racines_framboisiers_01.jpg 450w, http:\/\/lesjardinsdelaroussiere.fr\/wp-content\/uploads\/2014\/10\/Pourriture_des_racines_framboisiers_01-225x300.jpg 225w\" sizes=\"(max-width: 450px) 100vw, 450px\" \/><\/a><p id=\"caption-attachment-5907\" class=\"wp-caption-text\">Le framboisier souffrant du Phytophthora fragariae. Cr\u00e9dits photographiques : Laboratoire de diagnostic en phytoprotection &#8211; MAPAQ<\/p><\/div>\n<div id=\"attachment_5908\" style=\"width: 610px\" class=\"wp-caption alignnone\"><a href=\"http:\/\/lesjardinsdelaroussiere.fr\/wp-content\/uploads\/2014\/10\/Pourriture_des_racines_framboisiers_02.jpg\"><img aria-describedby=\"caption-attachment-5908\" decoding=\"async\" loading=\"lazy\" class=\"wp-image-5908 size-full\" src=\"http:\/\/lesjardinsdelaroussiere.fr\/wp-content\/uploads\/2014\/10\/Pourriture_des_racines_framboisiers_02.jpg\" alt=\"Pourriture_des_racines_framboisiers_02\" width=\"600\" height=\"450\" srcset=\"http:\/\/lesjardinsdelaroussiere.fr\/wp-content\/uploads\/2014\/10\/Pourriture_des_racines_framboisiers_02.jpg 600w, http:\/\/lesjardinsdelaroussiere.fr\/wp-content\/uploads\/2014\/10\/Pourriture_des_racines_framboisiers_02-300x225.jpg 300w, http:\/\/lesjardinsdelaroussiere.fr\/wp-content\/uploads\/2014\/10\/Pourriture_des_racines_framboisiers_02-400x300.jpg 400w\" sizes=\"(max-width: 600px) 100vw, 600px\" \/><\/a><p id=\"caption-attachment-5908\" class=\"wp-caption-text\">Racines attaqu\u00e9es par Phytophthora fragariae. Cr\u00e9dits photographiques : Laboratoire de diagnostic en phytoprotection &#8211; MAPAQ<\/p><\/div>\n<p style=\"text-align: justify;\"><em>D&rsquo;autres maladies cryptogamiques s&rsquo;attaquent plus aux fruits comme l&rsquo;anthracnose ou la moniliose qui apparaissent suite \u00e0 de mauvaises conditions climatiques\u00a0sur une longue dur\u00e9e<\/em>.\u00a0\u00bb<\/p>\n<p style=\"text-align: justify;\">Pendant ce temps, la plantation de l\u00e9gumineuses permet de redonner un \u00ab\u00a0coup de boost\u00a0\u00bb \u00e0 la terre en apportant entre autre de l&rsquo;azote \u00e9puis\u00e9 par les framboisiers.<br \/>\nSur ce plan, Micka\u00ebl essaye quelques combinaisons de plantes afin de trouver empiriquement ce qui convient \u00e0 sa terre.<\/p>\n<p style=\"text-align: justify;\">Il faut savoir que jadis, la jach\u00e8re naturelle pouvait durer de 10 \u00e0 15 ans !<\/p>\n<p style=\"text-align: justify;\">Aujourd&rsquo;hui, elles sont plus courtes, elles d\u00e9pendent bien \u00e9videmment des cultures, Micka\u00ebl m\u2019indique que pour les framboisiers elle est plus ou moins de 7 ans.<\/p>\n<p style=\"text-align: justify;\">Le but des l\u00e9gumineuses (tr\u00e8fle et luzerne, pour la Ronde des Fruits) est de fixer l&rsquo;azote assez rapidement dans le sol, mais elles ont \u00e9galement un effet \u00ab\u00a0nettoyant\u00a0\u00bb en limitant les mauvaises herbes sur les parcelles cultiv\u00e9es.<br \/>\nCet apport s&rsquo;effectue en r\u00e8gle g\u00e9n\u00e9rale dans les 20 premiers centim\u00e8tres du sol en mati\u00e8re organique.<\/p>\n<p style=\"text-align: justify;\"><a href=\"http:\/\/lesjardinsdelaroussiere.fr\/wp-content\/uploads\/2014\/10\/10_La_ronde_des_fruits_101.jpg\"><img decoding=\"async\" loading=\"lazy\" class=\"alignnone size-full wp-image-5848\" src=\"http:\/\/lesjardinsdelaroussiere.fr\/wp-content\/uploads\/2014\/10\/10_La_ronde_des_fruits_101.jpg\" alt=\"10_La_ronde_des_fruits_10\" width=\"600\" height=\"399\" srcset=\"http:\/\/lesjardinsdelaroussiere.fr\/wp-content\/uploads\/2014\/10\/10_La_ronde_des_fruits_101.jpg 600w, http:\/\/lesjardinsdelaroussiere.fr\/wp-content\/uploads\/2014\/10\/10_La_ronde_des_fruits_101-300x199.jpg 300w, http:\/\/lesjardinsdelaroussiere.fr\/wp-content\/uploads\/2014\/10\/10_La_ronde_des_fruits_101-451x300.jpg 451w\" sizes=\"(max-width: 600px) 100vw, 600px\" \/><\/a><\/p>\n<p style=\"text-align: justify;\"><a href=\"http:\/\/lesjardinsdelaroussiere.fr\/wp-content\/uploads\/2014\/10\/10_La_ronde_des_fruits_111.jpg\"><img decoding=\"async\" loading=\"lazy\" class=\"alignnone size-full wp-image-5849\" src=\"http:\/\/lesjardinsdelaroussiere.fr\/wp-content\/uploads\/2014\/10\/10_La_ronde_des_fruits_111.jpg\" alt=\"10_La_ronde_des_fruits_11\" width=\"600\" height=\"399\" srcset=\"http:\/\/lesjardinsdelaroussiere.fr\/wp-content\/uploads\/2014\/10\/10_La_ronde_des_fruits_111.jpg 600w, http:\/\/lesjardinsdelaroussiere.fr\/wp-content\/uploads\/2014\/10\/10_La_ronde_des_fruits_111-300x199.jpg 300w, http:\/\/lesjardinsdelaroussiere.fr\/wp-content\/uploads\/2014\/10\/10_La_ronde_des_fruits_111-451x300.jpg 451w\" sizes=\"(max-width: 600px) 100vw, 600px\" \/><\/a><\/p>\n<p style=\"text-align: justify;\">Toutefois, il faut savoir qu&rsquo;un plant de framboisier donnera des fruits pendant cette m\u00eame dur\u00e9e, ensuite, \u00e9puis\u00e9, il ne produira presque plus.<\/p>\n<p style=\"text-align: justify;\">Pourtant, le framboisier est plut\u00f4t robuste, mais il a ses ennemis : nous avons parl\u00e9 de la Drosophile pour le fruit, du <em>Phytophthora fragariae<\/em>, mais il y a \u00e9galement le <em>botrytis<\/em> (pourriture grise) la maladie des temps humides, le ver blanc larve de la mouche du framboisier (surtout en juin), la <em>c\u00e9cidomyie<\/em> qui produit une sorte de galle et des t\u00e2ches sur les tiges qui obligent \u00e0 couper et br\u00fbler le plus vite possible les plants infest\u00e9s, et quelques autres.<\/p>\n<p style=\"text-align: justify;\">D&rsquo;ailleurs, pour en revenir \u00e0 l&rsquo;humidit\u00e9, afin d&rsquo;\u00e9viter les maladies inh\u00e9rentes au trop plein d&rsquo;eau, Micka\u00ebl m&rsquo;explique qu&rsquo;il est oblig\u00e9 de faire des double butt\u00e9es pour ces\u00a0 plantations de framboisiers.<br \/>\nEn cas de chutes d&rsquo;eau abondantes, les inondations ne concerneront que les all\u00e9es et la terre des buttes sera bien drain\u00e9e.<br \/>\nPar contre, en p\u00e9riode s\u00e8che, l&rsquo;infiltration de l&rsquo;eau des pr\u00e9cipitations s\u2019effectue au niveau des all\u00e9es, ce qui permet \u00e0 la butte d&rsquo;\u00eatre mieux irrigu\u00e9e en profondeur, et aux racines de se d\u00e9velopper de fa\u00e7on id\u00e9ale.<\/p>\n<p style=\"text-align: justify;\">Fort heureusement, Micka\u00ebl dispose de nombreux pieds de framboisiers vigoureux et prolifiques, car m\u00eame en ce mois d&rsquo;octobre, il y avait encore des fruits \u00e0 divers stades de leur maturation !<\/p>\n<p style=\"text-align: justify;\"><a href=\"http:\/\/lesjardinsdelaroussiere.fr\/wp-content\/uploads\/2014\/10\/10_La_ronde_des_fruits_13.jpg\"><img decoding=\"async\" loading=\"lazy\" class=\"alignnone size-full wp-image-5851\" src=\"http:\/\/lesjardinsdelaroussiere.fr\/wp-content\/uploads\/2014\/10\/10_La_ronde_des_fruits_13.jpg\" alt=\"10_La_ronde_des_fruits_13\" width=\"600\" height=\"399\" srcset=\"http:\/\/lesjardinsdelaroussiere.fr\/wp-content\/uploads\/2014\/10\/10_La_ronde_des_fruits_13.jpg 600w, http:\/\/lesjardinsdelaroussiere.fr\/wp-content\/uploads\/2014\/10\/10_La_ronde_des_fruits_13-300x199.jpg 300w, http:\/\/lesjardinsdelaroussiere.fr\/wp-content\/uploads\/2014\/10\/10_La_ronde_des_fruits_13-451x300.jpg 451w\" sizes=\"(max-width: 600px) 100vw, 600px\" \/><\/a><\/p>\n<p style=\"text-align: justify;\"><a href=\"http:\/\/lesjardinsdelaroussiere.fr\/wp-content\/uploads\/2014\/10\/10_La_ronde_des_fruits_12.jpg\"><img decoding=\"async\" loading=\"lazy\" class=\"alignnone size-full wp-image-5850\" src=\"http:\/\/lesjardinsdelaroussiere.fr\/wp-content\/uploads\/2014\/10\/10_La_ronde_des_fruits_12.jpg\" alt=\"10_La_ronde_des_fruits_12\" width=\"600\" height=\"397\" srcset=\"http:\/\/lesjardinsdelaroussiere.fr\/wp-content\/uploads\/2014\/10\/10_La_ronde_des_fruits_12.jpg 600w, http:\/\/lesjardinsdelaroussiere.fr\/wp-content\/uploads\/2014\/10\/10_La_ronde_des_fruits_12-300x198.jpg 300w, http:\/\/lesjardinsdelaroussiere.fr\/wp-content\/uploads\/2014\/10\/10_La_ronde_des_fruits_12-453x300.jpg 453w\" sizes=\"(max-width: 600px) 100vw, 600px\" \/><\/a><\/p>\n<p style=\"text-align: justify;\">Nous revenons vers notre point de d\u00e9part, et mon regard est aussit\u00f4t attir\u00e9 par des plants de couleur rouge !<\/p>\n<p style=\"text-align: justify;\"><a href=\"http:\/\/lesjardinsdelaroussiere.fr\/wp-content\/uploads\/2014\/10\/10_La_ronde_des_fruits_15.jpg\"><img decoding=\"async\" loading=\"lazy\" class=\"alignnone size-full wp-image-5853\" src=\"http:\/\/lesjardinsdelaroussiere.fr\/wp-content\/uploads\/2014\/10\/10_La_ronde_des_fruits_15.jpg\" alt=\"10_La_ronde_des_fruits_15\" width=\"600\" height=\"399\" srcset=\"http:\/\/lesjardinsdelaroussiere.fr\/wp-content\/uploads\/2014\/10\/10_La_ronde_des_fruits_15.jpg 600w, http:\/\/lesjardinsdelaroussiere.fr\/wp-content\/uploads\/2014\/10\/10_La_ronde_des_fruits_15-300x199.jpg 300w, http:\/\/lesjardinsdelaroussiere.fr\/wp-content\/uploads\/2014\/10\/10_La_ronde_des_fruits_15-451x300.jpg 451w\" sizes=\"(max-width: 600px) 100vw, 600px\" \/><\/a> <a href=\"http:\/\/lesjardinsdelaroussiere.fr\/wp-content\/uploads\/2014\/10\/10_La_ronde_des_fruits_16.jpg\"><img decoding=\"async\" loading=\"lazy\" class=\"alignnone size-full wp-image-5854\" src=\"http:\/\/lesjardinsdelaroussiere.fr\/wp-content\/uploads\/2014\/10\/10_La_ronde_des_fruits_16.jpg\" alt=\"10_La_ronde_des_fruits_16\" width=\"600\" height=\"399\" srcset=\"http:\/\/lesjardinsdelaroussiere.fr\/wp-content\/uploads\/2014\/10\/10_La_ronde_des_fruits_16.jpg 600w, http:\/\/lesjardinsdelaroussiere.fr\/wp-content\/uploads\/2014\/10\/10_La_ronde_des_fruits_16-300x199.jpg 300w, http:\/\/lesjardinsdelaroussiere.fr\/wp-content\/uploads\/2014\/10\/10_La_ronde_des_fruits_16-451x300.jpg 451w\" sizes=\"(max-width: 600px) 100vw, 600px\" \/><\/a><\/p>\n<p style=\"text-align: justify;\">Ce sont tout simplement des plants de&#8230;myrtilles !<br \/>\nJ&rsquo;avoue ne pas me rappeler avoir vu des plants \u00e0 pareille \u00e9poque, hormis peut-\u00eatre en montagne !<\/p>\n<p style=\"text-align: justify;\"><a href=\"http:\/\/lesjardinsdelaroussiere.fr\/wp-content\/uploads\/2014\/10\/10_La_ronde_des_fruits_21.jpg\"><img decoding=\"async\" loading=\"lazy\" class=\"alignnone size-full wp-image-5860\" src=\"http:\/\/lesjardinsdelaroussiere.fr\/wp-content\/uploads\/2014\/10\/10_La_ronde_des_fruits_21.jpg\" alt=\"10_La_ronde_des_fruits_21\" width=\"600\" height=\"397\" srcset=\"http:\/\/lesjardinsdelaroussiere.fr\/wp-content\/uploads\/2014\/10\/10_La_ronde_des_fruits_21.jpg 600w, http:\/\/lesjardinsdelaroussiere.fr\/wp-content\/uploads\/2014\/10\/10_La_ronde_des_fruits_21-300x198.jpg 300w, http:\/\/lesjardinsdelaroussiere.fr\/wp-content\/uploads\/2014\/10\/10_La_ronde_des_fruits_21-453x300.jpg 453w\" sizes=\"(max-width: 600px) 100vw, 600px\" \/><\/a><\/p>\n<p style=\"text-align: justify;\">Il est rare de les voir porter leur robe automnale, d&rsquo;un rouge \u00e9carlate qui tranche avec les quelques feuilles vertes persistant, et quelques grappes de d\u00e9licieuses myrtilles !<br \/>\nAh que le manteau d&rsquo;automne est magnifique avec ses couleurs flamboyantes !<\/p>\n<p style=\"text-align: justify;\">Pris entre un rang de myrtilliers et de framboisiers, quelques pieds de framboisiers ch\u00e9tifs align\u00e9s sur deux autres rangs vont bient\u00f4t prendre leur retraite !<\/p>\n<p style=\"text-align: justify;\">Micka\u00ebl en profite pour me montrer comment il d\u00e9pose l&rsquo;engrais, en fait les fientes des poules, gr\u00e2ce \u00e0 une \u00e9pandeuse, mais au pr\u00e9alable, il faut entrouvrir manuellement tout du long de chaque rang la b\u00e2che qui prot\u00e8ge les pieds, glissant sur de petits arceaux \u00e0 moiti\u00e9 ensevelis, un travail long et fastidieux mais indispensable pour apporter une \u00e0 deux fois l&rsquo;an les apports azot\u00e9s naturels n\u00e9cessaires \u00e0 une bonne production !<\/p>\n<p style=\"text-align: justify;\">Je lui demande ce que tout ce dur labeur\u00a0peut bien repr\u00e9senter en termes de production et Mickael me donne les chiffres :<\/p>\n<ul>\n<li style=\"text-align: justify;\">fraise : environ 5 t<\/li>\n<li style=\"text-align: justify;\">framboise : 1.5t<\/li>\n<li style=\"text-align: justify;\">m\u00fbre : 600 kg<\/li>\n<li style=\"text-align: justify;\">myrtille : 300 kg<\/li>\n<li style=\"text-align: justify;\">cassis : 620 kg<\/li>\n<li style=\"text-align: justify;\">groseille : 700 kg<\/li>\n<\/ul>\n<p style=\"text-align: justify;\">Je ne suis pas expert es-production bio, mais je trouve cela impressionnant, surtout \u00e0 deux !<\/p>\n<p style=\"text-align: justify;\"><a href=\"http:\/\/lesjardinsdelaroussiere.fr\/wp-content\/uploads\/2014\/10\/10_La_ronde_des_fruits_17.jpg\"><img decoding=\"async\" loading=\"lazy\" class=\"alignnone size-full wp-image-5855\" src=\"http:\/\/lesjardinsdelaroussiere.fr\/wp-content\/uploads\/2014\/10\/10_La_ronde_des_fruits_17.jpg\" alt=\"10_La_ronde_des_fruits_17\" width=\"600\" height=\"399\" srcset=\"http:\/\/lesjardinsdelaroussiere.fr\/wp-content\/uploads\/2014\/10\/10_La_ronde_des_fruits_17.jpg 600w, http:\/\/lesjardinsdelaroussiere.fr\/wp-content\/uploads\/2014\/10\/10_La_ronde_des_fruits_17-300x199.jpg 300w, http:\/\/lesjardinsdelaroussiere.fr\/wp-content\/uploads\/2014\/10\/10_La_ronde_des_fruits_17-451x300.jpg 451w\" sizes=\"(max-width: 600px) 100vw, 600px\" \/><\/a> <a href=\"http:\/\/lesjardinsdelaroussiere.fr\/wp-content\/uploads\/2014\/10\/10_La_ronde_des_fruits_18.jpg\"><img decoding=\"async\" loading=\"lazy\" class=\"alignnone size-full wp-image-5856\" src=\"http:\/\/lesjardinsdelaroussiere.fr\/wp-content\/uploads\/2014\/10\/10_La_ronde_des_fruits_18.jpg\" alt=\"10_La_ronde_des_fruits_18\" width=\"600\" height=\"399\" srcset=\"http:\/\/lesjardinsdelaroussiere.fr\/wp-content\/uploads\/2014\/10\/10_La_ronde_des_fruits_18.jpg 600w, http:\/\/lesjardinsdelaroussiere.fr\/wp-content\/uploads\/2014\/10\/10_La_ronde_des_fruits_18-300x199.jpg 300w, http:\/\/lesjardinsdelaroussiere.fr\/wp-content\/uploads\/2014\/10\/10_La_ronde_des_fruits_18-451x300.jpg 451w\" sizes=\"(max-width: 600px) 100vw, 600px\" \/><\/a><\/p>\n<p style=\"text-align: justify;\">Avant de quitter cette parcelle pour aller vers les pommiers, nous jetons un dernier coup d\u2019\u0153il aux plants de groseilles qui prennent aussi une tr\u00e8s belle teinte automnale&#8230;<\/p>\n<p style=\"text-align: justify;\"><a href=\"http:\/\/lesjardinsdelaroussiere.fr\/wp-content\/uploads\/2014\/10\/10_La_ronde_des_fruits_19.jpg\"><img decoding=\"async\" loading=\"lazy\" class=\"alignnone wp-image-5858 size-large\" src=\"http:\/\/lesjardinsdelaroussiere.fr\/wp-content\/uploads\/2014\/10\/10_La_ronde_des_fruits_19-1024x681.jpg\" alt=\"10_La_ronde_des_fruits_19\" width=\"584\" height=\"388\" srcset=\"http:\/\/lesjardinsdelaroussiere.fr\/wp-content\/uploads\/2014\/10\/10_La_ronde_des_fruits_19-1024x681.jpg 1024w, http:\/\/lesjardinsdelaroussiere.fr\/wp-content\/uploads\/2014\/10\/10_La_ronde_des_fruits_19-300x199.jpg 300w, http:\/\/lesjardinsdelaroussiere.fr\/wp-content\/uploads\/2014\/10\/10_La_ronde_des_fruits_19-600x399.jpg 600w, http:\/\/lesjardinsdelaroussiere.fr\/wp-content\/uploads\/2014\/10\/10_La_ronde_des_fruits_19-450x300.jpg 450w\" sizes=\"(max-width: 584px) 100vw, 584px\" \/><\/a> <a href=\"http:\/\/lesjardinsdelaroussiere.fr\/wp-content\/uploads\/2014\/10\/10_La_ronde_des_fruits_20.jpg\"><img decoding=\"async\" loading=\"lazy\" class=\"alignnone size-full wp-image-5859\" src=\"http:\/\/lesjardinsdelaroussiere.fr\/wp-content\/uploads\/2014\/10\/10_La_ronde_des_fruits_20.jpg\" alt=\"10_La_ronde_des_fruits_20\" width=\"399\" height=\"600\" srcset=\"http:\/\/lesjardinsdelaroussiere.fr\/wp-content\/uploads\/2014\/10\/10_La_ronde_des_fruits_20.jpg 399w, http:\/\/lesjardinsdelaroussiere.fr\/wp-content\/uploads\/2014\/10\/10_La_ronde_des_fruits_20-199x300.jpg 199w\" sizes=\"(max-width: 399px) 100vw, 399px\" \/><\/a><\/p>\n<p style=\"text-align: justify;\">Nous rejoignons une\u00a0parcelle contigu\u00eb en passant par un petit chemin creus\u00e9 par le temps sous une voute d&rsquo;arbres&#8230;<\/p>\n<p style=\"text-align: justify;\"><a href=\"http:\/\/lesjardinsdelaroussiere.fr\/wp-content\/uploads\/2014\/10\/10_La_ronde_des_fruits_22.jpg\"><img decoding=\"async\" loading=\"lazy\" class=\"alignnone size-full wp-image-5861\" src=\"http:\/\/lesjardinsdelaroussiere.fr\/wp-content\/uploads\/2014\/10\/10_La_ronde_des_fruits_22.jpg\" alt=\"10_La_ronde_des_fruits_22\" width=\"399\" height=\"600\" srcset=\"http:\/\/lesjardinsdelaroussiere.fr\/wp-content\/uploads\/2014\/10\/10_La_ronde_des_fruits_22.jpg 399w, http:\/\/lesjardinsdelaroussiere.fr\/wp-content\/uploads\/2014\/10\/10_La_ronde_des_fruits_22-199x300.jpg 199w\" sizes=\"(max-width: 399px) 100vw, 399px\" \/><\/a><\/p>\n<p style=\"text-align: justify;\">En bifurquant sur notre droite, nous d\u00e9bouchons sur un spectacle assez curieux, le genre de souvenir que l&rsquo;on garde si l&rsquo;on s&rsquo;est d\u00e9j\u00e0 rendu dans une ferme typique o\u00f9 le syst\u00e8me D et l\u2019ing\u00e9niosit\u00e9 remplacent les constructions impeccables des fermes ultra modernes&#8230;<\/p>\n<p style=\"text-align: justify;\">Un \u00e2ne sorti d&rsquo;une carcasse de caravane \u00e9ventr\u00e9e nous regarde nonchalamment tout en m\u00e2chouillant sa paille tandis qu&rsquo;un peu plus loin \u00e0 gauche, \u00e0 l&rsquo;ombre des arbres, on distingue la silhouette d&rsquo;une biquette juch\u00e9e sur une souche, nous toisant d\u00e9daigneusement&#8230;<\/p>\n<p style=\"text-align: justify;\"><a href=\"http:\/\/lesjardinsdelaroussiere.fr\/wp-content\/uploads\/2014\/10\/10_La_ronde_des_fruits_23.jpg\"><img decoding=\"async\" loading=\"lazy\" class=\"alignnone size-full wp-image-5862\" src=\"http:\/\/lesjardinsdelaroussiere.fr\/wp-content\/uploads\/2014\/10\/10_La_ronde_des_fruits_23.jpg\" alt=\"10_La_ronde_des_fruits_23\" width=\"600\" height=\"399\" srcset=\"http:\/\/lesjardinsdelaroussiere.fr\/wp-content\/uploads\/2014\/10\/10_La_ronde_des_fruits_23.jpg 600w, http:\/\/lesjardinsdelaroussiere.fr\/wp-content\/uploads\/2014\/10\/10_La_ronde_des_fruits_23-300x199.jpg 300w, http:\/\/lesjardinsdelaroussiere.fr\/wp-content\/uploads\/2014\/10\/10_La_ronde_des_fruits_23-451x300.jpg 451w\" sizes=\"(max-width: 600px) 100vw, 600px\" \/><\/a> <a href=\"http:\/\/lesjardinsdelaroussiere.fr\/wp-content\/uploads\/2014\/10\/10_La_ronde_des_fruits_24.jpg\"><img decoding=\"async\" loading=\"lazy\" class=\"alignnone size-full wp-image-5863\" src=\"http:\/\/lesjardinsdelaroussiere.fr\/wp-content\/uploads\/2014\/10\/10_La_ronde_des_fruits_24.jpg\" alt=\"10_La_ronde_des_fruits_24\" width=\"397\" height=\"600\" srcset=\"http:\/\/lesjardinsdelaroussiere.fr\/wp-content\/uploads\/2014\/10\/10_La_ronde_des_fruits_24.jpg 397w, http:\/\/lesjardinsdelaroussiere.fr\/wp-content\/uploads\/2014\/10\/10_La_ronde_des_fruits_24-198x300.jpg 198w\" sizes=\"(max-width: 397px) 100vw, 397px\" \/><\/a><\/p>\n<p style=\"text-align: justify;\">Pour un citadin, le spectacle pourrait sembler quelque peu \u00ab\u00a0surr\u00e9aliste\u00a0\u00bb, mais telle la madeleine de Proust, cela fait remonter \u00e0 la surface quelques clich\u00e9s pr\u00e9serv\u00e9s de mon enfance lorsque j&rsquo;accompagnais mon grand-p\u00e8re dans une ferme du Saintonge pour aller en fin d&rsquo;apr\u00e8s-midi chercher le lait d\u00e9licieusement chaud juste tir\u00e9 du pie des vaches et me d\u00e9lecter le lendemain matin de la cr\u00e8me flottant \u00e0 la surface de mon chocolat au lait&#8230;<\/p>\n<p style=\"text-align: justify;\">Je me rappelle aussi ces cages \u00e0 lapins, ces poulaillers et ces constructions faites de brics et de brocs, de morceaux de t\u00f4les assembl\u00e9s sommairement.<\/p>\n<p style=\"text-align: justify;\">Ce sont les \u00ab\u00a0mascottes\u00a0\u00bb me dit Micka\u00ebl d&rsquo;un air l\u00e9g\u00e8rement malicieux tandis que nous longeons la cl\u00f4ture pour arriver au verger alors que quelques gouttes de pluie commencent \u00e0 tomber dans un cr\u00e9pitement allant crescendo&#8230;<\/p>\n<p style=\"text-align: justify;\"><a href=\"http:\/\/lesjardinsdelaroussiere.fr\/wp-content\/uploads\/2014\/10\/10_La_ronde_des_fruits_25.jpg\"><img decoding=\"async\" loading=\"lazy\" class=\"alignnone size-full wp-image-5864\" src=\"http:\/\/lesjardinsdelaroussiere.fr\/wp-content\/uploads\/2014\/10\/10_La_ronde_des_fruits_25.jpg\" alt=\"10_La_ronde_des_fruits_25\" width=\"600\" height=\"399\" srcset=\"http:\/\/lesjardinsdelaroussiere.fr\/wp-content\/uploads\/2014\/10\/10_La_ronde_des_fruits_25.jpg 600w, http:\/\/lesjardinsdelaroussiere.fr\/wp-content\/uploads\/2014\/10\/10_La_ronde_des_fruits_25-300x199.jpg 300w, http:\/\/lesjardinsdelaroussiere.fr\/wp-content\/uploads\/2014\/10\/10_La_ronde_des_fruits_25-451x300.jpg 451w\" sizes=\"(max-width: 600px) 100vw, 600px\" \/><\/a> <a href=\"http:\/\/lesjardinsdelaroussiere.fr\/wp-content\/uploads\/2014\/10\/10_La_ronde_des_fruits_26.jpg\"><img decoding=\"async\" loading=\"lazy\" class=\"alignnone size-full wp-image-5865\" src=\"http:\/\/lesjardinsdelaroussiere.fr\/wp-content\/uploads\/2014\/10\/10_La_ronde_des_fruits_26.jpg\" alt=\"10_La_ronde_des_fruits_26\" width=\"600\" height=\"399\" srcset=\"http:\/\/lesjardinsdelaroussiere.fr\/wp-content\/uploads\/2014\/10\/10_La_ronde_des_fruits_26.jpg 600w, http:\/\/lesjardinsdelaroussiere.fr\/wp-content\/uploads\/2014\/10\/10_La_ronde_des_fruits_26-300x199.jpg 300w, http:\/\/lesjardinsdelaroussiere.fr\/wp-content\/uploads\/2014\/10\/10_La_ronde_des_fruits_26-451x300.jpg 451w\" sizes=\"(max-width: 600px) 100vw, 600px\" \/><\/a> <a href=\"http:\/\/lesjardinsdelaroussiere.fr\/wp-content\/uploads\/2014\/10\/10_La_ronde_des_fruits_27.jpg\"><img decoding=\"async\" loading=\"lazy\" class=\"alignnone size-full wp-image-5866\" src=\"http:\/\/lesjardinsdelaroussiere.fr\/wp-content\/uploads\/2014\/10\/10_La_ronde_des_fruits_27.jpg\" alt=\"10_La_ronde_des_fruits_27\" width=\"600\" height=\"397\" srcset=\"http:\/\/lesjardinsdelaroussiere.fr\/wp-content\/uploads\/2014\/10\/10_La_ronde_des_fruits_27.jpg 600w, http:\/\/lesjardinsdelaroussiere.fr\/wp-content\/uploads\/2014\/10\/10_La_ronde_des_fruits_27-300x198.jpg 300w, http:\/\/lesjardinsdelaroussiere.fr\/wp-content\/uploads\/2014\/10\/10_La_ronde_des_fruits_27-453x300.jpg 453w\" sizes=\"(max-width: 600px) 100vw, 600px\" \/><\/a><\/p>\n<p style=\"text-align: justify;\">Je sens une pointe de d\u00e9ception dans les propos de Micka\u00ebl, lui qui est toujours positif, car cette ann\u00e9e, contrairement \u00e0 la pr\u00e9c\u00e9dente, la production sera bien moindre !<br \/>\nD\u00e9ception mais pas pessimisme, il connait la Nature, il la respecte, elle trouve son \u00ab\u00a0point d&rsquo;\u00e9quilibre\u00a0\u00bb, l&rsquo;ann\u00e9e prochaine sera peut-\u00eatre meilleure !<\/p>\n<p style=\"text-align: justify;\">Fort heureusement, un producteur bio n&rsquo;a pas la logique syst\u00e9matique du productivisme \u00e0 outrance, bien s\u00fbr, il sait que ses revenus vont \u00eatre en fonction de ce qu&rsquo;il produit, mais la finalit\u00e9 n&rsquo;est pas le rendement en for\u00e7ant la nature \u00e0 la limite de ses capacit\u00e9s ou en l&rsquo;abreuvant de produits chimiques, qui au final reviendront au m\u00eame !<\/p>\n<p style=\"text-align: justify;\">L&rsquo;ann\u00e9e derni\u00e8re fut un excellent cru, mais la Nature ne peut donner que ce qu&rsquo;elle a, et les pommiers ont r\u00e9gul\u00e9 leur production en fonction de leurs ressources, comme un marathonien qui sait lorsqu&rsquo;il doit lever le pied pour arriver sur la ligne d&rsquo;arriv\u00e9e !<\/p>\n<p style=\"text-align: justify;\">Mickael m&rsquo;indique que les vari\u00e9t\u00e9s cultiv\u00e9es \u00e0 la Ronde des Fruits sont celles \u00ab\u00a0\u00e0 couteau\u00a0\u00bb : Reine des Reinettes, Reinette Canada blanche, Reinette Canada grise, Reinette Clochard, Reinette Grand-M\u00e8re, Reinette d&rsquo;Armorique, Reinette du Mans, Calville blanc d&rsquo;hivers, Florina, Grand Alexandre.<br \/>\nLes vari\u00e9t\u00e9s \u00ab\u00a0\u00e0 jus\u00a0\u00bb sont quant \u00e0 elles des\u00a0: Judaine, Judeline, pomme groseille, Bedan, Fr\u00e9quin rouge.<br \/>\nConcernant les chiffres, il m&rsquo;indique \u00ab\u00a0<em>qu&rsquo;une ann\u00e9e \u00e0 pommes repr\u00e9sente pour nous environ 14 \u00e0 15 tonnes de pommes \u00e0 jus et pour les\u00a0pommes \u00e0 couteau, environ\u00a04 tonnes.<\/em>\u00ab\u00a0<\/p>\n<p style=\"text-align: justify;\">Mais devant nous, il n&rsquo;y a pas que des pommiers, il y a \u00e9galement des pruniers et dans une parcelle contigu\u00eb des cerisiers&#8230;<br \/>\n<em>\u00ab\u00a0A la ronde des Fruits,\u00a0nous cultivons les vari\u00e9t\u00e9s de prunes suivantes : Reine Claude d&rsquo;Oullins, Reine-Claude dor\u00e9e, Reine-Claude de Bavais, Reine-Claude, Quetche, Mirabelles, soit 700 kg environ, les fruits pour la transformation sont compris.<\/em><br \/>\n<em>Quant aux vari\u00e9t\u00e9s de cerises nous avons de la : Burlat, Napol\u00e9on, Edelfingen, Van, Summit, Griotte, ce qui repr\u00e9sente\u00a0 200 kg environ, les fruits pour la transformation sont \u00e9galement compris.<\/em><br \/>\n<em>Il s&rsquo;agit de quelques arbres, la quasi totalit\u00e9 de la production en fruits frais part dans les 4\u00a0AMAP que nous approvisionnons en fruits frais (100kg de cerises distribu\u00e9es et 370 kg de prunes)\u00a0\u00bb.<\/em><\/p>\n<p style=\"text-align: justify;\">Les pommiers constituent d&rsquo;ailleurs une source de nourriture, un abri \u00e9galement pour les poules non loin, que l&rsquo;on entend caqueter, entrecoup\u00e9es par le cacardement puissant des oies s\u2019\u00e9battant au milieu de la troupe !<\/p>\n<p style=\"text-align: justify;\"><a href=\"http:\/\/lesjardinsdelaroussiere.fr\/wp-content\/uploads\/2014\/10\/10_La_ronde_des_fruits_28.jpg\"><img decoding=\"async\" loading=\"lazy\" class=\"alignnone size-full wp-image-5867\" src=\"http:\/\/lesjardinsdelaroussiere.fr\/wp-content\/uploads\/2014\/10\/10_La_ronde_des_fruits_28.jpg\" alt=\"10_La_ronde_des_fruits_28\" width=\"600\" height=\"399\" srcset=\"http:\/\/lesjardinsdelaroussiere.fr\/wp-content\/uploads\/2014\/10\/10_La_ronde_des_fruits_28.jpg 600w, http:\/\/lesjardinsdelaroussiere.fr\/wp-content\/uploads\/2014\/10\/10_La_ronde_des_fruits_28-300x199.jpg 300w, http:\/\/lesjardinsdelaroussiere.fr\/wp-content\/uploads\/2014\/10\/10_La_ronde_des_fruits_28-451x300.jpg 451w\" sizes=\"(max-width: 600px) 100vw, 600px\" \/><\/a> <a href=\"http:\/\/lesjardinsdelaroussiere.fr\/wp-content\/uploads\/2014\/10\/10_La_ronde_des_fruits_29.jpg\"><img decoding=\"async\" loading=\"lazy\" class=\"alignnone size-full wp-image-5868\" src=\"http:\/\/lesjardinsdelaroussiere.fr\/wp-content\/uploads\/2014\/10\/10_La_ronde_des_fruits_29.jpg\" alt=\"10_La_ronde_des_fruits_29\" width=\"600\" height=\"397\" srcset=\"http:\/\/lesjardinsdelaroussiere.fr\/wp-content\/uploads\/2014\/10\/10_La_ronde_des_fruits_29.jpg 600w, http:\/\/lesjardinsdelaroussiere.fr\/wp-content\/uploads\/2014\/10\/10_La_ronde_des_fruits_29-300x198.jpg 300w, http:\/\/lesjardinsdelaroussiere.fr\/wp-content\/uploads\/2014\/10\/10_La_ronde_des_fruits_29-453x300.jpg 453w\" sizes=\"(max-width: 600px) 100vw, 600px\" \/><\/a> <a href=\"http:\/\/lesjardinsdelaroussiere.fr\/wp-content\/uploads\/2014\/10\/10_La_ronde_des_fruits_30.jpg\"><img decoding=\"async\" loading=\"lazy\" class=\"alignnone size-full wp-image-5869\" src=\"http:\/\/lesjardinsdelaroussiere.fr\/wp-content\/uploads\/2014\/10\/10_La_ronde_des_fruits_30.jpg\" alt=\"10_La_ronde_des_fruits_30\" width=\"600\" height=\"397\" srcset=\"http:\/\/lesjardinsdelaroussiere.fr\/wp-content\/uploads\/2014\/10\/10_La_ronde_des_fruits_30.jpg 600w, http:\/\/lesjardinsdelaroussiere.fr\/wp-content\/uploads\/2014\/10\/10_La_ronde_des_fruits_30-300x198.jpg 300w, http:\/\/lesjardinsdelaroussiere.fr\/wp-content\/uploads\/2014\/10\/10_La_ronde_des_fruits_30-453x300.jpg 453w\" sizes=\"(max-width: 600px) 100vw, 600px\" \/><\/a><\/p>\n<p style=\"text-align: justify;\">Les poules ont initialement fait leur entr\u00e9e \u00e0 la Ronde des Fruits pour l\u2019exploitation de leurs fientes en tant que fertilisant naturel de la production de fruits rouges, accessoirement, la distribution d\u2019\u0153ufs a permis de rentabiliser leur achat et de d\u00e9gager petit \u00e0 petit un b\u00e9n\u00e9fice substantiel.<\/p>\n<p style=\"text-align: justify;\">La fiente de poule est un excellent engrais riche en azote, en phosphore, en potassium et\u00a0en calcium, elle apporte tout ce qui est n\u00e9cessaire \u00e0 la croissance, la production des fleurs et au final les fruits !<\/p>\n<p style=\"text-align: justify;\">Id\u00e9alement, certains disent qu&rsquo;1\/3 d&rsquo;azote avec 2\/3 de carbone constitue un compost \u00e9quilibr\u00e9 !<\/p>\n<p style=\"text-align: justify;\">Les composants de la fiente sont rapidement assimil\u00e9s par les plantes, ce qui est essentiel \u00e0 leur sant\u00e9, d&rsquo;autant plus lorsque l&rsquo;on n&rsquo;utilise aucun engrais autre ou pesticide tout au long du cycle de vie de celles-ci.<br \/>\nLe paillage est \u00e9galement important pour l&rsquo;\u00e9quilibre qu&rsquo;il convient de trouver et respecter, car une trop grande quantit\u00e9 de l&rsquo;un ou de l&rsquo;autre ou des deux peut vite avoir des effets n\u00e9fastes&#8230;<\/p>\n<p style=\"text-align: justify;\">Tandis que je prends quelques clich\u00e9s de ces poules en totale libert\u00e9, la pluie commence \u00e0 se faire plus drue, nous rentrons fort opportun\u00e9ment dans le poulailler o\u00f9 Micka\u00ebl va habituellement collecter les \u0153ufs produits tout au long de l&rsquo;ann\u00e9e&#8230;<\/p>\n<p style=\"text-align: justify;\"><a href=\"http:\/\/lesjardinsdelaroussiere.fr\/wp-content\/uploads\/2014\/10\/10_La_ronde_des_fruits_31.jpg\"><img decoding=\"async\" loading=\"lazy\" class=\"alignnone size-full wp-image-5880\" src=\"http:\/\/lesjardinsdelaroussiere.fr\/wp-content\/uploads\/2014\/10\/10_La_ronde_des_fruits_31.jpg\" alt=\"10_La_ronde_des_fruits_31\" width=\"600\" height=\"399\" srcset=\"http:\/\/lesjardinsdelaroussiere.fr\/wp-content\/uploads\/2014\/10\/10_La_ronde_des_fruits_31.jpg 600w, http:\/\/lesjardinsdelaroussiere.fr\/wp-content\/uploads\/2014\/10\/10_La_ronde_des_fruits_31-300x199.jpg 300w, http:\/\/lesjardinsdelaroussiere.fr\/wp-content\/uploads\/2014\/10\/10_La_ronde_des_fruits_31-451x300.jpg 451w\" sizes=\"(max-width: 600px) 100vw, 600px\" \/><\/a><\/p>\n<p style=\"text-align: justify;\"><a href=\"http:\/\/lesjardinsdelaroussiere.fr\/wp-content\/uploads\/2014\/10\/10_La_ronde_des_fruits_32.jpg\"><img decoding=\"async\" loading=\"lazy\" class=\"alignnone size-full wp-image-5881\" src=\"http:\/\/lesjardinsdelaroussiere.fr\/wp-content\/uploads\/2014\/10\/10_La_ronde_des_fruits_32.jpg\" alt=\"10_La_ronde_des_fruits_32\" width=\"600\" height=\"399\" srcset=\"http:\/\/lesjardinsdelaroussiere.fr\/wp-content\/uploads\/2014\/10\/10_La_ronde_des_fruits_32.jpg 600w, http:\/\/lesjardinsdelaroussiere.fr\/wp-content\/uploads\/2014\/10\/10_La_ronde_des_fruits_32-300x199.jpg 300w, http:\/\/lesjardinsdelaroussiere.fr\/wp-content\/uploads\/2014\/10\/10_La_ronde_des_fruits_32-451x300.jpg 451w\" sizes=\"(max-width: 600px) 100vw, 600px\" \/><\/a><\/p>\n<p style=\"text-align: justify;\"><a href=\"http:\/\/lesjardinsdelaroussiere.fr\/wp-content\/uploads\/2014\/10\/10_La_ronde_des_fruits_33.jpg\"><img decoding=\"async\" loading=\"lazy\" class=\"alignnone size-full wp-image-5882\" src=\"http:\/\/lesjardinsdelaroussiere.fr\/wp-content\/uploads\/2014\/10\/10_La_ronde_des_fruits_33.jpg\" alt=\"10_La_ronde_des_fruits_33\" width=\"600\" height=\"399\" srcset=\"http:\/\/lesjardinsdelaroussiere.fr\/wp-content\/uploads\/2014\/10\/10_La_ronde_des_fruits_33.jpg 600w, http:\/\/lesjardinsdelaroussiere.fr\/wp-content\/uploads\/2014\/10\/10_La_ronde_des_fruits_33-300x199.jpg 300w, http:\/\/lesjardinsdelaroussiere.fr\/wp-content\/uploads\/2014\/10\/10_La_ronde_des_fruits_33-451x300.jpg 451w\" sizes=\"(max-width: 600px) 100vw, 600px\" \/><\/a><\/p>\n<p style=\"text-align: justify;\"><a href=\"http:\/\/lesjardinsdelaroussiere.fr\/wp-content\/uploads\/2014\/10\/10_La_ronde_des_fruits_347.jpg\"><img decoding=\"async\" loading=\"lazy\" class=\"alignnone size-full wp-image-5883\" src=\"http:\/\/lesjardinsdelaroussiere.fr\/wp-content\/uploads\/2014\/10\/10_La_ronde_des_fruits_347.jpg\" alt=\"10_La_ronde_des_fruits_34\" width=\"600\" height=\"399\" srcset=\"http:\/\/lesjardinsdelaroussiere.fr\/wp-content\/uploads\/2014\/10\/10_La_ronde_des_fruits_347.jpg 600w, http:\/\/lesjardinsdelaroussiere.fr\/wp-content\/uploads\/2014\/10\/10_La_ronde_des_fruits_347-300x199.jpg 300w, http:\/\/lesjardinsdelaroussiere.fr\/wp-content\/uploads\/2014\/10\/10_La_ronde_des_fruits_347-451x300.jpg 451w\" sizes=\"(max-width: 600px) 100vw, 600px\" \/><\/a><\/p>\n<p style=\"text-align: justify;\">Tandis que je manque de m&rsquo;assommer sur une poutre, Micka\u00ebl en profite pour allumer la lumi\u00e8re car la p\u00e9nombre qui r\u00e8gne ne m&rsquo;aurait pas permis de prendre ces quelques clich\u00e9s ci-dessus&#8230;<\/p>\n<p style=\"text-align: justify;\">Pendant que nous parlons du r\u00f4le des poules dans l\u2019exploitation, Micka\u00ebl caresse d\u00e9licatement une des poules assise dans son espace en attendant de pondre un des \u0153ufs que nous pouvons d\u00e9couvrir l\u00e9g\u00e8rement en contrebas dans une sorte de collecteur.<\/p>\n<p style=\"text-align: justify;\">On est \u00e0 mille lieues de l\u2019\u00e9levage industriel o\u00f9 l\u2019automatisation, la production en masse, la st\u00e9rilit\u00e9 sont les ma\u00eetres mots !<\/p>\n<p style=\"text-align: justify;\">Pourtant avec\u00a0ses 250 poules de race Lohmann, je pense qu&rsquo;il y a de quoi faire !<\/p>\n<p style=\"text-align: justify;\">Mickael anticipe ma question suivante et m&rsquo;indique \u00ab\u00a0<em>qu&rsquo;en ce moment, nous ramassons quelques 220 \u0153ufs \/ jour, l&rsquo;objectif est de se maintenir autour de 190 \u00e0 200 \u0153ufs \/ jour toute l&rsquo;ann\u00e9e.<\/em>\u00ab\u00a0<\/p>\n<p style=\"text-align: justify;\">Et d&rsquo;ajouter : \u00ab\u00a0<em>nous r\u00e9cup\u00e9rons nos poules au bout de 18 semaines chez un \u00e9leveur, ainsi\u00a0elles sont pr\u00eates \u00e0 pondre. <\/em><br \/>\n<em>Elles font une saison de ponte de 10 mois chez nous. <\/em><br \/>\n<em>Elles sont g\u00e9n\u00e9ralement envoy\u00e9es \u00e0 l&rsquo;abattoir apr\u00e8s la saison pour les Amapiens qui ont des \u0153ufs. <\/em><br \/>\n<em>Pour celles qui nous restent, nous les proposons sur le site Leboncoin pour les particuliers d\u00e9sireux de leur donner une deuxi\u00e8me vie&#8230;\u00a0\u00bb<\/em><\/p>\n<p style=\"text-align: justify;\">En voyant toutes ces cultures environnantes je m&rsquo;interroge sur la nourriture des poules et en profite pour\u00a0demander \u00e0 Mickael si la Ronde de Fruits est \u00ab\u00a0auto-suffisante\u00a0\u00bb sur ce point : \u00ab\u00a0<em>nous produisons sur la ferme l&rsquo;aliment principal : triticale, pois, ma\u00efs. <\/em><br \/>\n<em>Nous compl\u00e9tons l&rsquo;aliment avec du tourteau de tournesol produit chez des coll\u00e8gues qui font de l&rsquo;huile au Tremblay (49), et du tourteau de soja fran\u00e7ais par le biais d&rsquo;une coop\u00e9rative<\/em>.\u00a0\u00bb<\/p>\n<p style=\"text-align: justify;\">Nous quittons l&rsquo;abri du poulailler pour nous rendre rapidement sous un hangar \u00e0 quelques dizaines de m\u00e8tres de l\u00e0, hangar o\u00f9 Micka\u00ebl stocke une partie de son mat\u00e9riel agricole, mais \u00e9galement quelques fruits et l\u00e9gumes non p\u00e9rissables.<\/p>\n<p style=\"text-align: justify;\"><a href=\"http:\/\/lesjardinsdelaroussiere.fr\/wp-content\/uploads\/2014\/10\/10_La_ronde_des_fruits_35.jpg\"><img decoding=\"async\" loading=\"lazy\" class=\"alignnone size-full wp-image-5885\" src=\"http:\/\/lesjardinsdelaroussiere.fr\/wp-content\/uploads\/2014\/10\/10_La_ronde_des_fruits_35.jpg\" alt=\"10_La_ronde_des_fruits_35\" width=\"600\" height=\"399\" srcset=\"http:\/\/lesjardinsdelaroussiere.fr\/wp-content\/uploads\/2014\/10\/10_La_ronde_des_fruits_35.jpg 600w, http:\/\/lesjardinsdelaroussiere.fr\/wp-content\/uploads\/2014\/10\/10_La_ronde_des_fruits_35-300x199.jpg 300w, http:\/\/lesjardinsdelaroussiere.fr\/wp-content\/uploads\/2014\/10\/10_La_ronde_des_fruits_35-451x300.jpg 451w\" sizes=\"(max-width: 600px) 100vw, 600px\" \/><\/a> <a href=\"http:\/\/lesjardinsdelaroussiere.fr\/wp-content\/uploads\/2014\/10\/10_La_ronde_des_fruits_36.jpg\"><img decoding=\"async\" loading=\"lazy\" class=\"alignnone size-full wp-image-5886\" src=\"http:\/\/lesjardinsdelaroussiere.fr\/wp-content\/uploads\/2014\/10\/10_La_ronde_des_fruits_36.jpg\" alt=\"10_La_ronde_des_fruits_36\" width=\"600\" height=\"399\" srcset=\"http:\/\/lesjardinsdelaroussiere.fr\/wp-content\/uploads\/2014\/10\/10_La_ronde_des_fruits_36.jpg 600w, http:\/\/lesjardinsdelaroussiere.fr\/wp-content\/uploads\/2014\/10\/10_La_ronde_des_fruits_36-300x199.jpg 300w, http:\/\/lesjardinsdelaroussiere.fr\/wp-content\/uploads\/2014\/10\/10_La_ronde_des_fruits_36-451x300.jpg 451w\" sizes=\"(max-width: 600px) 100vw, 600px\" \/><\/a> <a href=\"http:\/\/lesjardinsdelaroussiere.fr\/wp-content\/uploads\/2014\/10\/10_La_ronde_des_fruits_37.jpg\"><img decoding=\"async\" loading=\"lazy\" class=\"alignnone size-full wp-image-5887\" src=\"http:\/\/lesjardinsdelaroussiere.fr\/wp-content\/uploads\/2014\/10\/10_La_ronde_des_fruits_37.jpg\" alt=\"10_La_ronde_des_fruits_37\" width=\"600\" height=\"399\" srcset=\"http:\/\/lesjardinsdelaroussiere.fr\/wp-content\/uploads\/2014\/10\/10_La_ronde_des_fruits_37.jpg 600w, http:\/\/lesjardinsdelaroussiere.fr\/wp-content\/uploads\/2014\/10\/10_La_ronde_des_fruits_37-300x199.jpg 300w, http:\/\/lesjardinsdelaroussiere.fr\/wp-content\/uploads\/2014\/10\/10_La_ronde_des_fruits_37-451x300.jpg 451w\" sizes=\"(max-width: 600px) 100vw, 600px\" \/><\/a><br \/>\nC\u2019est \u00e9galement sous ce hangar que se trouve la chambre froide qui lui permet de stocker \u00e0 une temp\u00e9rature d\u2019environ 5.5 \u00b0C les fruits r\u00e9colt\u00e9s.<br \/>\nCe n&rsquo;est qu\u2019une partie de la production m&rsquo;explique t&rsquo;il car le reste est stock\u00e9 dans des chambres froides professionnelles de grande capacit\u00e9 \u00e0 quelques kilom\u00e8tres de l\u00e0, au Lion d&rsquo;Angers.<\/p>\n<p style=\"text-align: justify;\">Vous aurez reconnu ci-dessus les potirons et courges sur la seconde photo et les courges spaghetti sur le 3\u00e8me clich\u00e9.<\/p>\n<p style=\"text-align: justify;\">Juste en face, se trouve la fameuse chambre froide interm\u00e9diaire o\u00f9 Micka\u00ebl stocke une partie des fruits fragiles dans une sorte de r\u00e9serve \u00ab\u00a0tampon\u00a0\u00bb qui lui permet d&rsquo;avoir \u00e0 disposition la rotation de cagettes n\u00e9cessaires \u00e0 la prochaine distribution :<\/p>\n<p style=\"text-align: justify;\"><a href=\"http:\/\/lesjardinsdelaroussiere.fr\/wp-content\/uploads\/2014\/10\/10_La_ronde_des_fruits_38.jpg\"><img decoding=\"async\" loading=\"lazy\" class=\"alignnone size-full wp-image-5888\" src=\"http:\/\/lesjardinsdelaroussiere.fr\/wp-content\/uploads\/2014\/10\/10_La_ronde_des_fruits_38.jpg\" alt=\"10_La_ronde_des_fruits_38\" width=\"600\" height=\"399\" srcset=\"http:\/\/lesjardinsdelaroussiere.fr\/wp-content\/uploads\/2014\/10\/10_La_ronde_des_fruits_38.jpg 600w, http:\/\/lesjardinsdelaroussiere.fr\/wp-content\/uploads\/2014\/10\/10_La_ronde_des_fruits_38-300x199.jpg 300w, http:\/\/lesjardinsdelaroussiere.fr\/wp-content\/uploads\/2014\/10\/10_La_ronde_des_fruits_38-451x300.jpg 451w\" sizes=\"(max-width: 600px) 100vw, 600px\" \/><\/a> <a href=\"http:\/\/lesjardinsdelaroussiere.fr\/wp-content\/uploads\/2014\/10\/10_La_ronde_des_fruits_39.jpg\"><img decoding=\"async\" loading=\"lazy\" class=\"alignnone size-full wp-image-5889\" src=\"http:\/\/lesjardinsdelaroussiere.fr\/wp-content\/uploads\/2014\/10\/10_La_ronde_des_fruits_39.jpg\" alt=\"10_La_ronde_des_fruits_39\" width=\"600\" height=\"399\" srcset=\"http:\/\/lesjardinsdelaroussiere.fr\/wp-content\/uploads\/2014\/10\/10_La_ronde_des_fruits_39.jpg 600w, http:\/\/lesjardinsdelaroussiere.fr\/wp-content\/uploads\/2014\/10\/10_La_ronde_des_fruits_39-300x199.jpg 300w, http:\/\/lesjardinsdelaroussiere.fr\/wp-content\/uploads\/2014\/10\/10_La_ronde_des_fruits_39-451x300.jpg 451w\" sizes=\"(max-width: 600px) 100vw, 600px\" \/><\/a><\/p>\n<p style=\"text-align: justify;\">Contigu \u00e0 la chambre froide, on d\u00e9couvre le petit local o\u00f9 Micka\u00ebl p\u00e8se ses fruits qui seront distribu\u00e9s le jeudi \u00e0 notre AMAP&#8230;<\/p>\n<p style=\"text-align: justify;\"><a href=\"http:\/\/lesjardinsdelaroussiere.fr\/wp-content\/uploads\/2014\/10\/10_La_ronde_des_fruits_40.jpg\"><img decoding=\"async\" loading=\"lazy\" class=\"alignnone size-full wp-image-5890\" src=\"http:\/\/lesjardinsdelaroussiere.fr\/wp-content\/uploads\/2014\/10\/10_La_ronde_des_fruits_40.jpg\" alt=\"10_La_ronde_des_fruits_40\" width=\"600\" height=\"399\" srcset=\"http:\/\/lesjardinsdelaroussiere.fr\/wp-content\/uploads\/2014\/10\/10_La_ronde_des_fruits_40.jpg 600w, http:\/\/lesjardinsdelaroussiere.fr\/wp-content\/uploads\/2014\/10\/10_La_ronde_des_fruits_40-300x199.jpg 300w, http:\/\/lesjardinsdelaroussiere.fr\/wp-content\/uploads\/2014\/10\/10_La_ronde_des_fruits_40-451x300.jpg 451w\" sizes=\"(max-width: 600px) 100vw, 600px\" \/><\/a><\/p>\n<p style=\"text-align: justify;\">Notre visite touche h\u00e9las presque \u00e0 sa fin, mais il nous reste encore \u00e0 d\u00e9couvrir le \u00ab\u00a0laboratoire\u00a0\u00bb&#8230;<\/p>\n<p style=\"text-align: justify;\">En chemin nous en profitons pour parler l\u00e0 aussi des quantit\u00e9s produites globalement : \u00ab\u00a0<em>50 % de la vente de fruits frais au d\u00e9tail (\u00e0 la barquette) se fait dans les\u00a0 4 AMAP, ce qui repr\u00e9sente 120 familles.<\/em><br \/>\n<em>Pour les fruits transform\u00e9s, nous produisons 25 \u00e0 30 000 produits finis tout confondu, par an. <\/em><br \/>\n<em>Le principal d\u00e9bouch\u00e9 reste les Biocoop du d\u00e9partement. <\/em><br \/>\n<em>Nous aimerions bien d\u00e9velopper davantage ces produits en AMAP<\/em>.\u00a0\u00bb<\/p>\n<p style=\"text-align: justify;\">Il faut quitter le hangar pour se rendre en face de la maison de Jean-Luc THIBAULT.<\/p>\n<p style=\"text-align: justify;\">Nous suivons un petit chemin de terre battue serpentant entre les parcelles de cerisiers, de cognassiers avant d&rsquo;arriver devant un hangar.<\/p>\n<p style=\"text-align: justify;\">Le hangar abrite un capharna\u00fcm ou cohabitent des cagettes, cartons, barbel\u00e9s, bocaux ainsi que les vieilles barriques o\u00f9 se pr\u00e9pare le vinaigre&#8230;<\/p>\n<p style=\"text-align: justify;\">Nous sourions Micka\u00ebl et moi lorsque je prends un clich\u00e9 des bouteilles de vinaigre de framboise non encore \u00e9tiquet\u00e9es, recouvertes d&rsquo;une couche de poussi\u00e8re et de quelques toiles d&rsquo;araign\u00e9es, signe d&rsquo;une production artisanale, incontestablement&#8230;<\/p>\n<p style=\"text-align: justify;\"><a href=\"http:\/\/lesjardinsdelaroussiere.fr\/wp-content\/uploads\/2014\/10\/10_La_ronde_des_fruits_41.jpg\"><img decoding=\"async\" loading=\"lazy\" class=\"alignnone size-full wp-image-5891\" src=\"http:\/\/lesjardinsdelaroussiere.fr\/wp-content\/uploads\/2014\/10\/10_La_ronde_des_fruits_41.jpg\" alt=\"10_La_ronde_des_fruits_41\" width=\"600\" height=\"399\" srcset=\"http:\/\/lesjardinsdelaroussiere.fr\/wp-content\/uploads\/2014\/10\/10_La_ronde_des_fruits_41.jpg 600w, http:\/\/lesjardinsdelaroussiere.fr\/wp-content\/uploads\/2014\/10\/10_La_ronde_des_fruits_41-300x199.jpg 300w, http:\/\/lesjardinsdelaroussiere.fr\/wp-content\/uploads\/2014\/10\/10_La_ronde_des_fruits_41-451x300.jpg 451w\" sizes=\"(max-width: 600px) 100vw, 600px\" \/><\/a> <a href=\"http:\/\/lesjardinsdelaroussiere.fr\/wp-content\/uploads\/2014\/10\/10_La_ronde_des_fruits_42.jpg\"><img decoding=\"async\" loading=\"lazy\" class=\"alignnone size-full wp-image-5892\" src=\"http:\/\/lesjardinsdelaroussiere.fr\/wp-content\/uploads\/2014\/10\/10_La_ronde_des_fruits_42.jpg\" alt=\"10_La_ronde_des_fruits_42\" width=\"600\" height=\"399\" srcset=\"http:\/\/lesjardinsdelaroussiere.fr\/wp-content\/uploads\/2014\/10\/10_La_ronde_des_fruits_42.jpg 600w, http:\/\/lesjardinsdelaroussiere.fr\/wp-content\/uploads\/2014\/10\/10_La_ronde_des_fruits_42-300x199.jpg 300w, http:\/\/lesjardinsdelaroussiere.fr\/wp-content\/uploads\/2014\/10\/10_La_ronde_des_fruits_42-451x300.jpg 451w\" sizes=\"(max-width: 600px) 100vw, 600px\" \/><\/a> <a href=\"http:\/\/lesjardinsdelaroussiere.fr\/wp-content\/uploads\/2014\/10\/10_La_ronde_des_fruits_43.jpg\"><img decoding=\"async\" loading=\"lazy\" class=\"alignnone size-full wp-image-5893\" src=\"http:\/\/lesjardinsdelaroussiere.fr\/wp-content\/uploads\/2014\/10\/10_La_ronde_des_fruits_43.jpg\" alt=\"10_La_ronde_des_fruits_43\" width=\"600\" height=\"399\" srcset=\"http:\/\/lesjardinsdelaroussiere.fr\/wp-content\/uploads\/2014\/10\/10_La_ronde_des_fruits_43.jpg 600w, http:\/\/lesjardinsdelaroussiere.fr\/wp-content\/uploads\/2014\/10\/10_La_ronde_des_fruits_43-300x199.jpg 300w, http:\/\/lesjardinsdelaroussiere.fr\/wp-content\/uploads\/2014\/10\/10_La_ronde_des_fruits_43-451x300.jpg 451w\" sizes=\"(max-width: 600px) 100vw, 600px\" \/><\/a><\/p>\n<p style=\"text-align: justify;\">Sur notre droite, nous empruntons un couloir qui nous m\u00e8ne dans l&rsquo;antre du ma\u00eetre es- coulis, confitures et autres d\u00e9lices aux fruits rouges !<br \/>\nQuelques pots de confitures sont align\u00e9s au cordeau sur une table centrale, dans cette pi\u00e8ce impeccablement propre, hygi\u00e8ne oblige afin de pr\u00e9parer dans les r\u00e8gles de l&rsquo;art confitures, coulis et autre produits d\u00e9riv\u00e9s !<\/p>\n<p style=\"text-align: justify;\"><a href=\"http:\/\/lesjardinsdelaroussiere.fr\/wp-content\/uploads\/2014\/10\/10_La_ronde_des_fruits_44.jpg\"><img decoding=\"async\" loading=\"lazy\" class=\"alignnone wp-image-5894 size-large\" src=\"http:\/\/lesjardinsdelaroussiere.fr\/wp-content\/uploads\/2014\/10\/10_La_ronde_des_fruits_44-1024x681.jpg\" alt=\"10_La_ronde_des_fruits_44\" width=\"584\" height=\"388\" srcset=\"http:\/\/lesjardinsdelaroussiere.fr\/wp-content\/uploads\/2014\/10\/10_La_ronde_des_fruits_44-1024x681.jpg 1024w, http:\/\/lesjardinsdelaroussiere.fr\/wp-content\/uploads\/2014\/10\/10_La_ronde_des_fruits_44-300x199.jpg 300w, http:\/\/lesjardinsdelaroussiere.fr\/wp-content\/uploads\/2014\/10\/10_La_ronde_des_fruits_44-600x399.jpg 600w, http:\/\/lesjardinsdelaroussiere.fr\/wp-content\/uploads\/2014\/10\/10_La_ronde_des_fruits_44-450x300.jpg 450w\" sizes=\"(max-width: 584px) 100vw, 584px\" \/><\/a><\/p>\n<p style=\"text-align: justify;\">Il m&rsquo;explique l&rsquo;usage de chaque appareil dans la pi\u00e8ce.<br \/>\nLe premier est la marmite de cuisson ci-dessous qui permet bien entendu de cuire les fruits rouges :<\/p>\n<p style=\"text-align: justify;\"><a href=\"http:\/\/lesjardinsdelaroussiere.fr\/wp-content\/uploads\/2014\/10\/10_La_ronde_des_fruits_45.jpg\"><img decoding=\"async\" loading=\"lazy\" class=\"alignnone size-full wp-image-5912\" src=\"http:\/\/lesjardinsdelaroussiere.fr\/wp-content\/uploads\/2014\/10\/10_La_ronde_des_fruits_45.jpg\" alt=\"10_La_ronde_des_fruits_45\" width=\"2832\" height=\"4256\" srcset=\"http:\/\/lesjardinsdelaroussiere.fr\/wp-content\/uploads\/2014\/10\/10_La_ronde_des_fruits_45.jpg 2832w, http:\/\/lesjardinsdelaroussiere.fr\/wp-content\/uploads\/2014\/10\/10_La_ronde_des_fruits_45-199x300.jpg 199w, http:\/\/lesjardinsdelaroussiere.fr\/wp-content\/uploads\/2014\/10\/10_La_ronde_des_fruits_45-681x1024.jpg 681w, http:\/\/lesjardinsdelaroussiere.fr\/wp-content\/uploads\/2014\/10\/10_La_ronde_des_fruits_45-600x901.jpg 600w\" sizes=\"(max-width: 2832px) 100vw, 2832px\" \/><\/a><\/p>\n<p style=\"text-align: justify;\">Ensuite, il y a une presse pour pr\u00e9parer les gel\u00e9es et sirops :<\/p>\n<p style=\"text-align: justify;\"><a href=\"http:\/\/lesjardinsdelaroussiere.fr\/wp-content\/uploads\/2014\/10\/10_La_ronde_des_fruits_46.jpg\"><img decoding=\"async\" loading=\"lazy\" class=\"alignnone size-full wp-image-5913\" src=\"http:\/\/lesjardinsdelaroussiere.fr\/wp-content\/uploads\/2014\/10\/10_La_ronde_des_fruits_46.jpg\" alt=\"10_La_ronde_des_fruits_46\" width=\"2832\" height=\"4256\" srcset=\"http:\/\/lesjardinsdelaroussiere.fr\/wp-content\/uploads\/2014\/10\/10_La_ronde_des_fruits_46.jpg 2832w, http:\/\/lesjardinsdelaroussiere.fr\/wp-content\/uploads\/2014\/10\/10_La_ronde_des_fruits_46-199x300.jpg 199w, http:\/\/lesjardinsdelaroussiere.fr\/wp-content\/uploads\/2014\/10\/10_La_ronde_des_fruits_46-681x1024.jpg 681w, http:\/\/lesjardinsdelaroussiere.fr\/wp-content\/uploads\/2014\/10\/10_La_ronde_des_fruits_46-600x901.jpg 600w\" sizes=\"(max-width: 2832px) 100vw, 2832px\" \/><\/a><\/p>\n<p style=\"text-align: justify;\">Et enfin l&rsquo;\u00e9p\u00e9pineuse pour les coulis et pur\u00e9es.<\/p>\n<p style=\"text-align: justify;\"><a href=\"http:\/\/lesjardinsdelaroussiere.fr\/wp-content\/uploads\/2014\/10\/10_La_ronde_des_fruits_47.jpg\"><img decoding=\"async\" loading=\"lazy\" class=\"alignnone wp-image-5914 size-large\" src=\"http:\/\/lesjardinsdelaroussiere.fr\/wp-content\/uploads\/2014\/10\/10_La_ronde_des_fruits_47-681x1024.jpg\" alt=\"10_La_ronde_des_fruits_47\" width=\"584\" height=\"878\" srcset=\"http:\/\/lesjardinsdelaroussiere.fr\/wp-content\/uploads\/2014\/10\/10_La_ronde_des_fruits_47-681x1024.jpg 681w, http:\/\/lesjardinsdelaroussiere.fr\/wp-content\/uploads\/2014\/10\/10_La_ronde_des_fruits_47-199x300.jpg 199w, http:\/\/lesjardinsdelaroussiere.fr\/wp-content\/uploads\/2014\/10\/10_La_ronde_des_fruits_47-600x902.jpg 600w\" sizes=\"(max-width: 584px) 100vw, 584px\" \/><\/a><\/p>\n<p style=\"text-align: justify;\">Juste \u00e0 c\u00f4t\u00e9, la pi\u00e8ce aux \u00ab\u00a0zeufs\u00a0\u00bb comme je dis \u00e0 Micka\u00ebl, c&rsquo;est l\u00e0 que ceux-ci sont mis dans les bo\u00eetes&#8230;<\/p>\n<p style=\"text-align: justify;\"><a href=\"http:\/\/lesjardinsdelaroussiere.fr\/wp-content\/uploads\/2014\/10\/10_La_ronde_des_fruits_48.jpg\"><img decoding=\"async\" loading=\"lazy\" class=\"alignnone wp-image-5895 size-large\" src=\"http:\/\/lesjardinsdelaroussiere.fr\/wp-content\/uploads\/2014\/10\/10_La_ronde_des_fruits_48-1024x681.jpg\" alt=\"10_La_ronde_des_fruits_48\" width=\"584\" height=\"388\" srcset=\"http:\/\/lesjardinsdelaroussiere.fr\/wp-content\/uploads\/2014\/10\/10_La_ronde_des_fruits_48-1024x681.jpg 1024w, http:\/\/lesjardinsdelaroussiere.fr\/wp-content\/uploads\/2014\/10\/10_La_ronde_des_fruits_48-300x199.jpg 300w, http:\/\/lesjardinsdelaroussiere.fr\/wp-content\/uploads\/2014\/10\/10_La_ronde_des_fruits_48-600x399.jpg 600w, http:\/\/lesjardinsdelaroussiere.fr\/wp-content\/uploads\/2014\/10\/10_La_ronde_des_fruits_48-450x300.jpg 450w\" sizes=\"(max-width: 584px) 100vw, 584px\" \/><\/a> <a href=\"http:\/\/lesjardinsdelaroussiere.fr\/wp-content\/uploads\/2014\/10\/10_La_ronde_des_fruits_49.jpg\"><img decoding=\"async\" loading=\"lazy\" class=\"alignnone wp-image-5896 size-large\" src=\"http:\/\/lesjardinsdelaroussiere.fr\/wp-content\/uploads\/2014\/10\/10_La_ronde_des_fruits_49-1024x681.jpg\" alt=\"10_La_ronde_des_fruits_49\" width=\"584\" height=\"388\" srcset=\"http:\/\/lesjardinsdelaroussiere.fr\/wp-content\/uploads\/2014\/10\/10_La_ronde_des_fruits_49-1024x681.jpg 1024w, http:\/\/lesjardinsdelaroussiere.fr\/wp-content\/uploads\/2014\/10\/10_La_ronde_des_fruits_49-300x199.jpg 300w, http:\/\/lesjardinsdelaroussiere.fr\/wp-content\/uploads\/2014\/10\/10_La_ronde_des_fruits_49-600x399.jpg 600w, http:\/\/lesjardinsdelaroussiere.fr\/wp-content\/uploads\/2014\/10\/10_La_ronde_des_fruits_49-450x300.jpg 450w\" sizes=\"(max-width: 584px) 100vw, 584px\" \/><\/a><\/p>\n<p style=\"text-align: justify;\">Apr\u00e8s deux heures de visite, nous finissons par la \u00ab\u00a0boutique\u00a0\u00bb, ou plut\u00f4t la \u00ab\u00a0vitrine\u00a0\u00bb de la Ronde des Fruits.<\/p>\n<p style=\"text-align: justify;\">\u00a0Dans une petite pi\u00e8ce \u00e9troite \u00e9clair\u00e9e d&rsquo;une lampe blafarde, encombr\u00e9e de cartons avec d&rsquo;un c\u00f4t\u00e9 son mur en pierres d&rsquo;ardoise et de l&rsquo;autre ses lambris qui viennent r\u00e9chauffer un peu l&rsquo;atmosph\u00e8re, on d\u00e9couvre sur quelques \u00e9tag\u00e8res un \u00e9chantillon des divers produits de la Ronde des Fruits.<\/p>\n<p style=\"text-align: justify;\">Pots de confitures, coulis, bouteilles de vinaigre, de cidres, il y a un repr\u00e9sentant pour chaque cat\u00e9gorie.<\/p>\n<p style=\"text-align: justify;\">Cette vitrine m\u00e9riterait d&rsquo;\u00eatre mise en avant car finalement c&rsquo;est le r\u00e9sultat de ce dur labeur de Micka\u00ebl et Jean-Luc pour que chacun de nous puisse manger bio !<\/p>\n<p style=\"text-align: justify;\"><a href=\"http:\/\/lesjardinsdelaroussiere.fr\/wp-content\/uploads\/2014\/10\/10_La_ronde_des_fruits_50.jpg\"><img decoding=\"async\" loading=\"lazy\" class=\"alignnone size-full wp-image-5897\" src=\"http:\/\/lesjardinsdelaroussiere.fr\/wp-content\/uploads\/2014\/10\/10_La_ronde_des_fruits_50.jpg\" alt=\"10_La_ronde_des_fruits_50\" width=\"600\" height=\"399\" srcset=\"http:\/\/lesjardinsdelaroussiere.fr\/wp-content\/uploads\/2014\/10\/10_La_ronde_des_fruits_50.jpg 600w, http:\/\/lesjardinsdelaroussiere.fr\/wp-content\/uploads\/2014\/10\/10_La_ronde_des_fruits_50-300x199.jpg 300w, http:\/\/lesjardinsdelaroussiere.fr\/wp-content\/uploads\/2014\/10\/10_La_ronde_des_fruits_50-451x300.jpg 451w\" sizes=\"(max-width: 600px) 100vw, 600px\" \/><\/a> <a href=\"http:\/\/lesjardinsdelaroussiere.fr\/wp-content\/uploads\/2014\/10\/10_La_ronde_des_fruits_51.jpg\"><img decoding=\"async\" loading=\"lazy\" class=\"alignnone wp-image-5898 size-large\" src=\"http:\/\/lesjardinsdelaroussiere.fr\/wp-content\/uploads\/2014\/10\/10_La_ronde_des_fruits_51-1024x681.jpg\" alt=\"10_La_ronde_des_fruits_51\" width=\"584\" height=\"388\" srcset=\"http:\/\/lesjardinsdelaroussiere.fr\/wp-content\/uploads\/2014\/10\/10_La_ronde_des_fruits_51-1024x681.jpg 1024w, http:\/\/lesjardinsdelaroussiere.fr\/wp-content\/uploads\/2014\/10\/10_La_ronde_des_fruits_51-300x199.jpg 300w, http:\/\/lesjardinsdelaroussiere.fr\/wp-content\/uploads\/2014\/10\/10_La_ronde_des_fruits_51-600x399.jpg 600w, http:\/\/lesjardinsdelaroussiere.fr\/wp-content\/uploads\/2014\/10\/10_La_ronde_des_fruits_51-450x300.jpg 450w\" sizes=\"(max-width: 584px) 100vw, 584px\" \/><\/a> <a href=\"http:\/\/lesjardinsdelaroussiere.fr\/wp-content\/uploads\/2014\/10\/10_La_ronde_des_fruits_52.jpg\"><img decoding=\"async\" loading=\"lazy\" class=\"alignnone size-full wp-image-5899\" src=\"http:\/\/lesjardinsdelaroussiere.fr\/wp-content\/uploads\/2014\/10\/10_La_ronde_des_fruits_52.jpg\" alt=\"10_La_ronde_des_fruits_52\" width=\"600\" height=\"399\" srcset=\"http:\/\/lesjardinsdelaroussiere.fr\/wp-content\/uploads\/2014\/10\/10_La_ronde_des_fruits_52.jpg 600w, http:\/\/lesjardinsdelaroussiere.fr\/wp-content\/uploads\/2014\/10\/10_La_ronde_des_fruits_52-300x199.jpg 300w, http:\/\/lesjardinsdelaroussiere.fr\/wp-content\/uploads\/2014\/10\/10_La_ronde_des_fruits_52-451x300.jpg 451w\" sizes=\"(max-width: 600px) 100vw, 600px\" \/><\/a><\/p>\n<p style=\"text-align: justify;\">Voil\u00e0, c&rsquo;est la fin de la visite, j&rsquo;avais encore plein de questions qui me venaient en t\u00eate, mais je savais que Micka\u00ebl avait encore un millier de choses \u00e0 faire, il avait accept\u00e9 de m&rsquo;accompagner au pied lever malgr\u00e9 le d\u00e9lai ultra court, je ne souhaitais pas abuser.<\/p>\n<p style=\"text-align: justify;\">Je dois avouer que j&rsquo;ai beaucoup appr\u00e9ci\u00e9 notre conversation, cela m&rsquo;a permis d&rsquo;\u00e9changer avec un autre pro du bio (chose dont je ne doutais pas !), mais surtout un passionn\u00e9 et un homme cultiv\u00e9 qui pouvait entre autres choses, me citer de t\u00eate les noms latins d&rsquo;esp\u00e8ces de parasites et de champignons venant parasiter les framboisiers par exemple, les pratiques multiples de lutte contre les parasites en g\u00e9n\u00e9ral, mais pas seulement pour son exploitation, bref, un vrai r\u00e9gal de d\u00e9couvrir l&rsquo;envers du d\u00e9cor de l&rsquo;agriculture biologique au-del\u00e0 de la Ronde des Fruits !<\/p>\n<p style=\"text-align: justify;\">Avant de nous quitter, une question me br\u00fble pourtant les l\u00e8vres\u00a0: quels sont les r\u00e9ussites et les \u00e9checs de la Ronde des Fruits ?<\/p>\n<p style=\"text-align: justify;\">Micka\u00ebl n&rsquo;h\u00e9site pourtant pas \u00e0 me r\u00e9pondre, c&rsquo;est un exercice qui n&rsquo;est pas toujours facile ni accept\u00e9 de tous, mais comme il me le dit, \u00ab\u00a0<em>je n&rsquo;ai rien \u00e0 cacher, tout est consultable, nous sommes dans une AMA<\/em>P\u00a0\u00bb :<\/p>\n<p style=\"text-align: justify;\"><strong>R\u00e9ussite(s) :<\/strong> approvisionner les\u00a0AMAP et nos autres d\u00e9bouch\u00e9s en fruits, malgr\u00e9 la Drosophile, c&rsquo;est un challenge qui recommence tous les ans.<br \/>\nPour la 1ere ann\u00e9e depuis mon installation en 2009, l&rsquo;ann\u00e9e 2013 \u00e0 permis de d\u00e9gager un revenu \u00e0 chaque associ\u00e9.<br \/>\nMettre en place un r\u00e9seau afin d\u2019acqu\u00e9rir de meilleurs connaissances sur notre biodiversit\u00e9 (r\u00e9seau \u00ab\u00a0Arbre\u00a0\u00bb de la Chambre d&rsquo;Agriculture, Comit\u00e9 D\u00e9partemental du D\u00e9veloppement L\u00e9gumier, groupe \u00ab\u00a0Petits fruits\u00a0\u00bb du Groupement des Agriculteurs Bio d&rsquo;Anjou, et m\u00eame une Amapienne de la Membrolle passionn\u00e9e de ce genre de probl\u00e9matique).<br \/>\n<strong>Echec(s) :<\/strong> Un manque important de temps libre.<br \/>\nIl faut r\u00e9ussir \u00e0 mieux s&rsquo;organiser et embaucher davantage pour \u00eatre \u00e0 jour sur le travail et pouvoir prendre du temps pour autre chose.<br \/>\nDifficile aujourd&rsquo;hui&#8230;<\/p>\n<p style=\"text-align: justify;\">Enfin, je ne pouvais pas terminer cette agr\u00e9able visite sans poser les questions de l&rsquo;avenir que Micka\u00ebl entrevoyait pour la Ronde des Fruits mais \u00e9galement pour lui-m\u00eame !<\/p>\n<p style=\"text-align: justify;\">Il me r\u00e9pond que \u00ab\u00a0<em>sur la ferme, nous avons tout juste commenc\u00e9 la construction d&rsquo;un bureau commun avec Jean-Luc.<\/em><br \/>\n<em>Par ailleurs, nous souhaitons mettre en place un groupement d&#8217;employeurs avec les coll\u00e8gues voisins.\u00a0<\/em><br \/>\n<em>Enfin, d&rsquo;un point de vue priv\u00e9, je souhaite d\u00e9marrer la construction de notre maison<\/em>.\u00a0\u00bb<\/p>\n<p style=\"text-align: justify;\">Voil\u00e0, j&rsquo;esp\u00e8re que comme moi vous aurez appr\u00e9ci\u00e9 cette visite \u00ab\u00a0virtuelle\u00a0\u00bb, et que vous ne regarderez plus de la m\u00eame mani\u00e8re les fruits et les produits transform\u00e9s distribu\u00e9s par Micka\u00ebl et Jean-Luc, et que vous comprendrez tous les enjeux qui se cachent derri\u00e8re !<\/p>\n<p style=\"text-align: justify;\">Merci \u00e0 Micka\u00ebl pour ces\u00a0 deux heures \u00f4 combien instructives !<\/p>\n<p style=\"text-align: justify;\"><a href=\"http:\/\/lesjardinsdelaroussiere.fr\/wp-content\/uploads\/2014\/10\/10_La_ronde_des_fruits_53.jpg\"><img decoding=\"async\" loading=\"lazy\" class=\"alignnone size-full wp-image-5900\" src=\"http:\/\/lesjardinsdelaroussiere.fr\/wp-content\/uploads\/2014\/10\/10_La_ronde_des_fruits_53.jpg\" alt=\"10_La_ronde_des_fruits_53\" width=\"600\" height=\"399\" srcset=\"http:\/\/lesjardinsdelaroussiere.fr\/wp-content\/uploads\/2014\/10\/10_La_ronde_des_fruits_53.jpg 600w, http:\/\/lesjardinsdelaroussiere.fr\/wp-content\/uploads\/2014\/10\/10_La_ronde_des_fruits_53-300x199.jpg 300w, http:\/\/lesjardinsdelaroussiere.fr\/wp-content\/uploads\/2014\/10\/10_La_ronde_des_fruits_53-451x300.jpg 451w\" sizes=\"(max-width: 600px) 100vw, 600px\" \/><\/a><\/p>\n","protected":false},"excerpt":{"rendered":"<p>Bonjour \u00e0 toutes et \u00e0 tous, Cela faisait d\u00e9j\u00e0 quelques mois que je souhaitais poursuivre la s\u00e9rie entam\u00e9e sur nos producteurs de l&rsquo;AMAP des Jardins de la Roussi\u00e8re, le temps passait, je m&rsquo;\u00e9tais promis de le faire \u00e0 la belle &hellip; <a href=\"https:\/\/www.lesjardinsdelaroussiere.fr\/?p=5833\">Continuer la lecture <span class=\"meta-nav\">&rarr;<\/span><\/a><\/p>\n","protected":false},"author":2,"featured_media":0,"comment_status":"closed","ping_status":"open","sticky":false,"template":"","format":"standard","meta":[],"categories":[6],"tags":[309,260,59,60,62,306,308,95,307,305,108],"views":7265,"_links":{"self":[{"href":"https:\/\/www.lesjardinsdelaroussiere.fr\/index.php?rest_route=\/wp\/v2\/posts\/5833"}],"collection":[{"href":"https:\/\/www.lesjardinsdelaroussiere.fr\/index.php?rest_route=\/wp\/v2\/posts"}],"about":[{"href":"https:\/\/www.lesjardinsdelaroussiere.fr\/index.php?rest_route=\/wp\/v2\/types\/post"}],"author":[{"embeddable":true,"href":"https:\/\/www.lesjardinsdelaroussiere.fr\/index.php?rest_route=\/wp\/v2\/users\/2"}],"replies":[{"embeddable":true,"href":"https:\/\/www.lesjardinsdelaroussiere.fr\/index.php?rest_route=%2Fwp%2Fv2%2Fcomments&post=5833"}],"version-history":[{"count":19,"href":"https:\/\/www.lesjardinsdelaroussiere.fr\/index.php?rest_route=\/wp\/v2\/posts\/5833\/revisions"}],"predecessor-version":[{"id":5922,"href":"https:\/\/www.lesjardinsdelaroussiere.fr\/index.php?rest_route=\/wp\/v2\/posts\/5833\/revisions\/5922"}],"wp:attachment":[{"href":"https:\/\/www.lesjardinsdelaroussiere.fr\/index.php?rest_route=%2Fwp%2Fv2%2Fmedia&parent=5833"}],"wp:term":[{"taxonomy":"category","embeddable":true,"href":"https:\/\/www.lesjardinsdelaroussiere.fr\/index.php?rest_route=%2Fwp%2Fv2%2Fcategories&post=5833"},{"taxonomy":"post_tag","embeddable":true,"href":"https:\/\/www.lesjardinsdelaroussiere.fr\/index.php?rest_route=%2Fwp%2Fv2%2Ftags&post=5833"}],"curies":[{"name":"wp","href":"https:\/\/api.w.org\/{rel}","templated":true}]}}