{"id":5814,"date":"2014-09-16T17:54:36","date_gmt":"2014-09-16T15:54:36","guid":{"rendered":"http:\/\/www.lesjardinsdelaroussiere.fr\/?p=5814"},"modified":"2014-09-16T18:00:12","modified_gmt":"2014-09-16T16:00:12","slug":"le-rallye-pedestre-de-juin-en-images","status":"publish","type":"post","link":"https:\/\/www.lesjardinsdelaroussiere.fr\/?p=5814","title":{"rendered":"Le rallye pedestre de Juin en images"},"content":{"rendered":"<p>Bonjour \u00e0 toutes et \u00e0 tous,<\/p>\n<p>Vous vous en souvenez, nous en avions parl\u00e9 avant les d\u00e9parts en vacances cet \u00e9t\u00e9, un rallye p\u00e9destre devait avoir lieu le <strong>dimanche 15 Juin<\/strong>.<a href=\"http:\/\/lesjardinsdelaroussiere.fr\/wp-content\/uploads\/2014\/09\/15062014_Rallye_pedestre_03.jpg\"><img decoding=\"async\" loading=\"lazy\" class=\"aligncenter wp-image-5820 size-full\" src=\"http:\/\/lesjardinsdelaroussiere.fr\/wp-content\/uploads\/2014\/09\/15062014_Rallye_pedestre_04.jpg\" alt=\"Stand rallye p\u00e9destre Juin 2014\" width=\"650\" height=\"405\" srcset=\"http:\/\/lesjardinsdelaroussiere.fr\/wp-content\/uploads\/2014\/09\/15062014_Rallye_pedestre_04.jpg 650w, http:\/\/lesjardinsdelaroussiere.fr\/wp-content\/uploads\/2014\/09\/15062014_Rallye_pedestre_04-300x186.jpg 300w, http:\/\/lesjardinsdelaroussiere.fr\/wp-content\/uploads\/2014\/09\/15062014_Rallye_pedestre_04-600x373.jpg 600w, http:\/\/lesjardinsdelaroussiere.fr\/wp-content\/uploads\/2014\/09\/15062014_Rallye_pedestre_04-481x300.jpg 481w\" sizes=\"(max-width: 650px) 100vw, 650px\" \/><\/a><!--more--><\/p>\n<p style=\"text-align: justify;\">Ce rallye p\u00e9destre organis\u00e9 par l&rsquo;AMAP a eu lieu sur la commune de Montreuil-Juign\u00e9.<\/p>\n<p style=\"text-align: justify;\">Une quarantaine d\u2019amapiens et leurs amis ont ainsi arpent\u00e9 les ruelles et coteaux de la ville.<a href=\"http:\/\/lesjardinsdelaroussiere.fr\/wp-content\/uploads\/2014\/09\/15062014_Rallye_pedestre_01.jpg\"><img decoding=\"async\" loading=\"lazy\" class=\"aligncenter wp-image-5817 size-full\" src=\"http:\/\/lesjardinsdelaroussiere.fr\/wp-content\/uploads\/2014\/09\/15062014_Rallye_pedestre_01.jpg\" alt=\"Stand rallye p\u00e9destre Juin 2014\" width=\"500\" height=\"416\" srcset=\"http:\/\/lesjardinsdelaroussiere.fr\/wp-content\/uploads\/2014\/09\/15062014_Rallye_pedestre_01.jpg 500w, http:\/\/lesjardinsdelaroussiere.fr\/wp-content\/uploads\/2014\/09\/15062014_Rallye_pedestre_01-300x249.jpg 300w, http:\/\/lesjardinsdelaroussiere.fr\/wp-content\/uploads\/2014\/09\/15062014_Rallye_pedestre_01-360x300.jpg 360w\" sizes=\"(max-width: 500px) 100vw, 500px\" \/><\/a>Sur le chemin nos producteurs y avaient install\u00e9 des stands de d\u00e9gustation et jeux qui permettaient aussi de r\u00e9pondre, au mieux, au quizz que chaque marcheur avait pris au d\u00e9part.<img decoding=\"async\" loading=\"lazy\" class=\"aligncenter wp-image-5821 size-full\" src=\"http:\/\/lesjardinsdelaroussiere.fr\/wp-content\/uploads\/2014\/09\/15062014_Rallye_pedestre_05.jpg\" alt=\"Quizz rallye p\u00e9destre Juin 2014\" width=\"650\" height=\"373\" srcset=\"http:\/\/lesjardinsdelaroussiere.fr\/wp-content\/uploads\/2014\/09\/15062014_Rallye_pedestre_05.jpg 650w, http:\/\/lesjardinsdelaroussiere.fr\/wp-content\/uploads\/2014\/09\/15062014_Rallye_pedestre_05-300x172.jpg 300w, http:\/\/lesjardinsdelaroussiere.fr\/wp-content\/uploads\/2014\/09\/15062014_Rallye_pedestre_05-600x344.jpg 600w, http:\/\/lesjardinsdelaroussiere.fr\/wp-content\/uploads\/2014\/09\/15062014_Rallye_pedestre_05-500x286.jpg 500w\" sizes=\"(max-width: 650px) 100vw, 650px\" \/><\/p>\n<p style=\"text-align: justify;\">A l\u2019arriv\u00e9e, le midi, le jus de pomme de Micha\u00ebl ou la bi\u00e8re de Jean-Baptiste \u00e9taient les bienvenus&#8230;<a href=\"http:\/\/lesjardinsdelaroussiere.fr\/wp-content\/uploads\/2014\/09\/15062014_Rallye_pedestre_02.jpg\"><img decoding=\"async\" loading=\"lazy\" class=\"aligncenter wp-image-5818 size-full\" src=\"http:\/\/lesjardinsdelaroussiere.fr\/wp-content\/uploads\/2014\/09\/15062014_Rallye_pedestre_02.jpg\" alt=\"Stand rallye p\u00e9destre Juin 2014\" width=\"650\" height=\"366\" srcset=\"http:\/\/lesjardinsdelaroussiere.fr\/wp-content\/uploads\/2014\/09\/15062014_Rallye_pedestre_02.jpg 650w, http:\/\/lesjardinsdelaroussiere.fr\/wp-content\/uploads\/2014\/09\/15062014_Rallye_pedestre_02-300x168.jpg 300w, http:\/\/lesjardinsdelaroussiere.fr\/wp-content\/uploads\/2014\/09\/15062014_Rallye_pedestre_02-600x337.jpg 600w, http:\/\/lesjardinsdelaroussiere.fr\/wp-content\/uploads\/2014\/09\/15062014_Rallye_pedestre_02-500x281.jpg 500w\" sizes=\"(max-width: 650px) 100vw, 650px\" \/><\/a>Il s\u2019en est suivi un pique-nique partag\u00e9 entre les adh\u00e9rents pr\u00e9sents.<br \/>\nUne journ\u00e9e o\u00f9 la bonne humeur souhait\u00e9e au sein de l\u2019AMAP \u00e9tait au rendez vous.<\/p>\n<p style=\"text-align: justify;\"><strong>Jeudi 11 septembre<\/strong>, lors de la livraison, le Conseil d\u2019Administration a remis \u00e0 la <strong>famille CHOUTEAU, gagnante du quizz du rallye<\/strong> un panier garni de divers produits de nos producteurs (huile, bi\u00e8re, tisane, l\u00e9gumes, confitures, beurre, pain d\u2019\u00e9pice, fraises &#8230;).<\/p>\n<p style=\"text-align: justify;\"><a href=\"http:\/\/lesjardinsdelaroussiere.fr\/wp-content\/uploads\/2014\/09\/11092014_Remise_panier_quizz_rallye_pedestre_juin.jpg\"><img decoding=\"async\" loading=\"lazy\" class=\"aligncenter wp-image-5816 size-full\" src=\"http:\/\/lesjardinsdelaroussiere.fr\/wp-content\/uploads\/2014\/09\/11092014_Remise_panier_quizz_rallye_pedestre_juin.jpg\" alt=\"Remise panier quizz rallye p\u00e9destre Juin 2014\" width=\"500\" height=\"329\" srcset=\"http:\/\/lesjardinsdelaroussiere.fr\/wp-content\/uploads\/2014\/09\/11092014_Remise_panier_quizz_rallye_pedestre_juin.jpg 500w, http:\/\/lesjardinsdelaroussiere.fr\/wp-content\/uploads\/2014\/09\/11092014_Remise_panier_quizz_rallye_pedestre_juin-300x197.jpg 300w, http:\/\/lesjardinsdelaroussiere.fr\/wp-content\/uploads\/2014\/09\/11092014_Remise_panier_quizz_rallye_pedestre_juin-455x300.jpg 455w\" sizes=\"(max-width: 500px) 100vw, 500px\" \/><\/a>Nous profitions de ce premier article de la rentr\u00e9e pour vous souhaiter une bonne rentr\u00e9e \u00e0 toutes et \u00e0 tous et nous vous disons \u00e0 tr\u00e8s bient\u00f4t,<\/p>\n<p style=\"text-align: justify;\">Le Conseil d&rsquo;Administration.<\/p>\n","protected":false},"excerpt":{"rendered":"<p>Bonjour \u00e0 toutes et \u00e0 tous, Vous vous en souvenez, nous en avions parl\u00e9 avant les d\u00e9parts en vacances cet \u00e9t\u00e9, un rallye p\u00e9destre devait avoir lieu le dimanche 15 Juin.<\/p>\n","protected":false},"author":2,"featured_media":0,"comment_status":"closed","ping_status":"open","sticky":false,"template":"","format":"standard","meta":[],"categories":[6],"tags":[297,296,304,295],"views":2287,"_links":{"self":[{"href":"https:\/\/www.lesjardinsdelaroussiere.fr\/index.php?rest_route=\/wp\/v2\/posts\/5814"}],"collection":[{"href":"https:\/\/www.lesjardinsdelaroussiere.fr\/index.php?rest_route=\/wp\/v2\/posts"}],"about":[{"href":"https:\/\/www.lesjardinsdelaroussiere.fr\/index.php?rest_route=\/wp\/v2\/types\/post"}],"author":[{"embeddable":true,"href":"https:\/\/www.lesjardinsdelaroussiere.fr\/index.php?rest_route=\/wp\/v2\/users\/2"}],"replies":[{"embeddable":true,"href":"https:\/\/www.lesjardinsdelaroussiere.fr\/index.php?rest_route=%2Fwp%2Fv2%2Fcomments&post=5814"}],"version-history":[{"count":5,"href":"https:\/\/www.lesjardinsdelaroussiere.fr\/index.php?rest_route=\/wp\/v2\/posts\/5814\/revisions"}],"predecessor-version":[{"id":5825,"href":"https:\/\/www.lesjardinsdelaroussiere.fr\/index.php?rest_route=\/wp\/v2\/posts\/5814\/revisions\/5825"}],"wp:attachment":[{"href":"https:\/\/www.lesjardinsdelaroussiere.fr\/index.php?rest_route=%2Fwp%2Fv2%2Fmedia&parent=5814"}],"wp:term":[{"taxonomy":"category","embeddable":true,"href":"https:\/\/www.lesjardinsdelaroussiere.fr\/index.php?rest_route=%2Fwp%2Fv2%2Fcategories&post=5814"},{"taxonomy":"post_tag","embeddable":true,"href":"https:\/\/www.lesjardinsdelaroussiere.fr\/index.php?rest_route=%2Fwp%2Fv2%2Ftags&post=5814"}],"curies":[{"name":"wp","href":"https:\/\/api.w.org\/{rel}","templated":true}]}}