{"id":5718,"date":"2014-05-22T17:54:51","date_gmt":"2014-05-22T15:54:51","guid":{"rendered":"http:\/\/www.lesjardinsdelaroussiere.fr\/?p=5718"},"modified":"2014-05-25T09:16:01","modified_gmt":"2014-05-25T07:16:01","slug":"rallye-pedestre-juin-2014","status":"publish","type":"post","link":"https:\/\/www.lesjardinsdelaroussiere.fr\/?p=5718","title":{"rendered":"Rallye pedestre Juin 2014!"},"content":{"rendered":"<p>Bonjour \u00e0 toutes et \u00e0 tous,<\/p>\n<p>Le printemps pluvieux va \u00e0 n&rsquo;en pas douter faire place \u00e0 un bel \u00e9t\u00e9 (si si, nous en sommes convaincus ! \ud83d\ude09 ), aussi l&rsquo;AMAP organise-t-elle une journ\u00e9e conviviale le dimanche 15 Juin.<\/p>\n<p style=\"text-align: justify;\"><a href=\"http:\/\/lesjardinsdelaroussiere.fr\/wp-content\/uploads\/2014\/04\/07042014_Randonnees_pedestres.jpg\"><img decoding=\"async\" loading=\"lazy\" class=\"aligncenter wp-image-5637\" src=\"http:\/\/lesjardinsdelaroussiere.fr\/wp-content\/uploads\/2014\/04\/07042014_Randonnees_pedestres.jpg\" alt=\"Randonn\u00e9e pedestre\" width=\"502\" height=\"339\" \/><\/a><!--more-->La matin\u00e9e d\u00e9butera par un rallye p\u00e9destre ouvert \u00e0 tous les Montreuillais, le d\u00e9part s&rsquo;effectuera depuis l&rsquo;\u00e9cole Henri David entre 9H et 10H.<\/p>\n<p style=\"text-align: justify;\"><a href=\"http:\/\/lesjardinsdelaroussiere.fr\/wp-content\/uploads\/2014\/05\/Affice_Rallye_Pedestre_15_juin_20141.png\"><img decoding=\"async\" loading=\"lazy\" class=\"aligncenter wp-image-5719 size-full\" src=\"http:\/\/lesjardinsdelaroussiere.fr\/wp-content\/uploads\/2014\/05\/Affice_Rallye_Pedestre_15_juin_20141.png\" alt=\"Affiche Rallye Pedestre 15 Juin 20141\" width=\"353\" height=\"500\" srcset=\"http:\/\/lesjardinsdelaroussiere.fr\/wp-content\/uploads\/2014\/05\/Affice_Rallye_Pedestre_15_juin_20141.png 353w, http:\/\/lesjardinsdelaroussiere.fr\/wp-content\/uploads\/2014\/05\/Affice_Rallye_Pedestre_15_juin_20141-211x300.png 211w\" sizes=\"(max-width: 353px) 100vw, 353px\" \/><\/a>Sur tout le parcours les stands des producteurs seront install\u00e9s afin de pr\u00e9senter et faire go\u00fbter leurs produits.<br \/>\nPar ailleurs, des jeux, \u00e9nigmes et autres y seront organis\u00e9s par ces derniers.<\/p>\n<p style=\"text-align: justify;\">Ce rallye p\u00e9destre sera aussi rythm\u00e9 par un jeu-questionnaire que chacun r\u00e9cup\u00e9rera au d\u00e9part.<\/p>\n<p style=\"text-align: justify;\">Le gagnant de ce questionnaire sera r\u00e9compens\u00e9 par un panier garni de l&rsquo;AMAP.<\/p>\n<p style=\"text-align: justify;\">Le midi, tous les amapiens qui le d\u00e9sirent sont invit\u00e9s \u00e0 d\u00e9jeuner sous le pr\u00e9au ou dans la cour de l&rsquo;\u00e9cole suivant la m\u00e9t\u00e9o, sous la forme d&rsquo;un pique-nique partag\u00e9.<\/p>\n<p style=\"text-align: justify;\">Aussi nous vous remercions d&rsquo;avance de bien vouloir vous inscrire d\u00e8s que possible afin de permettre l&rsquo;organisation logistique.<\/p>\n<p style=\"text-align: justify;\">A tr\u00e8s bient\u00f4t,<\/p>\n<p style=\"text-align: justify;\"><em>Le Webmaster.<\/em><\/p>\n","protected":false},"excerpt":{"rendered":"<p>Bonjour \u00e0 toutes et \u00e0 tous, Le printemps pluvieux va \u00e0 n&rsquo;en pas douter faire place \u00e0 un bel \u00e9t\u00e9 (si si, nous en sommes convaincus ! \ud83d\ude09 ), aussi l&rsquo;AMAP organise-t-elle une journ\u00e9e conviviale le dimanche 15 Juin.<\/p>\n","protected":false},"author":2,"featured_media":0,"comment_status":"closed","ping_status":"open","sticky":false,"template":"","format":"standard","meta":[],"categories":[6],"tags":[297,296,183,295],"views":2296,"_links":{"self":[{"href":"https:\/\/www.lesjardinsdelaroussiere.fr\/index.php?rest_route=\/wp\/v2\/posts\/5718"}],"collection":[{"href":"https:\/\/www.lesjardinsdelaroussiere.fr\/index.php?rest_route=\/wp\/v2\/posts"}],"about":[{"href":"https:\/\/www.lesjardinsdelaroussiere.fr\/index.php?rest_route=\/wp\/v2\/types\/post"}],"author":[{"embeddable":true,"href":"https:\/\/www.lesjardinsdelaroussiere.fr\/index.php?rest_route=\/wp\/v2\/users\/2"}],"replies":[{"embeddable":true,"href":"https:\/\/www.lesjardinsdelaroussiere.fr\/index.php?rest_route=%2Fwp%2Fv2%2Fcomments&post=5718"}],"version-history":[{"count":3,"href":"https:\/\/www.lesjardinsdelaroussiere.fr\/index.php?rest_route=\/wp\/v2\/posts\/5718\/revisions"}],"predecessor-version":[{"id":5722,"href":"https:\/\/www.lesjardinsdelaroussiere.fr\/index.php?rest_route=\/wp\/v2\/posts\/5718\/revisions\/5722"}],"wp:attachment":[{"href":"https:\/\/www.lesjardinsdelaroussiere.fr\/index.php?rest_route=%2Fwp%2Fv2%2Fmedia&parent=5718"}],"wp:term":[{"taxonomy":"category","embeddable":true,"href":"https:\/\/www.lesjardinsdelaroussiere.fr\/index.php?rest_route=%2Fwp%2Fv2%2Fcategories&post=5718"},{"taxonomy":"post_tag","embeddable":true,"href":"https:\/\/www.lesjardinsdelaroussiere.fr\/index.php?rest_route=%2Fwp%2Fv2%2Ftags&post=5718"}],"curies":[{"name":"wp","href":"https:\/\/api.w.org\/{rel}","templated":true}]}}