{"id":5537,"date":"2014-02-14T18:50:06","date_gmt":"2014-02-14T17:50:06","guid":{"rendered":"http:\/\/www.lesjardinsdelaroussiere.fr\/?p=5537"},"modified":"2014-02-15T11:44:13","modified_gmt":"2014-02-15T10:44:13","slug":"tout-est-bon-dans-le-cochon","status":"publish","type":"post","link":"https:\/\/www.lesjardinsdelaroussiere.fr\/?p=5537","title":{"rendered":"Tout est bon dans le cochon !"},"content":{"rendered":"<p>Bonjour \u00e0 toutes et \u00e0 tous !<\/p>\n<p style=\"text-align: justify;\">Comme nous l\u2019annoncions dans le pr\u00e9c\u00e9dent article d\u00e9di\u00e9 \u00e0 la derni\u00e8re Assembl\u00e9e G\u00e9n\u00e9rale, nous accueillons une nouvelle productrice, <strong>Aur\u00e9lie MARSAIS<\/strong>, \u00e9levant le cochon bio !<\/p>\n<p style=\"text-align: justify;\"><a href=\"http:\/\/lesjardinsdelaroussiere.fr\/wp-content\/uploads\/2014\/02\/14022014_Le_cochon_sympa.jpg\"><img decoding=\"async\" loading=\"lazy\" class=\"alignnone size-full wp-image-5563\" alt=\"Le cochon sympa\" src=\"http:\/\/lesjardinsdelaroussiere.fr\/wp-content\/uploads\/2014\/02\/14022014_Le_cochon_sympa.jpg\" width=\"500\" height=\"355\" srcset=\"http:\/\/lesjardinsdelaroussiere.fr\/wp-content\/uploads\/2014\/02\/14022014_Le_cochon_sympa.jpg 500w, http:\/\/lesjardinsdelaroussiere.fr\/wp-content\/uploads\/2014\/02\/14022014_Le_cochon_sympa-300x213.jpg 300w, http:\/\/lesjardinsdelaroussiere.fr\/wp-content\/uploads\/2014\/02\/14022014_Le_cochon_sympa-422x300.jpg 422w\" sizes=\"(max-width: 500px) 100vw, 500px\" \/><\/a><\/p>\n<p style=\"text-align: justify;\">Il est clair que le mot m\u00eame, de \u00ab\u00a0cochon\u00a0\u00bb suscite toutes sortes de r\u00e9actions et \u00e9voque des souvenirs en chacun de nous !<!--more--><\/p>\n<p style=\"text-align: justify;\">\u00ab\u00a0Manger comme un cochon\u00a0\u00bb, du \u00ab\u00a0lard et du cochon\u00a0\u00bb, \u00ab\u00a0avoir une t\u00eate de cochon\u00a0\u00bb, je vous en passe et des meilleures !<br \/>Il y a aussi nos souvenirs d&rsquo;enfance avec \u00ab\u00a0les 3 petits cochons\u00a0\u00bb, \u00ab\u00a0Miss Piggy\u00a0\u00bb de l\u2019inoubliable Muppet Show ou alors \u00ab\u00a0Babe\u00a0\u00bb Outre Atlantique&#8230;<\/p>\n<p style=\"text-align: justify;\">Sur un plan culinaire, le gagnant toutes cat\u00e9gories chez nos enfants, ce sont bien \u00e9videmment le jambon et les saucisses !<\/p>\n<p style=\"text-align: justify;\">En parlant de cuisine, savez vous quelle est la diff\u00e9rence entre porc et cochon ?<\/p>\n<p style=\"text-align: justify;\">Le cochon, c&rsquo;est l&rsquo;animal \u00ab\u00a0sur pattes\u00a0\u00bb, et le porc, \u00ab\u00a0c&rsquo;est la viande\u00a0\u00bb que l&rsquo;on mange&#8230;<br \/>Et pour la vache, quelle est la r\u00e9ponse !? \ud83d\ude09<\/p>\n<p style=\"text-align: justify;\">Nous pourrions disserter \u00e0 volont\u00e9 sur le sujet, mais pour l&rsquo;heure, c&rsquo;est bien de \u00ab\u00a0<em>sus scrofa domesticus<\/em>\u00a0\u00bb qu&rsquo;il est question, alias le \u00ab\u00a0cochon\u00a0\u00bb, en termes plus prosa\u00efques !<\/p>\n<p style=\"text-align: justify;\"><strong>Aur\u00e9lie MARSAIS<\/strong> a pris la suite de ses parents en reprenant la ferme situ\u00e9e \u00e0 Saint Cl\u00e9ment de la Place.<\/p>\n<p style=\"text-align: justify;\">Elle y \u00e9l\u00e8ve une esp\u00e8ce appel\u00e9e \u00ab\u00a0<strong>Large White x Landrace<\/strong>\u00a0\u00bb crois\u00e9e avec du \u00ab\u00a0<strong>Pi\u00e9train x Large White<\/strong>\u00a0\u00bb !<\/p>\n<p style=\"text-align: justify;\">Je ne la contredirai pas sur ce point ! \ud83d\ude09<\/p>\n<p style=\"text-align: justify;\">Pour moi, un cochon ressemble \u00e0 un cochon, s&rsquo;il est rose, je ne fais pas la diff\u00e9rence avec une autre esp\u00e8ce rose&#8230;<br \/>Je plaisante bien \u00e9videmment !<\/p>\n<p style=\"text-align: justify;\">Fort heureusement, nos fins limiers du bureau ont eu la primeur de la visite de l\u2019exploitation, et apr\u00e8s quelques tractations avec la famille LANDREAU qui \u00e9tait la seule \u00e0 avoir couvert l&rsquo;\u00e9v\u00e8nement en photos (<em>pff<\/em>, et le Nikon D7000 Dominique !?? LOL !!) ; certes avec un iPhone ; mais couvert quand m\u00eame, nous avons de quoi illustrer cet article !<\/p>\n<p style=\"text-align: justify;\">Notez sur le clich\u00e9 ci-dessous l\u2019int\u00e9r\u00eat tout particulier que S\u00e9verine (<em>tout en bas \u00e0 gauche<\/em>) semble porter \u00e0 nos amis les cochons !<br \/>On l&rsquo;imagine tr\u00e8s bien r\u00e9fl\u00e9chissant d\u00e9j\u00e0 \u00e0 mille et une fa\u00e7on d\u2019accommoder celui-ci avec de bons petits l\u00e9gumes, tandis que Dominique semble plut\u00f4t sur sa r\u00e9serve, voire pragmatique, et on l\u2019imagine bien volontiers d\u00e9j\u00e0 penser aux commandes \u00e0 venir ! \ud83d\ude09<\/p>\n<p style=\"text-align: justify;\"><a href=\"http:\/\/lesjardinsdelaroussiere.fr\/wp-content\/uploads\/2014\/02\/13022014_Visite_exploitation_Aurelie_MARSAIS_01.jpg\"><img decoding=\"async\" loading=\"lazy\" class=\"size-full wp-image-5539 aligncenter\" alt=\"Visite exploitation Aurelie MARSAIS 01\" src=\"http:\/\/lesjardinsdelaroussiere.fr\/wp-content\/uploads\/2014\/02\/13022014_Visite_exploitation_Aurelie_MARSAIS_01.jpg\" width=\"500\" height=\"375\" srcset=\"http:\/\/lesjardinsdelaroussiere.fr\/wp-content\/uploads\/2014\/02\/13022014_Visite_exploitation_Aurelie_MARSAIS_01.jpg 500w, http:\/\/lesjardinsdelaroussiere.fr\/wp-content\/uploads\/2014\/02\/13022014_Visite_exploitation_Aurelie_MARSAIS_01-300x225.jpg 300w, http:\/\/lesjardinsdelaroussiere.fr\/wp-content\/uploads\/2014\/02\/13022014_Visite_exploitation_Aurelie_MARSAIS_01-400x300.jpg 400w\" sizes=\"(max-width: 500px) 100vw, 500px\" \/><\/a> Ils ne sont pas mimis nos p&rsquo;tits cochons !?<\/p>\n<p style=\"text-align: justify;\"><a href=\"http:\/\/lesjardinsdelaroussiere.fr\/wp-content\/uploads\/2014\/02\/13022014_Visite_exploitation_Aurelie_MARSAIS_02.jpg\"><img decoding=\"async\" loading=\"lazy\" class=\"size-full wp-image-5540 aligncenter\" alt=\"13022014_Visite_exploitation_Aurelie_MARSAIS_02\" src=\"http:\/\/lesjardinsdelaroussiere.fr\/wp-content\/uploads\/2014\/02\/13022014_Visite_exploitation_Aurelie_MARSAIS_02.jpg\" width=\"500\" height=\"375\" srcset=\"http:\/\/lesjardinsdelaroussiere.fr\/wp-content\/uploads\/2014\/02\/13022014_Visite_exploitation_Aurelie_MARSAIS_02.jpg 500w, http:\/\/lesjardinsdelaroussiere.fr\/wp-content\/uploads\/2014\/02\/13022014_Visite_exploitation_Aurelie_MARSAIS_02-300x225.jpg 300w, http:\/\/lesjardinsdelaroussiere.fr\/wp-content\/uploads\/2014\/02\/13022014_Visite_exploitation_Aurelie_MARSAIS_02-400x300.jpg 400w\" sizes=\"(max-width: 500px) 100vw, 500px\" \/><\/a>C\u00f4t\u00e9 espace libre, on est bien loin des espaces \u00ab\u00a0bo\u00eete \u00e0 chaussures\u00a0\u00bb des \u00e9levages industriels !<br \/>\u00c7a respire le bon cochon bien dorlot\u00e9 qui s&rsquo;\u00e9panouit !<\/p>\n<p style=\"text-align: justify;\"><a href=\"http:\/\/lesjardinsdelaroussiere.fr\/wp-content\/uploads\/2014\/02\/13022014_Visite_exploitation_Aurelie_MARSAIS_03.jpg\"><img decoding=\"async\" loading=\"lazy\" class=\"wp-image-5541 aligncenter\" alt=\"13022014_Visite_exploitation_Aurelie_MARSAIS_03\" src=\"http:\/\/lesjardinsdelaroussiere.fr\/wp-content\/uploads\/2014\/02\/13022014_Visite_exploitation_Aurelie_MARSAIS_03.jpg\" width=\"500\" height=\"375\" srcset=\"http:\/\/lesjardinsdelaroussiere.fr\/wp-content\/uploads\/2014\/02\/13022014_Visite_exploitation_Aurelie_MARSAIS_03.jpg 500w, http:\/\/lesjardinsdelaroussiere.fr\/wp-content\/uploads\/2014\/02\/13022014_Visite_exploitation_Aurelie_MARSAIS_03-300x225.jpg 300w, http:\/\/lesjardinsdelaroussiere.fr\/wp-content\/uploads\/2014\/02\/13022014_Visite_exploitation_Aurelie_MARSAIS_03-400x300.jpg 400w\" sizes=\"(max-width: 500px) 100vw, 500px\" \/><\/a>Si pour un \u00e9levage bio de qualit\u00e9, il convent de respecter l&rsquo;espace de vie de l&rsquo;animal, sur ce plan ils sont g\u00e2t\u00e9s !<\/p>\n<p style=\"text-align: justify;\">Pour le reste, il faut une ferme \u00e0 \u00ab\u00a0taille humaine\u00a0\u00bb, \u00e7a semble tout bon, un \u00ab\u00a0sol nourricier pour l&rsquo;\u00e9levage\u00a0\u00bb, bah la terre ne me semble pas si mal d\u2019apr\u00e8s les photos, et s&rsquo;il convient \u00e9galement d&rsquo;avoir de l&rsquo;eau, ils vont \u00eatre servis nos petits cochons !<br \/>Quant \u00e0 l\u2019alimentation d&rsquo;origine v\u00e9g\u00e9tale, gageons que notre productrice suit les pr\u00e9ceptes \u00e0 la lettre !<\/p>\n<p style=\"text-align: justify;\"><a href=\"http:\/\/lesjardinsdelaroussiere.fr\/wp-content\/uploads\/2014\/02\/13022014_Visite_exploitation_Aurelie_MARSAIS_04.jpg\"><img decoding=\"async\" loading=\"lazy\" class=\"size-full wp-image-5542 aligncenter\" alt=\"13022014_Visite_exploitation_Aurelie_MARSAIS_04\" src=\"http:\/\/lesjardinsdelaroussiere.fr\/wp-content\/uploads\/2014\/02\/13022014_Visite_exploitation_Aurelie_MARSAIS_04.jpg\" width=\"500\" height=\"375\" srcset=\"http:\/\/lesjardinsdelaroussiere.fr\/wp-content\/uploads\/2014\/02\/13022014_Visite_exploitation_Aurelie_MARSAIS_04.jpg 500w, http:\/\/lesjardinsdelaroussiere.fr\/wp-content\/uploads\/2014\/02\/13022014_Visite_exploitation_Aurelie_MARSAIS_04-300x225.jpg 300w, http:\/\/lesjardinsdelaroussiere.fr\/wp-content\/uploads\/2014\/02\/13022014_Visite_exploitation_Aurelie_MARSAIS_04-400x300.jpg 400w\" sizes=\"(max-width: 500px) 100vw, 500px\" \/><\/a>L&rsquo;initiative d&rsquo;Aur\u00e9lie s&rsquo;inscrit dans la tendance de l&rsquo;agriculture biologique qui va croissant ces derni\u00e8res ann\u00e9es, et les derniers scandales dans le domaine de la viande ne feront que leur donner raison !<\/p>\n<p style=\"text-align: justify;\"><strong>Entre 2009 et 2012<\/strong>, les cheptels ovins, bovins et porcins bio n&rsquo;ont cess\u00e9 de cro\u00eetre.<br \/>Ils atteignaient <strong>7 321 truies reproductrices<\/strong> et <strong>106 915 porcs charcutiers<\/strong>, soit des <strong>croissances<\/strong> respectives depuis 2011 de <strong>5%<\/strong> et <strong>13%<\/strong> (+50% et +58% par rapport \u00e0 2009).<\/p>\n<p style=\"text-align: justify;\">Fin <strong>2012<\/strong>, on comptait <strong>563 \u00e9levage porcins certifi\u00e9s bio<\/strong>.<\/p>\n<p style=\"text-align: justify;\"><a href=\"http:\/\/lesjardinsdelaroussiere.fr\/wp-content\/uploads\/2014\/02\/15022014_Statistiques_exploitations_porcines_2012.png\"><img decoding=\"async\" loading=\"lazy\" class=\" wp-image-5579 aligncenter\" alt=\"Evolution nombre exploitations et surfaces production bio 2011\" src=\"http:\/\/lesjardinsdelaroussiere.fr\/wp-content\/uploads\/2014\/02\/Evolution_nombre_exploitations_et_surfaces_prod_bio_2011.jpg\" width=\"700\" height=\"385\" srcset=\"http:\/\/lesjardinsdelaroussiere.fr\/wp-content\/uploads\/2014\/02\/Evolution_nombre_exploitations_et_surfaces_prod_bio_2011.jpg 700w, http:\/\/lesjardinsdelaroussiere.fr\/wp-content\/uploads\/2014\/02\/Evolution_nombre_exploitations_et_surfaces_prod_bio_2011-300x165.jpg 300w, http:\/\/lesjardinsdelaroussiere.fr\/wp-content\/uploads\/2014\/02\/Evolution_nombre_exploitations_et_surfaces_prod_bio_2011-600x330.jpg 600w, http:\/\/lesjardinsdelaroussiere.fr\/wp-content\/uploads\/2014\/02\/Evolution_nombre_exploitations_et_surfaces_prod_bio_2011-500x275.jpg 500w\" sizes=\"(max-width: 700px) 100vw, 700px\" \/><img decoding=\"async\" loading=\"lazy\" class=\"size-full wp-image-5577 aligncenter\" alt=\"Statistiques exploitations porcines 2012\" src=\"http:\/\/lesjardinsdelaroussiere.fr\/wp-content\/uploads\/2014\/02\/15022014_Statistiques_exploitations_porcines_2012.png\" width=\"500\" height=\"336\" srcset=\"http:\/\/lesjardinsdelaroussiere.fr\/wp-content\/uploads\/2014\/02\/15022014_Statistiques_exploitations_porcines_2012.png 500w, http:\/\/lesjardinsdelaroussiere.fr\/wp-content\/uploads\/2014\/02\/15022014_Statistiques_exploitations_porcines_2012-300x201.png 300w, http:\/\/lesjardinsdelaroussiere.fr\/wp-content\/uploads\/2014\/02\/15022014_Statistiques_exploitations_porcines_2012-446x300.png 446w\" sizes=\"(max-width: 500px) 100vw, 500px\" \/><\/a>Cependant, comme on peut le constater sur cette carte, les cheptels sont tr\u00e8s in\u00e9galement r\u00e9partis sur le territoire !<\/p>\n<p style=\"text-align: justify;\"><a href=\"http:\/\/lesjardinsdelaroussiere.fr\/wp-content\/uploads\/2014\/02\/15022014_Repartition_cheptel_2012.png\"><img decoding=\"async\" loading=\"lazy\" class=\"size-full wp-image-5575 aligncenter\" alt=\"Repartition cheptel 2012\" src=\"http:\/\/lesjardinsdelaroussiere.fr\/wp-content\/uploads\/2014\/02\/15022014_Repartition_cheptel_2012.png\" width=\"500\" height=\"458\" srcset=\"http:\/\/lesjardinsdelaroussiere.fr\/wp-content\/uploads\/2014\/02\/15022014_Repartition_cheptel_2012.png 500w, http:\/\/lesjardinsdelaroussiere.fr\/wp-content\/uploads\/2014\/02\/15022014_Repartition_cheptel_2012-300x274.png 300w, http:\/\/lesjardinsdelaroussiere.fr\/wp-content\/uploads\/2014\/02\/15022014_Repartition_cheptel_2012-327x300.png 327w\" sizes=\"(max-width: 500px) 100vw, 500px\" \/><\/a>Enfin dernier chiffre int\u00e9ressant, et promis, je ne vous fournis plus d&rsquo;autres statistiques, voici la r\u00e9partition des volumes de viandes par circuit de distribution en 2012 qui selon les autorit\u00e9s reste relativement stable :<\/p>\n<p style=\"text-align: justify;\"><a href=\"http:\/\/lesjardinsdelaroussiere.fr\/wp-content\/uploads\/2014\/02\/15022014_Repartition_volume_viandes_par_circuit_2012.png\"><img decoding=\"async\" loading=\"lazy\" class=\"size-full wp-image-5576 aligncenter\" alt=\"15022014_Repartition_volume_viandes_par_circuit_2012\" src=\"http:\/\/lesjardinsdelaroussiere.fr\/wp-content\/uploads\/2014\/02\/15022014_Repartition_volume_viandes_par_circuit_2012.png\" width=\"550\" height=\"236\" srcset=\"http:\/\/lesjardinsdelaroussiere.fr\/wp-content\/uploads\/2014\/02\/15022014_Repartition_volume_viandes_par_circuit_2012.png 550w, http:\/\/lesjardinsdelaroussiere.fr\/wp-content\/uploads\/2014\/02\/15022014_Repartition_volume_viandes_par_circuit_2012-300x128.png 300w, http:\/\/lesjardinsdelaroussiere.fr\/wp-content\/uploads\/2014\/02\/15022014_Repartition_volume_viandes_par_circuit_2012-500x214.png 500w\" sizes=\"(max-width: 550px) 100vw, 550px\" \/><\/a>Pour ceux qui souhaiteraient en savoir un peu plus sur l&rsquo;\u00e9levage du cochon bio, je vous invite \u00e0 parcourir cet excellent site :<\/p>\n<ul>\n<li><strong><a title=\"Site Porc biologique\" href=\"http:\/\/www.porcbiologique.fr\" target=\"_blank\">http:\/\/www.porcbiologique.fr<\/a><\/strong><\/li>\n<\/ul>\n<p style=\"text-align: justify;\">Par ailleurs,<strong> <a title=\"Brochure Agence Bio \" href=\"http:\/\/www.agencebio.org\/sites\/default\/files\/upload\/documents\/4_Chiffres\/BrochureCC\/CC2013_chap6_Animal.pdf\" target=\"_blank\">la brochure t\u00e9l\u00e9chargeable de l&rsquo;Agence Bio<\/a><\/strong> (<em>\u00e9dition 2013<\/em>) permet de d\u00e9couvrir les chiffres clefs des fili\u00e8res animales bio !<\/p>\n<p style=\"text-align: justify;\">Bon, nous savons que les cochons sont heureux, nous venons de dresser un petit bilan de la production porcine en 2012 (derniers chiffres officiels), mais que va nous proposer notre productrice me direz-vous ?<\/p>\n<p>Eh bien nous aurons la possibilit\u00e9 de choisir entre deux types de conditionnements :<\/p>\n<ul>\n<li>Colis de\u00a0 <strong>6kg<\/strong><\/li>\n<li>Colis de <strong>10 kg<\/strong><\/li>\n<\/ul>\n<p style=\"text-align: justify;\">Sachez que les \u00e9l\u00e9ments du colis seront conditionn\u00e9s sous vide, \u00e9tiquet\u00e9s avec le poids et le nom du morceau, ce qui est une tr\u00e8s int\u00e9ressante initiative permettant de s&rsquo;y retrouver plus facilement lorsque le cong\u00e9lateur commence \u00e0 \u00eatre bien rempli !<\/p>\n<p>Par ailleurs, vous pourrez choisir entre deux compositions de colis :<\/p>\n<ul>\n<li style=\"text-align: justify;\"><strong>Colis classique<\/strong> (10,00 euros \/ kg) : escalopes, saucisses, c\u00f4tes, r\u00f4ti, rouelle, p\u00e2t\u00e9 cru ;<\/li>\n<li style=\"text-align: justify;\"><strong>Colis barbecue<\/strong> (10,50 euros \/ kg ) : escalopes, saucisses, c\u00f4tes, chipolatas aux herbes, p\u00e2t\u00e9 cru.<\/li>\n<\/ul>\n<p style=\"text-align: justify;\">A noter qu&rsquo;un <strong>ch\u00e8que d&rsquo;engagement de 50 euros<\/strong> devra \u00eatre remis \u00e0 la signature du contrat et sera <strong>encaiss\u00e9 1 mois avant la livraison<\/strong>.<br \/>Le solde d\u00fb suivant le poids r\u00e9el, sera remis apr\u00e8s la livraison.<\/p>\n<p style=\"text-align: justify;\">Enfin, concernant les contacts, les envois de commande et les ch\u00e8ques, c&rsquo;est <strong>Delphine GUILBAUD qui sera la tutrice<\/strong> !<\/p>\n<p style=\"text-align: justify;\">Mais vous retrouverez toutes ces informations en d\u00e9tail sur le contrat t\u00e9l\u00e9chargeable<strong><a title=\"Contrat porc 2014\" href=\"http:\/\/lesjardinsdelaroussiere.fr\/wp-content\/uploads\/2014\/02\/Contrat_porc_2014.pdf\"> ici<\/a><\/strong>.<\/p>\n<p style=\"text-align: justify;\">Histoire de se d\u00e9tendre et de garder des informations pour la bonne bouche, voici quelques chiffres qui devraient vous int\u00e9resser&#8230;<\/p>\n<p style=\"text-align: justify;\">Le plus gros cochon du monde : pr\u00e8s d&rsquo;une tonne (900 kg), il s&rsquo;agit de \u00ab\u00a0cochons de Dieu\u00a0\u00bb qui lors d&rsquo;un festival ayant lieu \u00e0 Ta\u00efwan, sont expos\u00e9s apr\u00e8s avoir \u00e9t\u00e9 nourris de force pendant plus de 2 ans !<br \/>Il sont devenus tellement ob\u00e8ses qu&rsquo;ils ne peuvent d&rsquo;ailleurs plus se mouvoir&#8230;<\/p>\n<p style=\"text-align: justify;\"><a href=\"http:\/\/lesjardinsdelaroussiere.fr\/wp-content\/uploads\/2014\/02\/13022014_Cochon_engraisse_Taiwan.jpg\"><img decoding=\"async\" loading=\"lazy\" class=\"wp-image-5545 aligncenter\" alt=\"SONY DSC\" src=\"http:\/\/lesjardinsdelaroussiere.fr\/wp-content\/uploads\/2014\/02\/13022014_Cochon_engraisse_Taiwan.jpg\" width=\"332\" height=\"500\" srcset=\"http:\/\/lesjardinsdelaroussiere.fr\/wp-content\/uploads\/2014\/02\/13022014_Cochon_engraisse_Taiwan.jpg 332w, http:\/\/lesjardinsdelaroussiere.fr\/wp-content\/uploads\/2014\/02\/13022014_Cochon_engraisse_Taiwan-199x300.jpg 199w\" sizes=\"(max-width: 332px) 100vw, 332px\" \/><\/a>Ce rituel qui fait partie des croyances religieuses Hakka est bien \u00e9videmment vivement critiqu\u00e9 par les organisations de d\u00e9fense des animaux et l&rsquo;on mesure bien la diff\u00e9rence avec nos bons cochons bio \u00e0 la vie bien plus \u00ab\u00a0plaisante\u00a0\u00bb m\u00eame si le sort reste le m\u00eame&#8230;<\/p>\n<p style=\"text-align: justify;\">Inversement, les plus petits cochons du monde se trouvent en Asie \u00e9galement, ce sont des cochons \u00ab\u00a0pygm\u00e9es\u00a0\u00bb qui mesurent \u00e0 peine 25 cm et p\u00e8sent entre\u00a0 8 et 9 kg \u00e0 l&rsquo;\u00e2ge adulte !<\/p>\n<p style=\"text-align: left;\"><a href=\"http:\/\/lesjardinsdelaroussiere.fr\/wp-content\/uploads\/2014\/02\/13022014_Pygmy_Hog_India.jpg\"><img decoding=\"async\" loading=\"lazy\" class=\"size-full wp-image-5546 aligncenter\" alt=\"13022014_Pygmy_Hog_India\" src=\"http:\/\/lesjardinsdelaroussiere.fr\/wp-content\/uploads\/2014\/02\/13022014_Pygmy_Hog_India.jpg\" width=\"500\" height=\"391\" srcset=\"http:\/\/lesjardinsdelaroussiere.fr\/wp-content\/uploads\/2014\/02\/13022014_Pygmy_Hog_India.jpg 500w, http:\/\/lesjardinsdelaroussiere.fr\/wp-content\/uploads\/2014\/02\/13022014_Pygmy_Hog_India-300x234.jpg 300w, http:\/\/lesjardinsdelaroussiere.fr\/wp-content\/uploads\/2014\/02\/13022014_Pygmy_Hog_India-383x300.jpg 383w\" sizes=\"(max-width: 500px) 100vw, 500px\" \/><\/a>A tr\u00e8s bient\u00f4t pour les nouvelles,<\/p>\n<p style=\"text-align: left;\"><span style=\"font-size: x-small;\"><em><strong>Le webmaster.<\/strong><\/em><\/span><\/p>\n","protected":false},"excerpt":{"rendered":"<p>Bonjour \u00e0 toutes et \u00e0 tous ! Comme nous l\u2019annoncions dans le pr\u00e9c\u00e9dent article d\u00e9di\u00e9 \u00e0 la derni\u00e8re Assembl\u00e9e G\u00e9n\u00e9rale, nous accueillons une nouvelle productrice, Aur\u00e9lie MARSAIS, \u00e9levant le cochon bio ! Il est clair que le mot m\u00eame, de &hellip; <a href=\"https:\/\/www.lesjardinsdelaroussiere.fr\/?p=5537\">Continuer la lecture <span class=\"meta-nav\">&rarr;<\/span><\/a><\/p>\n","protected":false},"author":2,"featured_media":0,"comment_status":"closed","ping_status":"open","sticky":false,"template":"","format":"standard","meta":[],"categories":[148,6],"tags":[279,282,284,278,281,285,276,280,283],"views":4069,"_links":{"self":[{"href":"https:\/\/www.lesjardinsdelaroussiere.fr\/index.php?rest_route=\/wp\/v2\/posts\/5537"}],"collection":[{"href":"https:\/\/www.lesjardinsdelaroussiere.fr\/index.php?rest_route=\/wp\/v2\/posts"}],"about":[{"href":"https:\/\/www.lesjardinsdelaroussiere.fr\/index.php?rest_route=\/wp\/v2\/types\/post"}],"author":[{"embeddable":true,"href":"https:\/\/www.lesjardinsdelaroussiere.fr\/index.php?rest_route=\/wp\/v2\/users\/2"}],"replies":[{"embeddable":true,"href":"https:\/\/www.lesjardinsdelaroussiere.fr\/index.php?rest_route=%2Fwp%2Fv2%2Fcomments&post=5537"}],"version-history":[{"count":24,"href":"https:\/\/www.lesjardinsdelaroussiere.fr\/index.php?rest_route=\/wp\/v2\/posts\/5537\/revisions"}],"predecessor-version":[{"id":5595,"href":"https:\/\/www.lesjardinsdelaroussiere.fr\/index.php?rest_route=\/wp\/v2\/posts\/5537\/revisions\/5595"}],"wp:attachment":[{"href":"https:\/\/www.lesjardinsdelaroussiere.fr\/index.php?rest_route=%2Fwp%2Fv2%2Fmedia&parent=5537"}],"wp:term":[{"taxonomy":"category","embeddable":true,"href":"https:\/\/www.lesjardinsdelaroussiere.fr\/index.php?rest_route=%2Fwp%2Fv2%2Fcategories&post=5537"},{"taxonomy":"post_tag","embeddable":true,"href":"https:\/\/www.lesjardinsdelaroussiere.fr\/index.php?rest_route=%2Fwp%2Fv2%2Ftags&post=5537"}],"curies":[{"name":"wp","href":"https:\/\/api.w.org\/{rel}","templated":true}]}}