{"id":5528,"date":"2014-02-11T19:18:13","date_gmt":"2014-02-11T18:18:13","guid":{"rendered":"http:\/\/www.lesjardinsdelaroussiere.fr\/?p=5528"},"modified":"2014-02-16T20:52:59","modified_gmt":"2014-02-16T19:52:59","slug":"pluie-pluie-pluie-assemblee-generale-pluie","status":"publish","type":"post","link":"https:\/\/www.lesjardinsdelaroussiere.fr\/?p=5528","title":{"rendered":"Pluie, pluie, pluie, Assembl\u00e9e G\u00e9n\u00e9rale, pluie&#8230; !"},"content":{"rendered":"<p>Bonjour \u00e0 toutes et \u00e0 tous,<\/p>\n<p style=\"text-align: justify;\">2013 avait connu un d\u00e9but d&rsquo;ann\u00e9e \u00ab\u00a0pourri\u00a0\u00bb, la cuv\u00e9e 2014 semble bien partie pour \u00eatre encore plus humide !<\/p>\n<p style=\"text-align: justify;\"><a href=\"http:\/\/lesjardinsdelaroussiere.fr\/wp-content\/uploads\/2014\/02\/Pluie.jpg\"><img decoding=\"async\" loading=\"lazy\" class=\"size-full wp-image-5559 alignleft\" title=\"Pluie\" alt=\"Pluie\" src=\"http:\/\/lesjardinsdelaroussiere.fr\/wp-content\/uploads\/2014\/02\/Pluie.jpg\" width=\"440\" height=\"250\" srcset=\"http:\/\/lesjardinsdelaroussiere.fr\/wp-content\/uploads\/2014\/02\/Pluie.jpg 440w, http:\/\/lesjardinsdelaroussiere.fr\/wp-content\/uploads\/2014\/02\/Pluie-300x170.jpg 300w\" sizes=\"(max-width: 440px) 100vw, 440px\" \/><\/a>Paradoxalement, ce mois de Janvier a \u00e9t\u00e9 le plus chaud observ\u00e9 depuis 1900, \u00e0 \u00e9galit\u00e9 avec 1936 et 1988 d&rsquo;apr\u00e8s les statistiques de M\u00e9t\u00e9o France !<br \/>S&rsquo;il est une chose dont on peut \u00eatre s\u00fbr, c&rsquo;est que nous ne manquerons pas d&rsquo;eau pour cet \u00e9t\u00e9, car les pr\u00e9cipitations ont \u00e9t\u00e9 de 40% sup\u00e9rieures \u00e0 la normale, n\u00e9anmoins, cela risque de compliquer quelque peu le travail de nos amis producteurs pour qui, lorsqu&rsquo;il y a exc\u00e8s, cela n&rsquo;est jamais vraiment une bonne nouvelle&#8230;<!--more--><\/p>\n<p style=\"text-align: justify;\">On en viendrait presque \u00e0 regretter les rigueurs et son temps sec !<\/p>\n<p style=\"text-align: justify;\">Malgr\u00e9 tout la vie continue, et nous sommes heureux de retrouver tous nos fid\u00e8les AMAPiens !<\/p>\n<p style=\"text-align: justify;\">Comme cela avait \u00e9t\u00e9 rappel\u00e9 lors de notre derni\u00e8re Newsletter, le vendredi 24 Janvier s&rsquo;est tenue l&rsquo;Assembl\u00e9e G\u00e9n\u00e9rale, salle de la Maison du Parc.<\/p>\n<p>Une soixantaine de personnes \u00e9taient pr\u00e9sentes pour cette \u00ab\u00a0\u00e9dition 2014\u00a0\u00bb.<\/p>\n<p>Cette assembl\u00e9e a permis de faire le bilan de l&rsquo;ann\u00e9e 2013.<\/p>\n<p><a href=\"http:\/\/lesjardinsdelaroussiere.fr\/wp-content\/uploads\/2014\/02\/Bar_a_mome_015.jpg\"><img decoding=\"async\" loading=\"lazy\" class=\"size-full wp-image-5530 aligncenter\" alt=\"Assembl\u00e9e G\u00e9n\u00e9rale Janvier 2014\" src=\"http:\/\/lesjardinsdelaroussiere.fr\/wp-content\/uploads\/2014\/02\/Bar_a_mome_015.jpg\" width=\"500\" height=\"339\" srcset=\"http:\/\/lesjardinsdelaroussiere.fr\/wp-content\/uploads\/2014\/02\/Bar_a_mome_015.jpg 500w, http:\/\/lesjardinsdelaroussiere.fr\/wp-content\/uploads\/2014\/02\/Bar_a_mome_015-300x203.jpg 300w, http:\/\/lesjardinsdelaroussiere.fr\/wp-content\/uploads\/2014\/02\/Bar_a_mome_015-442x300.jpg 442w\" sizes=\"(max-width: 500px) 100vw, 500px\" \/><\/a>Rappelons toutefois quelques \u00e9l\u00e9ments essentiels :<\/p>\n<ul>\n<li style=\"text-align: justify;\"><strong>Une AMAP est un collectif<\/strong> form\u00e9 de consommateurs et de paysans engag\u00e9s dans un partenariat solidaire.<\/li>\n<li style=\"text-align: justify;\">Dans une AMAP, <strong>un producteur va livrer des denr\u00e9es<\/strong> \u00e0 un AMAPien, cet acte s&rsquo;appelle une \u00ab\u00a0<strong>livraison<\/strong>\u00ab\u00a0.<\/li>\n<li style=\"text-align: justify;\">Ainsi,<strong> il n&rsquo;y a pas d&rsquo;\u00e9changes de num\u00e9raires lors de la livraison<\/strong> comme lors d&rsquo;une transaction classique de producteur ou d\u00e9taillant \u00e0 consommateur puisque les produits ont \u00e9t\u00e9 financ\u00e9s en amont.<\/li>\n<\/ul>\n<p>Un petit rappel en chiffres et en informations de l&rsquo;ann\u00e9e 2013 :<\/p>\n<ul>\n<li style=\"text-align: justify;\">Statistiques : au 31 D\u00e9cembre 2013, nous \u00e9tions <strong>98 adh\u00e9rents, et 10 producteurs<\/strong>.<\/li>\n<li style=\"text-align: justify;\">Le \u00ab\u00a0<strong>petit nouveau<\/strong>\u00a0\u00bb de 2013 \u00e9tait <strong>Jean-Baptiste<\/strong> qui produit la <strong>bi\u00e8re de Bouchemaine.<\/strong><\/li>\n<li>L&rsquo;AMAP a particip\u00e9 au <strong>forum des associations<\/strong><\/li>\n<li>Mise en place d&rsquo;une <strong>newsletter<\/strong> afin de communiquer des informations essentielles en compl\u00e9ment du site.<\/li>\n<\/ul>\n<p style=\"text-align: justify;\">Un petit bilan de sant\u00e9 de notre AMAP : <strong>un solde d\u00e9ficitaire sur l&rsquo;ann\u00e9e<\/strong> ( &#8211; 86,00 euros), est \u00e0 noter, il est toutefois <strong>compens\u00e9 par une tr\u00e9sorerie favorable les ann\u00e9es pass\u00e9es<\/strong>, cependant, nous rappelons que pour que cela perdure, il convient pour chaque adh\u00e9rent de payer sa cotisation annuelle de 5 euros !<\/p>\n<p>Apr\u00e8s ces bonnes nouvelles, que nous r\u00e9serve l&rsquo;ann\u00e9e 2014, me direz-vous ?<\/p>\n<p style=\"text-align: justify;\">Commen\u00e7ons par le bureau.<\/p>\n<p style=\"text-align: justify;\">Se repr\u00e9sentent :<\/p>\n<ul>\n<li><strong>Evelyne LAMBERT, <\/strong><\/li>\n<li><strong>Michel LEBRETON, <\/strong><\/li>\n<li><strong>C\u00e9cile LANDREAU, <\/strong><\/li>\n<li><strong>R\u00e9mi GUISNEL, <\/strong><\/li>\n<li><strong>Catherine CERTAIN, <\/strong><\/li>\n<li><strong>Luc et Nathalie MARTIN, <\/strong><\/li>\n<li><strong>Alice EVAIN, <\/strong><\/li>\n<li><strong>Magalie CONGNARD <\/strong><\/li>\n<li><strong>Dominique<\/strong> <strong>REZE<\/strong><\/li>\n<\/ul>\n<p style=\"text-align: justify;\">A ces membres de l&rsquo;ann\u00e9e 2013, il convient de rajouter :<\/p>\n<ul>\n<li><strong>Natacha TRESSERRAS, <\/strong><\/li>\n<li><strong>Delphine GUILBAUD, <\/strong><\/li>\n<li><strong>Christine COTTREL<\/strong>.<\/li>\n<\/ul>\n<p>Tous ont \u00e9t\u00e9 \u00e9lus \u00e0 l&rsquo;unanimit\u00e9 des adh\u00e9rents pr\u00e9sents \u00e0 l&rsquo;Assembl\u00e9e G\u00e9n\u00e9rale !<\/p>\n<p style=\"text-align: justify;\">Concernant les producteurs, bonne nouvelle, un nouveau venu, \u00ab\u00a0une\u00a0\u00bb devrais-je dire, en la personne d&rsquo;<a title=\"Article &quot;Tout est bon dans le cochon !&quot;\" href=\"http:\/\/www.lesjardinsdelaroussiere.fr\/?p=5537\" target=\"_blank\"><strong>Aur\u00e9lie MARSAIS<\/strong>, qui nous propose du&#8230; <strong>porc bio<\/strong><\/a> !<\/p>\n<p>La <strong>premi\u00e8re livraison<\/strong> aura lieu ; notez le bien dans vos agendas ; <strong>le 13 Mars 2014<\/strong>.<\/p>\n<p style=\"text-align: justify;\">Un dernier mot concernant le spectacle annonc\u00e9 dans la newsletter, celui de la compagnie \u00ab\u00a0<strong>le bar \u00e0 m\u00f4mes<\/strong>\u00a0\u00bb : bon choix car le spectacle a \u00e9t\u00e9 beaucoup appr\u00e9ci\u00e9 et a semble t&rsquo;il bien fait rire tous les participants !<\/p>\n<p>Voici quelques images prises lors du spectacle (<em>merci Dominique<\/em>):<\/p>\n<p><a href=\"http:\/\/lesjardinsdelaroussiere.fr\/wp-content\/uploads\/2014\/02\/Bar_a_mome_047.jpg\"><img decoding=\"async\" loading=\"lazy\" class=\"size-full wp-image-5531 aligncenter\" alt=\"Spectacle Bar \u00e0 m\u00f4mes 01\" src=\"http:\/\/lesjardinsdelaroussiere.fr\/wp-content\/uploads\/2014\/02\/Bar_a_mome_022.jpg\" width=\"405\" height=\"500\" srcset=\"http:\/\/lesjardinsdelaroussiere.fr\/wp-content\/uploads\/2014\/02\/Bar_a_mome_022.jpg 405w, http:\/\/lesjardinsdelaroussiere.fr\/wp-content\/uploads\/2014\/02\/Bar_a_mome_022-243x300.jpg 243w\" sizes=\"(max-width: 405px) 100vw, 405px\" \/><img decoding=\"async\" loading=\"lazy\" class=\"size-full wp-image-5532 aligncenter\" alt=\"Spectacle Bar \u00e0 m\u00f4mes 02\" src=\"http:\/\/lesjardinsdelaroussiere.fr\/wp-content\/uploads\/2014\/02\/Bar_a_mome_031.jpg\" width=\"500\" height=\"331\" srcset=\"http:\/\/lesjardinsdelaroussiere.fr\/wp-content\/uploads\/2014\/02\/Bar_a_mome_031.jpg 500w, http:\/\/lesjardinsdelaroussiere.fr\/wp-content\/uploads\/2014\/02\/Bar_a_mome_031-300x198.jpg 300w, http:\/\/lesjardinsdelaroussiere.fr\/wp-content\/uploads\/2014\/02\/Bar_a_mome_031-453x300.jpg 453w\" sizes=\"(max-width: 500px) 100vw, 500px\" \/><img decoding=\"async\" loading=\"lazy\" class=\"size-full wp-image-5533 aligncenter\" alt=\"Spectacle Bar \u00e0 m\u00f4mes 03\" src=\"http:\/\/lesjardinsdelaroussiere.fr\/wp-content\/uploads\/2014\/02\/Bar_a_mome_047.jpg\" width=\"500\" height=\"325\" srcset=\"http:\/\/lesjardinsdelaroussiere.fr\/wp-content\/uploads\/2014\/02\/Bar_a_mome_047.jpg 500w, http:\/\/lesjardinsdelaroussiere.fr\/wp-content\/uploads\/2014\/02\/Bar_a_mome_047-300x195.jpg 300w, http:\/\/lesjardinsdelaroussiere.fr\/wp-content\/uploads\/2014\/02\/Bar_a_mome_047-461x300.jpg 461w\" sizes=\"(max-width: 500px) 100vw, 500px\" \/><\/a>Voil\u00e0, nous vous disons \u00e0 tr\u00e8s bient\u00f4t !<\/p>\n<p><em><strong><span style=\"font-size: small;\">Le webmaster<\/span><\/strong><\/em>.<\/p>\n","protected":false},"excerpt":{"rendered":"<p>Bonjour \u00e0 toutes et \u00e0 tous, 2013 avait connu un d\u00e9but d&rsquo;ann\u00e9e \u00ab\u00a0pourri\u00a0\u00bb, la cuv\u00e9e 2014 semble bien partie pour \u00eatre encore plus humide ! Paradoxalement, ce mois de Janvier a \u00e9t\u00e9 le plus chaud observ\u00e9 depuis 1900, \u00e0 \u00e9galit\u00e9 &hellip; <a href=\"https:\/\/www.lesjardinsdelaroussiere.fr\/?p=5528\">Continuer la lecture <span class=\"meta-nav\">&rarr;<\/span><\/a><\/p>\n","protected":false},"author":2,"featured_media":0,"comment_status":"closed","ping_status":"open","sticky":false,"template":"","format":"standard","meta":[],"categories":[3,6],"tags":[272,14,274,271,273,277,275,276],"views":5138,"_links":{"self":[{"href":"https:\/\/www.lesjardinsdelaroussiere.fr\/index.php?rest_route=\/wp\/v2\/posts\/5528"}],"collection":[{"href":"https:\/\/www.lesjardinsdelaroussiere.fr\/index.php?rest_route=\/wp\/v2\/posts"}],"about":[{"href":"https:\/\/www.lesjardinsdelaroussiere.fr\/index.php?rest_route=\/wp\/v2\/types\/post"}],"author":[{"embeddable":true,"href":"https:\/\/www.lesjardinsdelaroussiere.fr\/index.php?rest_route=\/wp\/v2\/users\/2"}],"replies":[{"embeddable":true,"href":"https:\/\/www.lesjardinsdelaroussiere.fr\/index.php?rest_route=%2Fwp%2Fv2%2Fcomments&post=5528"}],"version-history":[{"count":13,"href":"https:\/\/www.lesjardinsdelaroussiere.fr\/index.php?rest_route=\/wp\/v2\/posts\/5528\/revisions"}],"predecessor-version":[{"id":5594,"href":"https:\/\/www.lesjardinsdelaroussiere.fr\/index.php?rest_route=\/wp\/v2\/posts\/5528\/revisions\/5594"}],"wp:attachment":[{"href":"https:\/\/www.lesjardinsdelaroussiere.fr\/index.php?rest_route=%2Fwp%2Fv2%2Fmedia&parent=5528"}],"wp:term":[{"taxonomy":"category","embeddable":true,"href":"https:\/\/www.lesjardinsdelaroussiere.fr\/index.php?rest_route=%2Fwp%2Fv2%2Fcategories&post=5528"},{"taxonomy":"post_tag","embeddable":true,"href":"https:\/\/www.lesjardinsdelaroussiere.fr\/index.php?rest_route=%2Fwp%2Fv2%2Ftags&post=5528"}],"curies":[{"name":"wp","href":"https:\/\/api.w.org\/{rel}","templated":true}]}}