{"id":5434,"date":"2013-11-09T13:29:50","date_gmt":"2013-11-09T12:29:50","guid":{"rendered":"http:\/\/www.lesjardinsdelaroussiere.fr\/?p=5434"},"modified":"2013-11-12T15:42:57","modified_gmt":"2013-11-12T14:42:57","slug":"biere-de-noel-et-surprise","status":"publish","type":"post","link":"https:\/\/www.lesjardinsdelaroussiere.fr\/?p=5434","title":{"rendered":"Bi\u00e8re de No\u00ebl et surprise&#8230;"},"content":{"rendered":"<p>Bonjour \u00e0 toutes et \u00e0 tous,<\/p>\n<p style=\"text-align: justify;\">No\u00ebl approche, et bien \u00e9videmment dans le domaine du brassage de la bi\u00e8re, on pense tout de suite aux cuv\u00e9es sp\u00e9ciales qui accompagnent cette p\u00e9riode de festivit\u00e9s !<\/p>\n<p style=\"text-align: justify;\"><a href=\"http:\/\/lesjardinsdelaroussiere.fr\/wp-content\/uploads\/2013\/11\/12112013_Logo_vintage_brasserie.png\"><img decoding=\"async\" loading=\"lazy\" class=\" wp-image-5439 alignleft\" alt=\"Logo vintage brasserie artisanale Bouchemaine\" src=\"http:\/\/lesjardinsdelaroussiere.fr\/wp-content\/uploads\/2013\/11\/12112013_Logo_vintage_brasserie-150x150.png\" width=\"120\" height=\"120\" \/><\/a>Sachez que, pour la petite histoire, \u00e0 l&rsquo;origine, cette fameuse \u00ab\u00a0<strong>bi\u00e8re de saison<\/strong>\u00a0\u00bb correspondait \u00e0 la fin des r\u00e9coltes et avait pour but de vendre les stocks dans les brasseries du Nord de l&rsquo;Europe.<br \/>Les derni\u00e8res r\u00e9serves de houblon et d&rsquo;orge \u00e9taient ainsi utilis\u00e9es pour confectionner cette \u00ab\u00a0<strong>bi\u00e8re d&rsquo;octobre<\/strong>\u00ab\u00a0, mais sa consommation \u00e9tait destin\u00e9e pour la fin de l&rsquo;ann\u00e9e !<br \/>Les contraintes de l&rsquo;\u00e9poque (conservation et transport) ont bien \u00e9videmment disparu, mais la tradition a perdur\u00e9 pour le plus grand plaisir des amateurs de bonnes bi\u00e8res !<\/p>\n<p style=\"text-align: justify;\">Les industriels rivalisent de nouveaut\u00e9s afin de s&rsquo;imposer vis \u00e0 vis de la concurrence mais aussi pour lutter contre la lente \u00e9rosion des ventes (-30%) depuis un peu plus de 30 ans.<br \/>Les Fran\u00e7ais sont d&rsquo;ailleurs consid\u00e9r\u00e9s comme de \u00ab\u00a0petits\u00a0\u00bb buveurs de bi\u00e8res avec un modeste 30 litres par an, loin derri\u00e8re nos amis d&rsquo;outre Rhin qui pendant ce temps consomment plus de 100 litres par an et m\u00eame&#8230; 135 pour nos amis tch\u00e8ques !<\/p>\n<p style=\"text-align: justify;\">Les bi\u00e8res dites de sp\u00e9cialit\u00e9, plus aromatis\u00e9es et plus ch\u00e8res sont donc devenues l&rsquo;un des chevaux de bataille des brasseurs aux c\u00f4t\u00e9s des bi\u00e8res dites de soif.<!--more--><\/p>\n<p style=\"text-align: justify;\">Pour ne rien arranger, Il ne faut pas oublier non plus que c&rsquo;est un produit qualifi\u00e9 de \u00ab\u00a0m\u00e9t\u00e9o sensible\u00a0\u00bb, et donc, \u00e0 ce titre, les ventes sont tr\u00e8s tributaires des conditions m\u00e9t\u00e9orologiques qui n&rsquo;ont d&rsquo;ailleurs gu\u00e8re \u00e9t\u00e9 propices pendant le premier semestre 2013&#8230;<\/p>\n<p style=\"text-align: justify;\">Mais revenons du c\u00f4t\u00e9 de notre ch\u00e8re AMAP o\u00f9, bonne nouvelle,\u00a0 le brassin de No\u00ebl a \u00e9t\u00e9 mis en bouteille, mais, mauvaise nouvelle, il n&rsquo;y en aura pas pour tout le monde !<\/p>\n<p style=\"text-align: justify;\">En effet, <strong>seuls 1000 exemplaires seront disponibles<\/strong> pour ce brassin unique.<br \/>Cette ann\u00e9e <strong>la bi\u00e8re de No\u00ebl sera une bi\u00e8re blonde \u00e0 5.5% d&rsquo;alcool<\/strong>.<\/p>\n<p style=\"text-align: justify;\">Vous retrouverez 4 malts diff\u00e9rents, et <strong>un ingr\u00e9dient surprise<\/strong>&#8230;.<\/p>\n<p style=\"text-align: justify;\">La <strong>sortie est pr\u00e9vue pour d\u00e9but D\u00e9cembre<\/strong>, pile poil pour la distribution de l&rsquo;AMAP alors ne manquez pas ce rendez-vous si vous appr\u00e9ciez les bi\u00e8res de notre ami brasseur <strong>Jean-Baptiste LECLERCQ<\/strong> !<\/p>\n<p style=\"text-align: justify;\">Pour ceux qui n&rsquo;auraient pas lu notre article sur l&rsquo;arriv\u00e9e de Jean-Baptiste au sein de l&rsquo;AMAP, <strong><a title=\"Lien vers l'article consacr\u00e9 \u00e0 Jean-Baptiste LECLERCQ\" href=\"http:\/\/www.lesjardinsdelaroussiere.fr\/?p=5266\">voici le lien<\/a><\/strong> ainsi que le site tout beau tout nouveau de la <strong><a title=\"Site officiel de La Belle de maine\" href=\"http:\/\/www.belledemaine.fr\/\" target=\"_blank\">Belle de Maine<\/a><\/strong>.<\/p>\n<p><a href=\"http:\/\/lesjardinsdelaroussiere.fr\/wp-content\/uploads\/2013\/11\/10112013_Flyer_Belledemaine_web_2013.jpg\"><img decoding=\"async\" loading=\"lazy\" class=\" wp-image-5435 aligncenter\" alt=\"Flyer Belle de Maine 2013\" src=\"http:\/\/lesjardinsdelaroussiere.fr\/wp-content\/uploads\/2013\/11\/10112013_Flyer_Belledemaine_web_2013.jpg\" width=\"479\" height=\"500\" srcset=\"http:\/\/lesjardinsdelaroussiere.fr\/wp-content\/uploads\/2013\/11\/10112013_Flyer_Belledemaine_web_2013.jpg 579w, http:\/\/lesjardinsdelaroussiere.fr\/wp-content\/uploads\/2013\/11\/10112013_Flyer_Belledemaine_web_2013-286x300.jpg 286w\" sizes=\"(max-width: 479px) 100vw, 479px\" \/><\/a><i>Le Webmaster.<\/i><\/p>\n","protected":false},"excerpt":{"rendered":"<p>Bonjour \u00e0 toutes et \u00e0 tous, No\u00ebl approche, et bien \u00e9videmment dans le domaine du brassage de la bi\u00e8re, on pense tout de suite aux cuv\u00e9es sp\u00e9ciales qui accompagnent cette p\u00e9riode de festivit\u00e9s ! Sachez que, pour la petite histoire, &hellip; <a href=\"https:\/\/www.lesjardinsdelaroussiere.fr\/?p=5434\">Continuer la lecture <span class=\"meta-nav\">&rarr;<\/span><\/a><\/p>\n","protected":false},"author":2,"featured_media":0,"comment_status":"closed","ping_status":"open","sticky":false,"template":"","format":"standard","meta":[],"categories":[6],"tags":[268,267,269],"views":2173,"_links":{"self":[{"href":"https:\/\/www.lesjardinsdelaroussiere.fr\/index.php?rest_route=\/wp\/v2\/posts\/5434"}],"collection":[{"href":"https:\/\/www.lesjardinsdelaroussiere.fr\/index.php?rest_route=\/wp\/v2\/posts"}],"about":[{"href":"https:\/\/www.lesjardinsdelaroussiere.fr\/index.php?rest_route=\/wp\/v2\/types\/post"}],"author":[{"embeddable":true,"href":"https:\/\/www.lesjardinsdelaroussiere.fr\/index.php?rest_route=\/wp\/v2\/users\/2"}],"replies":[{"embeddable":true,"href":"https:\/\/www.lesjardinsdelaroussiere.fr\/index.php?rest_route=%2Fwp%2Fv2%2Fcomments&post=5434"}],"version-history":[{"count":5,"href":"https:\/\/www.lesjardinsdelaroussiere.fr\/index.php?rest_route=\/wp\/v2\/posts\/5434\/revisions"}],"predecessor-version":[{"id":5442,"href":"https:\/\/www.lesjardinsdelaroussiere.fr\/index.php?rest_route=\/wp\/v2\/posts\/5434\/revisions\/5442"}],"wp:attachment":[{"href":"https:\/\/www.lesjardinsdelaroussiere.fr\/index.php?rest_route=%2Fwp%2Fv2%2Fmedia&parent=5434"}],"wp:term":[{"taxonomy":"category","embeddable":true,"href":"https:\/\/www.lesjardinsdelaroussiere.fr\/index.php?rest_route=%2Fwp%2Fv2%2Fcategories&post=5434"},{"taxonomy":"post_tag","embeddable":true,"href":"https:\/\/www.lesjardinsdelaroussiere.fr\/index.php?rest_route=%2Fwp%2Fv2%2Ftags&post=5434"}],"curies":[{"name":"wp","href":"https:\/\/api.w.org\/{rel}","templated":true}]}}