{"id":5423,"date":"2013-11-10T10:01:57","date_gmt":"2013-11-10T09:01:57","guid":{"rendered":"http:\/\/www.lesjardinsdelaroussiere.fr\/?p=5423"},"modified":"2013-11-17T18:57:39","modified_gmt":"2013-11-17T17:57:39","slug":"synthese-de-la-saison-2013-par-severine","status":"publish","type":"post","link":"https:\/\/www.lesjardinsdelaroussiere.fr\/?p=5423","title":{"rendered":"Synth\u00e8se de la saison 2013 par S\u00e9verine"},"content":{"rendered":"<p>Bonjour \u00e0 toutes et \u00e0 tous,<\/p>\n<p style=\"text-align: justify;\">Cette saison d&rsquo;\u00e9t\u00e9 a encore une fois \u00e9t\u00e9 compliqu\u00e9e mais n&rsquo;est ce pas le propre de l&rsquo;agriculteur que de s&rsquo;adapter aux conditions climatiques&#8230; et \u00e0 ses amapiens de le comprendre&#8230;<\/p>\n<p style=\"text-align: justify;\">Je tire encore des le\u00e7ons des 3 ann\u00e9es pass\u00e9es, <strong>manque de haricots verts et d&rsquo;aubergines<\/strong>, c&rsquo;est certain; <strong>les l\u00e9gumes fruits ont tard\u00e9 mais ont \u00e9t\u00e9 pr\u00e9sents jusqu&rsquo;\u00e0 fin octobre<\/strong> (mention sp\u00e9ciale aux concombres que vous savez maintenant cuisiner sous toutes ses formes. <br \/><a href=\"http:\/\/lesjardinsdelaroussiere.fr\/wp-content\/uploads\/2011\/09\/Concombre.jpg\"><img decoding=\"async\" loading=\"lazy\" class=\"size-full wp-image-440 alignleft\" alt=\"Concombre\" src=\"http:\/\/lesjardinsdelaroussiere.fr\/wp-content\/uploads\/2011\/09\/Concombre.jpg\" width=\"150\" height=\"96\" \/><\/a>Je tiens \u00e0 signaler aux nouveaux adh\u00e9rents que le plant de concombre est fragile et que je plante toujours un pourcentage suppl\u00e9mentaire et que chaque ann\u00e9e depuis le d\u00e9but, les plants restent sains&#8230;).<\/p>\n<p style=\"text-align: justify;\">Vos commentaires sur les productions et la diversit\u00e9 sont toujours les bienvenus, n&rsquo;h\u00e9sitez pas \u00e0&#8230;<!--more-->me faire partager vos d\u00e9ceptions ou vos petits plaisirs&#8230;<\/p>\n<p style=\"text-align: justify;\">Pour cet hiver, <strong>les courges ont \u00e9t\u00e9 g\u00e9n\u00e9reuses<\/strong>, les pommes de terre bien soign\u00e9es vous seront livr\u00e9es chaque semaine, avec en prime, des primeurs que je cultiverai sous (ma nouvelle) serre pour les mois d&rsquo;avril\/ mai.<\/p>\n<p style=\"text-align: justify;\"><strong>Les carottes vont manquer<\/strong>, c&rsquo;est une de mes faiblesses, le d\u00e9sherbage en temps et en heure laisse \u00e0 d\u00e9sirer, je cherche des solutions&#8230; et <strong>les 10 000 poireaux bichonn\u00e9s devraient satisfaire nos besoins jusqu&rsquo;au printemps<\/strong>.<\/p>\n<p style=\"text-align: center;\"><a href=\"http:\/\/lesjardinsdelaroussiere.fr\/wp-content\/uploads\/2013\/11\/12112013_poireaux.jpg\"><img decoding=\"async\" loading=\"lazy\" class=\"size-medium wp-image-5427 aligncenter\" alt=\"Poireaux\" src=\"http:\/\/lesjardinsdelaroussiere.fr\/wp-content\/uploads\/2013\/11\/12112013_poireaux-300x111.jpg\" width=\"300\" height=\"111\" srcset=\"http:\/\/lesjardinsdelaroussiere.fr\/wp-content\/uploads\/2013\/11\/12112013_poireaux-300x111.jpg 300w, http:\/\/lesjardinsdelaroussiere.fr\/wp-content\/uploads\/2013\/11\/12112013_poireaux.jpg 498w\" sizes=\"(max-width: 300px) 100vw, 300px\" \/><\/a><\/p>\n<p style=\"text-align: justify;\">Et toujours les betteraves, les \u00e9pinards, les choux raves, les c\u00e9l\u00e9ris, les p\u00e9-tsa\u00ef, les radis, les salades, la m\u00e2che et la roquette, les blettes&#8230;<\/p>\n<div id=\"attachment_5426\" style=\"width: 226px\" class=\"wp-caption aligncenter\"><a href=\"http:\/\/lesjardinsdelaroussiere.fr\/wp-content\/uploads\/2013\/11\/12112013_Pe_Tsai_chou_chinois.jpg\"><img aria-describedby=\"caption-attachment-5426\" decoding=\"async\" loading=\"lazy\" class=\"wp-image-5426 \" title=\"Pe Tsai ou chou chinois\" alt=\"Pe Tsai ou chou chinois\" src=\"http:\/\/lesjardinsdelaroussiere.fr\/wp-content\/uploads\/2013\/11\/12112013_Pe_Tsai_chou_chinois.jpg\" width=\"216\" height=\"166\" srcset=\"http:\/\/lesjardinsdelaroussiere.fr\/wp-content\/uploads\/2013\/11\/12112013_Pe_Tsai_chou_chinois.jpg 450w, http:\/\/lesjardinsdelaroussiere.fr\/wp-content\/uploads\/2013\/11\/12112013_Pe_Tsai_chou_chinois-300x231.jpg 300w, http:\/\/lesjardinsdelaroussiere.fr\/wp-content\/uploads\/2013\/11\/12112013_Pe_Tsai_chou_chinois-389x300.jpg 389w\" sizes=\"(max-width: 216px) 100vw, 216px\" \/><\/a><p id=\"caption-attachment-5426\" class=\"wp-caption-text\">P\u00e9-tsa\u00ef (chou chinois)<\/p><\/div>\n<p style=\"text-align: justify;\">Pas de nouveaux investissements cette ann\u00e9e, je vais tester ce premier printemps avec ma nouvelle serre, et r\u00e9ajuster au besoin.<\/p>\n<p style=\"text-align: justify;\"><strong>Je cherche toujours des id\u00e9es pour combler la baisse de production des mois d&rsquo;avril\/ mai\/ juin<\/strong> (due aux plantations sous serre des plants d&rsquo;\u00e9t\u00e9 de l\u00e9gumes fruits qui ne donnent pas encore et au d\u00e9marrage plus ou moins rapide de la production de plein champ), je pense aux coulis de tomates, \u00e0 la culture d&rsquo; haricots secs.<\/p>\n<p style=\"text-align: justify;\"><strong>Si vous avez des id\u00e9es, je suis \u00e0 l&rsquo;\u00e9coute.<\/strong><\/p>\n<p style=\"text-align: justify;\">Bonne saison d&rsquo;hiver et bonne d\u00e9gustation, n&rsquo;h\u00e9sitez pas \u00e0 partager avec moi vos impressions, elles m&rsquo;int\u00e9ressent&#8230;<\/p>\n<p><em>S\u00e9verine.<\/em><\/p>\n","protected":false},"excerpt":{"rendered":"<p>Bonjour \u00e0 toutes et \u00e0 tous, Cette saison d&rsquo;\u00e9t\u00e9 a encore une fois \u00e9t\u00e9 compliqu\u00e9e mais n&rsquo;est ce pas le propre de l&rsquo;agriculteur que de s&rsquo;adapter aux conditions climatiques&#8230; et \u00e0 ses amapiens de le comprendre&#8230; Je tire encore des &hellip; <a href=\"https:\/\/www.lesjardinsdelaroussiere.fr\/?p=5423\">Continuer la lecture <span class=\"meta-nav\">&rarr;<\/span><\/a><\/p>\n","protected":false},"author":2,"featured_media":0,"comment_status":"closed","ping_status":"open","sticky":false,"template":"","format":"standard","meta":[],"categories":[6],"tags":[170,265,264,36,266,263],"views":2242,"_links":{"self":[{"href":"https:\/\/www.lesjardinsdelaroussiere.fr\/index.php?rest_route=\/wp\/v2\/posts\/5423"}],"collection":[{"href":"https:\/\/www.lesjardinsdelaroussiere.fr\/index.php?rest_route=\/wp\/v2\/posts"}],"about":[{"href":"https:\/\/www.lesjardinsdelaroussiere.fr\/index.php?rest_route=\/wp\/v2\/types\/post"}],"author":[{"embeddable":true,"href":"https:\/\/www.lesjardinsdelaroussiere.fr\/index.php?rest_route=\/wp\/v2\/users\/2"}],"replies":[{"embeddable":true,"href":"https:\/\/www.lesjardinsdelaroussiere.fr\/index.php?rest_route=%2Fwp%2Fv2%2Fcomments&post=5423"}],"version-history":[{"count":8,"href":"https:\/\/www.lesjardinsdelaroussiere.fr\/index.php?rest_route=\/wp\/v2\/posts\/5423\/revisions"}],"predecessor-version":[{"id":5433,"href":"https:\/\/www.lesjardinsdelaroussiere.fr\/index.php?rest_route=\/wp\/v2\/posts\/5423\/revisions\/5433"}],"wp:attachment":[{"href":"https:\/\/www.lesjardinsdelaroussiere.fr\/index.php?rest_route=%2Fwp%2Fv2%2Fmedia&parent=5423"}],"wp:term":[{"taxonomy":"category","embeddable":true,"href":"https:\/\/www.lesjardinsdelaroussiere.fr\/index.php?rest_route=%2Fwp%2Fv2%2Fcategories&post=5423"},{"taxonomy":"post_tag","embeddable":true,"href":"https:\/\/www.lesjardinsdelaroussiere.fr\/index.php?rest_route=%2Fwp%2Fv2%2Ftags&post=5423"}],"curies":[{"name":"wp","href":"https:\/\/api.w.org\/{rel}","templated":true}]}}